{"id":3694,"date":"2023-03-24T08:38:11","date_gmt":"2023-03-24T07:38:11","guid":{"rendered":"https:\/\/agora.xtec.cat\/insdesantacoloma\/?p=3694"},"modified":"2023-04-23T13:07:03","modified_gmt":"2023-04-23T11:07:03","slug":"taller-de-rap-amb-laula-dacollida","status":"publish","type":"post","link":"https:\/\/agora.xtec.cat\/insdesantacoloma\/general\/taller-de-rap-amb-laula-dacollida\/","title":{"rendered":"Taller de RAP amb l&#8217;aula d&#8217;acollida"},"content":{"rendered":"<p>Durant aquest segon trimestre, l&#8217;alumnat que assisteix a l&#8217;aula d&#8217;acollida ha realitzat un taller de Rap gr\u00e0cies a la iniciativa de l&#8217;organitzaci\u00f3 \u00d2mnium. Han gestionat i organitzat una s\u00e8rie d&#8217;activitats per promoure el catal\u00e0 a les escoles i instituts. En el nostre cas, l&#8217;associaci\u00f3 <a href=\"https:\/\/versembrant.cat\/\">Versembrant <\/a>ens ha ajudat a crear un rap amb l&#8217;alumnat!<\/p>\n<p><a href=\"https:\/\/agora.xtec.cat\/insdesantacoloma\/wp-content\/uploads\/usu1849\/2023\/03\/IMG-20230301-WA0014.jpg\"><img loading=\"lazy\" decoding=\"async\" class=\"aligncenter wp-image-3705 \" src=\"https:\/\/agora.xtec.cat\/insdesantacoloma\/wp-content\/uploads\/usu1849\/2023\/03\/IMG-20230301-WA0014-1024x494.jpg\" alt=\"\" width=\"757\" height=\"365\" srcset=\"https:\/\/agora.xtec.cat\/insdesantacoloma\/wp-content\/uploads\/usu1849\/2023\/03\/IMG-20230301-WA0014-1024x494.jpg 1024w, https:\/\/agora.xtec.cat\/insdesantacoloma\/wp-content\/uploads\/usu1849\/2023\/03\/IMG-20230301-WA0014-300x145.jpg 300w, https:\/\/agora.xtec.cat\/insdesantacoloma\/wp-content\/uploads\/usu1849\/2023\/03\/IMG-20230301-WA0014-768x371.jpg 768w, https:\/\/agora.xtec.cat\/insdesantacoloma\/wp-content\/uploads\/usu1849\/2023\/03\/IMG-20230301-WA0014-1536x741.jpg 1536w, https:\/\/agora.xtec.cat\/insdesantacoloma\/wp-content\/uploads\/usu1849\/2023\/03\/IMG-20230301-WA0014.jpg 1844w\" sizes=\"auto, (max-width: 757px) 100vw, 757px\" \/><\/a><\/p>\n<p>Han fet diverses sessions on ha creat primer la lletra de la seva can\u00e7\u00f3 i despr\u00e9s s&#8217;ha portat a terme la gravaci\u00f3. Us deixem algunes fotografies del proc\u00e9s i l&#8217;enlla\u00e7 al nostre compte de youtube per escoltar la can\u00e7\u00f3: <a Target=\"_blank\" href=\"https:\/\/youtu.be\/Gthv6IYAMt0\">RAP Aula d&#8217;Acollida<\/a>.<\/p>\n<p>&nbsp;<\/p>\n<p>Tamb\u00e9 us compartim la lletra del rap:<\/p>\n<p style=\"text-align: left;\"><strong><em>Som animals tancats en una g\u00e0bia, aquesta situaci\u00f3 em fa molta r\u00e0bia.<\/em><\/strong><\/p>\n<p><strong><em>En aix\u00f2 que diu no tens la ra\u00f3, per al\u00e7ar la veu cal que siguem tots.<a href=\"https:\/\/agora.xtec.cat\/insdesantacoloma\/wp-content\/uploads\/usu1849\/2023\/03\/IMG-20230301-WA0001.jpg\"><img loading=\"lazy\" decoding=\"async\" class=\"size-medium wp-image-3699 alignright\" src=\"https:\/\/agora.xtec.cat\/insdesantacoloma\/wp-content\/uploads\/usu1849\/2023\/03\/IMG-20230301-WA0001-225x300.jpg\" alt=\"\" width=\"225\" height=\"300\" srcset=\"https:\/\/agora.xtec.cat\/insdesantacoloma\/wp-content\/uploads\/usu1849\/2023\/03\/IMG-20230301-WA0001-225x300.jpg 225w, https:\/\/agora.xtec.cat\/insdesantacoloma\/wp-content\/uploads\/usu1849\/2023\/03\/IMG-20230301-WA0001-768x1024.jpg 768w, https:\/\/agora.xtec.cat\/insdesantacoloma\/wp-content\/uploads\/usu1849\/2023\/03\/IMG-20230301-WA0001-1152x1536.jpg 1152w, https:\/\/agora.xtec.cat\/insdesantacoloma\/wp-content\/uploads\/usu1849\/2023\/03\/IMG-20230301-WA0001.jpg 1200w\" sizes=\"auto, (max-width: 225px) 100vw, 225px\" \/><\/a><\/em><\/strong><\/p>\n<p><strong><em>Acceptem totes les cultures d&#8217;un pa\u00eds, jo tinc dret a estar aqu\u00ed.<\/em><\/strong><\/p>\n<p><strong><em>M&#8217;enfaden les mirades pel carrer, aix\u00f2 \u00e9s casa teva i casa meva tamb\u00e9.<\/em><\/strong><\/p>\n<p><strong><em>Som animals tancats en una g\u00e0bia, jo vull respecte.<\/em><\/strong><\/p>\n<p><strong><em>Jo vull persones s\u00e0vies, no vull males mirades, jo vull bones paraules.<\/em><\/strong><\/p>\n<p>&nbsp;<\/p>\n<p><strong><em>No importa el color de pell d&#8217;una persona, importen els valors aix\u00ed que pensa i reflexiona.<\/em><\/strong><\/p>\n<p><strong><em>Quan alg\u00fa migra \u00e9s perqu\u00e8 vol un futur millor, per aix\u00f2 necessitem m\u00e9s respecte i menys rancor.<\/em><\/strong><\/p>\n<p><strong><em>El que penses fa f\u00e0stic, viure aqu\u00ed no \u00e9s gens f\u00e0cil.<a href=\"https:\/\/agora.xtec.cat\/insdesantacoloma\/wp-content\/uploads\/usu1849\/2023\/03\/IMG-20230301-WA0002.jpg\"><img loading=\"lazy\" decoding=\"async\" class=\"size-medium wp-image-3700 alignright\" src=\"https:\/\/agora.xtec.cat\/insdesantacoloma\/wp-content\/uploads\/usu1849\/2023\/03\/IMG-20230301-WA0002-225x300.jpg\" alt=\"\" width=\"225\" height=\"300\" srcset=\"https:\/\/agora.xtec.cat\/insdesantacoloma\/wp-content\/uploads\/usu1849\/2023\/03\/IMG-20230301-WA0002-225x300.jpg 225w, https:\/\/agora.xtec.cat\/insdesantacoloma\/wp-content\/uploads\/usu1849\/2023\/03\/IMG-20230301-WA0002-768x1024.jpg 768w, https:\/\/agora.xtec.cat\/insdesantacoloma\/wp-content\/uploads\/usu1849\/2023\/03\/IMG-20230301-WA0002-1152x1536.jpg 1152w, https:\/\/agora.xtec.cat\/insdesantacoloma\/wp-content\/uploads\/usu1849\/2023\/03\/IMG-20230301-WA0002.jpg 1200w\" sizes=\"auto, (max-width: 225px) 100vw, 225px\" \/><\/a><\/em><\/strong><\/p>\n<p><strong><em>Jo canto rap en catal\u00e0, molt r\u00e0pid. Tot el que fem \u00e9s fant\u00e0stic. Tot el que fem \u00e9s fant\u00e0stic.<\/em><\/strong><\/p>\n<p><strong><em>No hi ha respecte de cap persona dolenta, aquestes paraules ens afecten.<\/em><\/strong><\/p>\n<p><strong><em>Aqu\u00ed som persones bones tot i tenir defectes.\u00a0<\/em><\/strong><\/p>\n<p>&nbsp;<\/p>\n<p><strong><em>En aix\u00f2 que dius, no tens la ra\u00f3, ara t&#8217;ho explicar\u00e9 en aquesta can\u00e7\u00f3.<\/em><\/strong><\/p>\n<p><strong><em>Hem vingut aqu\u00ed per una oportunitat, per estar amb la meva mare.<\/em><\/strong><\/p>\n<p><strong><em>El racisme no \u00e9s un joc.<\/em><\/strong><\/p>\n<p><strong><em>Soc feli\u00e7 amb el meu color de pell, el que tu dius no canvia la meva forma de ser.<\/em><\/strong><br \/>\n<a href=\"https:\/\/agora.xtec.cat\/insdesantacoloma\/wp-content\/uploads\/usu1849\/2023\/03\/IMG-20230301-WA0008.jpg\"><img loading=\"lazy\" decoding=\"async\" class=\"size-medium wp-image-3703 alignright\" src=\"https:\/\/agora.xtec.cat\/insdesantacoloma\/wp-content\/uploads\/usu1849\/2023\/03\/IMG-20230301-WA0008-225x300.jpg\" alt=\"\" width=\"225\" height=\"300\" srcset=\"https:\/\/agora.xtec.cat\/insdesantacoloma\/wp-content\/uploads\/usu1849\/2023\/03\/IMG-20230301-WA0008-225x300.jpg 225w, https:\/\/agora.xtec.cat\/insdesantacoloma\/wp-content\/uploads\/usu1849\/2023\/03\/IMG-20230301-WA0008-768x1024.jpg 768w, https:\/\/agora.xtec.cat\/insdesantacoloma\/wp-content\/uploads\/usu1849\/2023\/03\/IMG-20230301-WA0008-1152x1536.jpg 1152w, https:\/\/agora.xtec.cat\/insdesantacoloma\/wp-content\/uploads\/usu1849\/2023\/03\/IMG-20230301-WA0008.jpg 1200w\" sizes=\"auto, (max-width: 225px) 100vw, 225px\" \/><\/a><br \/>\n<strong><em>Per\u00f2 una valenta, mai es pot rendir.<\/em><\/strong><\/p>\n<p>&nbsp;<\/p>\n<p><strong><em>Aquesta situaci\u00f3 em fa molta r\u00e0bia, critiquen les cultures, aix\u00f2 no canvia.<\/em><\/strong><\/p>\n<p><strong><em>Esperant un canvi gran en la humanitat, amaguen les arrels per encaixar a la societat.<\/em><\/strong><\/p>\n<p><strong><em>Jutgen les persones pel seu color, la seva forma de parlar que provoca dolor,<\/em><\/strong><\/p>\n<p><strong><em>&#8220;\u00bfQu\u00e9 fue mano?&#8221; em critiques per la meva naci\u00f3, a veure si te n&#8217;adones fomentes la desuni\u00f3.<\/em><\/strong><\/p>\n<p><strong><em>Hi ha persones que no accepten un altre color de pell, aquestes persones tenen poc cervell.<\/em><\/strong><\/p>\n<p><strong><em>Em fa molta r\u00e0bia que insultin el meu pa\u00eds. Tots som iguals! &#8220;Yo no s\u00e9 de <span class=\"hiddenSpellError\">qu\u00e9<\/span>\u00a0os\u00a0<span class=\"hiddenSpellError\">re\u00eds<\/span>!&#8221;<\/em><\/strong><\/p>\n<p><strong><em>A mi m&#8217;enfada que les persones no respecten, tu que m&#8217;insultes tampoc ets perfecte.<\/em><\/strong><\/p>\n<p><strong><em>Em diuen que me&#8217;n vagi al meu pa\u00eds, doncs potser all\u00e0 jo era m\u00e9s feli\u00e7.<\/em><\/strong><\/p>\n<p>&nbsp;<\/p>\n<p><strong><em><a href=\"https:\/\/agora.xtec.cat\/insdesantacoloma\/wp-content\/uploads\/usu1849\/2023\/03\/IMG-20230301-WA0011.jpg\"><img loading=\"lazy\" decoding=\"async\" class=\"size-medium wp-image-3704 alignright\" src=\"https:\/\/agora.xtec.cat\/insdesantacoloma\/wp-content\/uploads\/usu1849\/2023\/03\/IMG-20230301-WA0011-225x300.jpg\" alt=\"\" width=\"225\" height=\"300\" srcset=\"https:\/\/agora.xtec.cat\/insdesantacoloma\/wp-content\/uploads\/usu1849\/2023\/03\/IMG-20230301-WA0011-225x300.jpg 225w, https:\/\/agora.xtec.cat\/insdesantacoloma\/wp-content\/uploads\/usu1849\/2023\/03\/IMG-20230301-WA0011-768x1024.jpg 768w, https:\/\/agora.xtec.cat\/insdesantacoloma\/wp-content\/uploads\/usu1849\/2023\/03\/IMG-20230301-WA0011-1152x1536.jpg 1152w, https:\/\/agora.xtec.cat\/insdesantacoloma\/wp-content\/uploads\/usu1849\/2023\/03\/IMG-20230301-WA0011.jpg 1200w\" sizes=\"auto, (max-width: 225px) 100vw, 225px\" \/><\/a><\/em><\/strong><\/p>\n<p><strong><em>La gent que discrimina \u00e9s inconscient, per\u00f2 tu sols has d&#8217;esperar el teu moment, ser pacient.<\/em><\/strong><\/p>\n<p><strong><em>&#8220;<span class=\"hiddenSpellError\">S\u00f3lo<\/span>\u00a0<span class=\"hiddenSpellError\">tienes<\/span>\u00a0que seguir tus\u00a0<span class=\"hiddenSpellError\">sue\u00f1os<\/span>, s\u00e9 <span class=\"hiddenSpellError\">feliz con ello<\/span>\u00a0<span class=\"hiddenGrammarError\">y<\/span>\u00a0<span class=\"hiddenSpellError\">vuela<\/span>\u00a0<span class=\"hiddenSpellError\">cual<\/span>\u00a0<span class=\"hiddenSpellError\">destello<\/span>&#8230;&#8221;<\/em><\/strong><\/p>\n<p><strong><em>Quan alg\u00fa m&#8217;insulta sento molta tristesa.<\/em><\/strong><\/p>\n<p><strong><em>Estar tots units \u00e9s la nostra fortalesa, diferents arrels, <span class=\"hiddenGrammarError\">la mateixa bellesa<\/span>.<\/em><\/strong><\/p>\n<p><strong><em>Contra el racisme\u00a0<span class=\"hiddenSpellError\">Santaco<\/span>\u00a0contesta!<\/em><\/strong><\/p>\n","protected":false},"excerpt":{"rendered":"<p>Durant aquest segon trimestre, l&#8217;alumnat que assisteix a l&#8217;aula d&#8217;acollida ha realitzat un taller de Rap gr\u00e0cies a la iniciativa [&hellip;]<\/p>\n","protected":false},"author":1,"featured_media":3697,"comment_status":"open","ping_status":"closed","sticky":false,"template":"","format":"standard","meta":{"_bbp_topic_count":0,"_bbp_reply_count":0,"_bbp_total_topic_count":0,"_bbp_total_reply_count":0,"_bbp_voice_count":0,"_bbp_anonymous_reply_count":0,"_bbp_topic_count_hidden":0,"_bbp_reply_count_hidden":0,"_bbp_forum_subforum_count":0,"site-sidebar-layout":"default","site-content-layout":"","ast-site-content-layout":"","site-content-style":"default","site-sidebar-style":"default","ast-global-header-display":"","ast-banner-title-visibility":"","ast-main-header-display":"","ast-hfb-above-header-display":"","ast-hfb-below-header-display":"","ast-hfb-mobile-header-display":"","site-post-title":"","ast-breadcrumbs-content":"","ast-featured-img":"","footer-sml-layout":"","theme-transparent-header-meta":"","adv-header-id-meta":"","stick-header-meta":"","header-above-stick-meta":"","header-main-stick-meta":"","header-below-stick-meta":"","astra-migrate-meta-layouts":"default","ast-page-background-enabled":"default","ast-page-background-meta":{"desktop":{"background-color":"var(--ast-global-color-4)","background-image":"","background-repeat":"repeat","background-position":"center center","background-size":"auto","background-attachment":"scroll","background-type":"","background-media":"","overlay-type":"","overlay-color":"","overlay-opacity":"","overlay-gradient":""},"tablet":{"background-color":"","background-image":"","background-repeat":"repeat","background-position":"center center","background-size":"auto","background-attachment":"scroll","background-type":"","background-media":"","overlay-type":"","overlay-color":"","overlay-opacity":"","overlay-gradient":""},"mobile":{"background-color":"","background-image":"","background-repeat":"repeat","background-position":"center center","background-size":"auto","background-attachment":"scroll","background-type":"","background-media":"","overlay-type":"","overlay-color":"","overlay-opacity":"","overlay-gradient":""}},"ast-content-background-meta":{"desktop":{"background-color":"var(--ast-global-color-5)","background-image":"","background-repeat":"repeat","background-position":"center center","background-size":"auto","background-attachment":"scroll","background-type":"","background-media":"","overlay-type":"","overlay-color":"","overlay-opacity":"","overlay-gradient":""},"tablet":{"background-color":"var(--ast-global-color-5)","background-image":"","background-repeat":"repeat","background-position":"center center","background-size":"auto","background-attachment":"scroll","background-type":"","background-media":"","overlay-type":"","overlay-color":"","overlay-opacity":"","overlay-gradient":""},"mobile":{"background-color":"var(--ast-global-color-5)","background-image":"","background-repeat":"repeat","background-position":"center center","background-size":"auto","background-attachment":"scroll","background-type":"","background-media":"","overlay-type":"","overlay-color":"","overlay-opacity":"","overlay-gradient":""}},"footnotes":""},"categories":[3,1,29],"tags":[],"class_list":["post-3694","post","type-post","status-publish","format-standard","has-post-thumbnail","hentry","category-eso","category-general","category-portada"],"post_mailing_queue_ids":[],"_links":{"self":[{"href":"https:\/\/agora.xtec.cat\/insdesantacoloma\/wp-json\/wp\/v2\/posts\/3694","targetHints":{"allow":["GET"]}}],"collection":[{"href":"https:\/\/agora.xtec.cat\/insdesantacoloma\/wp-json\/wp\/v2\/posts"}],"about":[{"href":"https:\/\/agora.xtec.cat\/insdesantacoloma\/wp-json\/wp\/v2\/types\/post"}],"author":[{"embeddable":true,"href":"https:\/\/agora.xtec.cat\/insdesantacoloma\/wp-json\/wp\/v2\/users\/1"}],"replies":[{"embeddable":true,"href":"https:\/\/agora.xtec.cat\/insdesantacoloma\/wp-json\/wp\/v2\/comments?post=3694"}],"version-history":[{"count":4,"href":"https:\/\/agora.xtec.cat\/insdesantacoloma\/wp-json\/wp\/v2\/posts\/3694\/revisions"}],"predecessor-version":[{"id":3721,"href":"https:\/\/agora.xtec.cat\/insdesantacoloma\/wp-json\/wp\/v2\/posts\/3694\/revisions\/3721"}],"wp:featuredmedia":[{"embeddable":true,"href":"https:\/\/agora.xtec.cat\/insdesantacoloma\/wp-json\/wp\/v2\/media\/3697"}],"wp:attachment":[{"href":"https:\/\/agora.xtec.cat\/insdesantacoloma\/wp-json\/wp\/v2\/media?parent=3694"}],"wp:term":[{"taxonomy":"category","embeddable":true,"href":"https:\/\/agora.xtec.cat\/insdesantacoloma\/wp-json\/wp\/v2\/categories?post=3694"},{"taxonomy":"post_tag","embeddable":true,"href":"https:\/\/agora.xtec.cat\/insdesantacoloma\/wp-json\/wp\/v2\/tags?post=3694"}],"curies":[{"name":"wp","href":"https:\/\/api.w.org\/{rel}","templated":true}]}}