{"id":3601,"date":"2023-02-28T15:37:26","date_gmt":"2023-02-28T14:37:26","guid":{"rendered":"https:\/\/agora.xtec.cat\/insdesantacoloma\/?p=3601"},"modified":"2023-03-11T21:35:50","modified_gmt":"2023-03-11T20:35:50","slug":"linstitut-9-a-praga","status":"publish","type":"post","link":"https:\/\/agora.xtec.cat\/insdesantacoloma\/general\/linstitut-9-a-praga\/","title":{"rendered":"L&#8217;INSTITUT 9 A PRAGA"},"content":{"rendered":"<p><a href=\"https:\/\/agora.xtec.cat\/insdesantacoloma\/wp-content\/uploads\/usu1849\/2023\/02\/Gamificacio-a-laula-Post-de-Instagram-Cuadrado-1-e1677512629895.png\"><img loading=\"lazy\" decoding=\"async\" class=\"wp-image-3607 alignleft\" src=\"https:\/\/agora.xtec.cat\/insdesantacoloma\/wp-content\/uploads\/usu1849\/2023\/02\/Gamificacio-a-laula-Post-de-Instagram-Cuadrado-1-e1677512629895-300x268.png\" alt=\"\" width=\"461\" height=\"411\" srcset=\"https:\/\/agora.xtec.cat\/insdesantacoloma\/wp-content\/uploads\/usu1849\/2023\/02\/Gamificacio-a-laula-Post-de-Instagram-Cuadrado-1-e1677512629895-300x268.png 300w, https:\/\/agora.xtec.cat\/insdesantacoloma\/wp-content\/uploads\/usu1849\/2023\/02\/Gamificacio-a-laula-Post-de-Instagram-Cuadrado-1-e1677512629895-1024x913.png 1024w, https:\/\/agora.xtec.cat\/insdesantacoloma\/wp-content\/uploads\/usu1849\/2023\/02\/Gamificacio-a-laula-Post-de-Instagram-Cuadrado-1-e1677512629895-768x685.png 768w, https:\/\/agora.xtec.cat\/insdesantacoloma\/wp-content\/uploads\/usu1849\/2023\/02\/Gamificacio-a-laula-Post-de-Instagram-Cuadrado-1-e1677512629895.png 1080w\" sizes=\"auto, (max-width: 461px) 100vw, 461px\" \/><\/a><\/p>\n<p>&nbsp;<\/p>\n<p style=\"text-align: justify;\">L&#8217;institut 9 participa en projectes internacionals per poder formar el professorat especialista i con\u00e8ixer altres metodologies did\u00e0ctiques i pedag\u00f2giques en diferents pa\u00efsos. \u00c9s per aix\u00f2 que, igual que a l&#8217;inici de curs dues professores del centre van visitar Est\u00f2nia, \u00e9s interessant compartir la formaci\u00f3 de dos professors durant els mesos d&#8217;estiu a Praga.<\/p>\n<p style=\"text-align: justify;\">\n<p style=\"text-align: justify;\">Aquest dos professors, el Cesc Sanf\u00e8lix i el Miquel Ru\u00edz, van tenir l&#8217;oportunitat de participar en una formaci\u00f3 a la Rep\u00fablica Txeca subvencionada per l&#8217;organitzaci\u00f3 Erasmus+.<\/p>\n<p style=\"text-align: justify;\">\n<p style=\"text-align: justify;\">\n<p>&nbsp;<\/p>\n<p style=\"text-align: justify;\">Els professors van assistir a un curs d&#8217;una setmana que es va celebrar a l<a href=\"https:\/\/agora.xtec.cat\/insdesantacoloma\/wp-content\/uploads\/usu1849\/2023\/02\/Gamificacio-a-laula-Post-de-Instagram-Cuadrado-e1677512699124.png\"><img loading=\"lazy\" decoding=\"async\" class=\"wp-image-3608 alignright\" src=\"https:\/\/agora.xtec.cat\/insdesantacoloma\/wp-content\/uploads\/usu1849\/2023\/02\/Gamificacio-a-laula-Post-de-Instagram-Cuadrado-e1677512699124-300x268.png\" alt=\"\" width=\"471\" height=\"421\" srcset=\"https:\/\/agora.xtec.cat\/insdesantacoloma\/wp-content\/uploads\/usu1849\/2023\/02\/Gamificacio-a-laula-Post-de-Instagram-Cuadrado-e1677512699124-300x268.png 300w, https:\/\/agora.xtec.cat\/insdesantacoloma\/wp-content\/uploads\/usu1849\/2023\/02\/Gamificacio-a-laula-Post-de-Instagram-Cuadrado-e1677512699124-1024x916.png 1024w, https:\/\/agora.xtec.cat\/insdesantacoloma\/wp-content\/uploads\/usu1849\/2023\/02\/Gamificacio-a-laula-Post-de-Instagram-Cuadrado-e1677512699124-768x687.png 768w, https:\/\/agora.xtec.cat\/insdesantacoloma\/wp-content\/uploads\/usu1849\/2023\/02\/Gamificacio-a-laula-Post-de-Instagram-Cuadrado-e1677512699124.png 1080w\" sizes=\"auto, (max-width: 471px) 100vw, 471px\" \/><\/a>a ciutat de Praga amb altres professionals d&#8217;altres pa\u00efsos. En aquesta trobada es <strong>van formar en la metodologia de la Gamificaci\u00f3 de continguts.<\/strong><\/p>\n<p style=\"text-align: justify;\">\n<p style=\"text-align: justify;\">De fet, aquest curs va permetre aprendre noves estrat\u00e8gies i metodologies per a gamificar el contingut curricular i ludificar l&#8217;aula, amb la finalitat de treballar competencialment d&#8217;una manera m\u00e9s amena i motivadora per l&#8217;alumnat.<\/p>\n<p style=\"text-align: justify;\">\n<p style=\"text-align: justify;\">Despr\u00e9s d&#8217;aquesta estada, el professorat assistent va fer\u00a0 una <strong>petita exposici\u00f3 a la resta del claustre<\/strong>\u00a0del que van aprendre i la seva experi\u00e8ncia. La podeu veure en aquest enlla\u00e7: <a href=\"https:\/\/view.genial.ly\/6383b12f19670a0019906cb6\/presentation-jocs-a-laula-una-eina-daprenentatge\">Formaci\u00f3 en gamificaci\u00f3 a Praga.<\/a><\/p>\n<p style=\"text-align: justify;\">\n<p style=\"text-align: justify;\">\n<p style=\"text-align: justify;\">*<em>El projecte &#8220;SteamCat+&#8221; est\u00e0 cofinan\u00e7at pel programa Erasmus+ de la UE. El contingut d&#8217;aquest article \u00e9s resposabilitat exclusiva del nostre centre, l&#8217;Institut 9 de Santa Coloma de Gramenet, i ni la Comissi\u00f3 Europea ni el Servei Espanyol per la Internacionalitzaci\u00f3 de l&#8217;Educaci\u00f3 (SEPIE) s\u00f3n responsables de l&#8217;\u00fas que pugui fer-se de la informaci\u00f3 donada.<\/em><\/p>\n<p style=\"text-align: justify;\">\n<p><a href=\"https:\/\/agora.xtec.cat\/insdesantacoloma\/wp-content\/uploads\/usu1849\/2022\/11\/logobo-e1677512870553.png\"><img loading=\"lazy\" decoding=\"async\" class=\"wp-image-3593 alignright\" src=\"https:\/\/agora.xtec.cat\/insdesantacoloma\/wp-content\/uploads\/usu1849\/2022\/11\/logobo-e1677512870553-300x239.png\" alt=\"\" width=\"94\" height=\"75\" srcset=\"https:\/\/agora.xtec.cat\/insdesantacoloma\/wp-content\/uploads\/usu1849\/2022\/11\/logobo-e1677512870553-300x239.png 300w, https:\/\/agora.xtec.cat\/insdesantacoloma\/wp-content\/uploads\/usu1849\/2022\/11\/logobo-e1677512870553.png 643w\" sizes=\"auto, (max-width: 94px) 100vw, 94px\" \/><\/a><a href=\"https:\/\/agora.xtec.cat\/insdesantacoloma\/wp-content\/uploads\/usu1849\/2022\/11\/LOGO-Erasmus.png\"><img loading=\"lazy\" decoding=\"async\" class=\"size-medium wp-image-3592 alignleft\" src=\"https:\/\/agora.xtec.cat\/insdesantacoloma\/wp-content\/uploads\/usu1849\/2022\/11\/LOGO-Erasmus-300x73.png\" alt=\"\" width=\"300\" height=\"73\" srcset=\"https:\/\/agora.xtec.cat\/insdesantacoloma\/wp-content\/uploads\/usu1849\/2022\/11\/LOGO-Erasmus-300x73.png 300w, https:\/\/agora.xtec.cat\/insdesantacoloma\/wp-content\/uploads\/usu1849\/2022\/11\/LOGO-Erasmus-1024x249.png 1024w, https:\/\/agora.xtec.cat\/insdesantacoloma\/wp-content\/uploads\/usu1849\/2022\/11\/LOGO-Erasmus-768x187.png 768w, https:\/\/agora.xtec.cat\/insdesantacoloma\/wp-content\/uploads\/usu1849\/2022\/11\/LOGO-Erasmus-1536x373.png 1536w, https:\/\/agora.xtec.cat\/insdesantacoloma\/wp-content\/uploads\/usu1849\/2022\/11\/LOGO-Erasmus.png 1659w\" sizes=\"auto, (max-width: 300px) 100vw, 300px\" \/><\/a><a href=\"https:\/\/agora.xtec.cat\/insdesantacoloma\/wp-content\/uploads\/usu1849\/2022\/11\/SEPIE_erasmus_plus-1.gif\"><img loading=\"lazy\" decoding=\"async\" class=\"wp-image-3591 alignleft\" src=\"https:\/\/agora.xtec.cat\/insdesantacoloma\/wp-content\/uploads\/usu1849\/2022\/11\/SEPIE_erasmus_plus-1-300x111.gif\" alt=\"\" width=\"224\" height=\"83\" \/><\/a><\/p>\n","protected":false},"excerpt":{"rendered":"<p>&nbsp; L&#8217;institut 9 participa en projectes internacionals per poder formar el professorat especialista i con\u00e8ixer altres metodologies did\u00e0ctiques i pedag\u00f2giques [&hellip;]<\/p>\n","protected":false},"author":1,"featured_media":3607,"comment_status":"open","ping_status":"closed","sticky":false,"template":"","format":"standard","meta":{"_bbp_topic_count":0,"_bbp_reply_count":0,"_bbp_total_topic_count":0,"_bbp_total_reply_count":0,"_bbp_voice_count":0,"_bbp_anonymous_reply_count":0,"_bbp_topic_count_hidden":0,"_bbp_reply_count_hidden":0,"_bbp_forum_subforum_count":0,"site-sidebar-layout":"default","site-content-layout":"","ast-site-content-layout":"","site-content-style":"default","site-sidebar-style":"default","ast-global-header-display":"","ast-banner-title-visibility":"","ast-main-header-display":"","ast-hfb-above-header-display":"","ast-hfb-below-header-display":"","ast-hfb-mobile-header-display":"","site-post-title":"","ast-breadcrumbs-content":"","ast-featured-img":"","footer-sml-layout":"","theme-transparent-header-meta":"","adv-header-id-meta":"","stick-header-meta":"","header-above-stick-meta":"","header-main-stick-meta":"","header-below-stick-meta":"","astra-migrate-meta-layouts":"default","ast-page-background-enabled":"default","ast-page-background-meta":{"desktop":{"background-color":"var(--ast-global-color-4)","background-image":"","background-repeat":"repeat","background-position":"center center","background-size":"auto","background-attachment":"scroll","background-type":"","background-media":"","overlay-type":"","overlay-color":"","overlay-opacity":"","overlay-gradient":""},"tablet":{"background-color":"","background-image":"","background-repeat":"repeat","background-position":"center center","background-size":"auto","background-attachment":"scroll","background-type":"","background-media":"","overlay-type":"","overlay-color":"","overlay-opacity":"","overlay-gradient":""},"mobile":{"background-color":"","background-image":"","background-repeat":"repeat","background-position":"center center","background-size":"auto","background-attachment":"scroll","background-type":"","background-media":"","overlay-type":"","overlay-color":"","overlay-opacity":"","overlay-gradient":""}},"ast-content-background-meta":{"desktop":{"background-color":"var(--ast-global-color-5)","background-image":"","background-repeat":"repeat","background-position":"center center","background-size":"auto","background-attachment":"scroll","background-type":"","background-media":"","overlay-type":"","overlay-color":"","overlay-opacity":"","overlay-gradient":""},"tablet":{"background-color":"var(--ast-global-color-5)","background-image":"","background-repeat":"repeat","background-position":"center center","background-size":"auto","background-attachment":"scroll","background-type":"","background-media":"","overlay-type":"","overlay-color":"","overlay-opacity":"","overlay-gradient":""},"mobile":{"background-color":"var(--ast-global-color-5)","background-image":"","background-repeat":"repeat","background-position":"center center","background-size":"auto","background-attachment":"scroll","background-type":"","background-media":"","overlay-type":"","overlay-color":"","overlay-opacity":"","overlay-gradient":""}},"footnotes":""},"categories":[3,1,29,243],"tags":[],"class_list":["post-3601","post","type-post","status-publish","format-standard","has-post-thumbnail","hentry","category-eso","category-general","category-portada","category-projectes-erasmus"],"post_mailing_queue_ids":[],"_links":{"self":[{"href":"https:\/\/agora.xtec.cat\/insdesantacoloma\/wp-json\/wp\/v2\/posts\/3601","targetHints":{"allow":["GET"]}}],"collection":[{"href":"https:\/\/agora.xtec.cat\/insdesantacoloma\/wp-json\/wp\/v2\/posts"}],"about":[{"href":"https:\/\/agora.xtec.cat\/insdesantacoloma\/wp-json\/wp\/v2\/types\/post"}],"author":[{"embeddable":true,"href":"https:\/\/agora.xtec.cat\/insdesantacoloma\/wp-json\/wp\/v2\/users\/1"}],"replies":[{"embeddable":true,"href":"https:\/\/agora.xtec.cat\/insdesantacoloma\/wp-json\/wp\/v2\/comments?post=3601"}],"version-history":[{"count":3,"href":"https:\/\/agora.xtec.cat\/insdesantacoloma\/wp-json\/wp\/v2\/posts\/3601\/revisions"}],"predecessor-version":[{"id":3673,"href":"https:\/\/agora.xtec.cat\/insdesantacoloma\/wp-json\/wp\/v2\/posts\/3601\/revisions\/3673"}],"wp:featuredmedia":[{"embeddable":true,"href":"https:\/\/agora.xtec.cat\/insdesantacoloma\/wp-json\/wp\/v2\/media\/3607"}],"wp:attachment":[{"href":"https:\/\/agora.xtec.cat\/insdesantacoloma\/wp-json\/wp\/v2\/media?parent=3601"}],"wp:term":[{"taxonomy":"category","embeddable":true,"href":"https:\/\/agora.xtec.cat\/insdesantacoloma\/wp-json\/wp\/v2\/categories?post=3601"},{"taxonomy":"post_tag","embeddable":true,"href":"https:\/\/agora.xtec.cat\/insdesantacoloma\/wp-json\/wp\/v2\/tags?post=3601"}],"curies":[{"name":"wp","href":"https:\/\/api.w.org\/{rel}","templated":true}]}}