{"id":3587,"date":"2023-02-24T19:00:18","date_gmt":"2023-02-24T18:00:18","guid":{"rendered":"https:\/\/agora.xtec.cat\/insdesantacoloma\/?p=3587"},"modified":"2023-04-23T13:13:22","modified_gmt":"2023-04-23T11:13:22","slug":"carnestoltes-al-9","status":"publish","type":"post","link":"https:\/\/agora.xtec.cat\/insdesantacoloma\/general\/carnestoltes-al-9\/","title":{"rendered":"Carnestoltes al 9"},"content":{"rendered":"<p style=\"text-align: justify;\">Divendres passat, dia 17 de febrer, vam celebrar a l&#8217;institut el carnaval com cada any.<a href=\"https:\/\/agora.xtec.cat\/insdesantacoloma\/wp-content\/uploads\/usu1849\/2023\/02\/carnaval-portada.png\"><img loading=\"lazy\" decoding=\"async\" class=\"size-medium wp-image-3588 alignright\" src=\"https:\/\/agora.xtec.cat\/insdesantacoloma\/wp-content\/uploads\/usu1849\/2023\/02\/carnaval-portada-300x300.png\" alt=\"\" width=\"300\" height=\"300\" srcset=\"https:\/\/agora.xtec.cat\/insdesantacoloma\/wp-content\/uploads\/usu1849\/2023\/02\/carnaval-portada-300x300.png 300w, https:\/\/agora.xtec.cat\/insdesantacoloma\/wp-content\/uploads\/usu1849\/2023\/02\/carnaval-portada-1024x1024.png 1024w, https:\/\/agora.xtec.cat\/insdesantacoloma\/wp-content\/uploads\/usu1849\/2023\/02\/carnaval-portada-150x150.png 150w, https:\/\/agora.xtec.cat\/insdesantacoloma\/wp-content\/uploads\/usu1849\/2023\/02\/carnaval-portada-768x768.png 768w, https:\/\/agora.xtec.cat\/insdesantacoloma\/wp-content\/uploads\/usu1849\/2023\/02\/carnaval-portada.png 1080w\" sizes=\"auto, (max-width: 300px) 100vw, 300px\" \/><\/a><\/p>\n<p style=\"text-align: justify;\">L&#8217;alumnat ha estat preparant durant setmanes la disfressa i coreografia, aix\u00ed com l&#8217;attrezzo i decoraci\u00f3 necess\u00e0ria per participar un any m\u00e9s a la festivitat.<\/p>\n<p style=\"text-align: justify;\">Durant el mat\u00ed es va preparar tot al camp de futbol per poder gaudir de la festa, veient totes les actuacions de cadascun dels grups, incl\u00f2s batxillerat. Finalment, es van donar 4 premis:<\/p>\n<ul style=\"text-align: justify;\">\n<li><strong>Millor coreografia:<\/strong> &#8220;Stickman, la rutina del dia a dia&#8221; per 1rC i &#8220;Els premis del 9!&#8221; per 2nB<\/li>\n<li><strong>Millor disfressa<\/strong>: &#8220;Un diumenge qualsevol&#8221; per 2nC<\/li>\n<li><strong>Millor comparsa<\/strong>: &#8220;Ball universal&#8221; per 3r C<\/li>\n<\/ul>\n<p style=\"text-align: justify;\">Us deixem el v\u00eddeo de tots els grups, incl\u00f2s el professorat en el seg\u00fcent enlla\u00e7: <a Target=\"_blank\" href=\"https:\/\/www.youtube.com\/watch?v=59ya99OclJY\">V\u00cdDEO CARNAVAL &#8217;23<\/a><\/p>\n<p style=\"text-align: justify;\">Esperem que us agradi i com sempre, agra\u00efm la implicaci\u00f3 de tots i totes les participants!!<\/p>\n","protected":false},"excerpt":{"rendered":"<p>Divendres passat, dia 17 de febrer, vam celebrar a l&#8217;institut el carnaval com cada any. L&#8217;alumnat ha estat preparant durant [&hellip;]<\/p>\n","protected":false},"author":1,"featured_media":3588,"comment_status":"open","ping_status":"closed","sticky":false,"template":"","format":"standard","meta":{"_bbp_topic_count":0,"_bbp_reply_count":0,"_bbp_total_topic_count":0,"_bbp_total_reply_count":0,"_bbp_voice_count":0,"_bbp_anonymous_reply_count":0,"_bbp_topic_count_hidden":0,"_bbp_reply_count_hidden":0,"_bbp_forum_subforum_count":0,"site-sidebar-layout":"default","site-content-layout":"","ast-site-content-layout":"","site-content-style":"default","site-sidebar-style":"default","ast-global-header-display":"","ast-banner-title-visibility":"","ast-main-header-display":"","ast-hfb-above-header-display":"","ast-hfb-below-header-display":"","ast-hfb-mobile-header-display":"","site-post-title":"","ast-breadcrumbs-content":"","ast-featured-img":"","footer-sml-layout":"","theme-transparent-header-meta":"","adv-header-id-meta":"","stick-header-meta":"","header-above-stick-meta":"","header-main-stick-meta":"","header-below-stick-meta":"","astra-migrate-meta-layouts":"default","ast-page-background-enabled":"default","ast-page-background-meta":{"desktop":{"background-color":"var(--ast-global-color-4)","background-image":"","background-repeat":"repeat","background-position":"center center","background-size":"auto","background-attachment":"scroll","background-type":"","background-media":"","overlay-type":"","overlay-color":"","overlay-opacity":"","overlay-gradient":""},"tablet":{"background-color":"","background-image":"","background-repeat":"repeat","background-position":"center center","background-size":"auto","background-attachment":"scroll","background-type":"","background-media":"","overlay-type":"","overlay-color":"","overlay-opacity":"","overlay-gradient":""},"mobile":{"background-color":"","background-image":"","background-repeat":"repeat","background-position":"center center","background-size":"auto","background-attachment":"scroll","background-type":"","background-media":"","overlay-type":"","overlay-color":"","overlay-opacity":"","overlay-gradient":""}},"ast-content-background-meta":{"desktop":{"background-color":"var(--ast-global-color-5)","background-image":"","background-repeat":"repeat","background-position":"center center","background-size":"auto","background-attachment":"scroll","background-type":"","background-media":"","overlay-type":"","overlay-color":"","overlay-opacity":"","overlay-gradient":""},"tablet":{"background-color":"var(--ast-global-color-5)","background-image":"","background-repeat":"repeat","background-position":"center center","background-size":"auto","background-attachment":"scroll","background-type":"","background-media":"","overlay-type":"","overlay-color":"","overlay-opacity":"","overlay-gradient":""},"mobile":{"background-color":"var(--ast-global-color-5)","background-image":"","background-repeat":"repeat","background-position":"center center","background-size":"auto","background-attachment":"scroll","background-type":"","background-media":"","overlay-type":"","overlay-color":"","overlay-opacity":"","overlay-gradient":""}},"footnotes":""},"categories":[242,8,3,1,29],"tags":[],"class_list":["post-3587","post","type-post","status-publish","format-standard","has-post-thumbnail","hentry","category-1r-batx","category-batxillerat","category-eso","category-general","category-portada"],"post_mailing_queue_ids":[],"_links":{"self":[{"href":"https:\/\/agora.xtec.cat\/insdesantacoloma\/wp-json\/wp\/v2\/posts\/3587","targetHints":{"allow":["GET"]}}],"collection":[{"href":"https:\/\/agora.xtec.cat\/insdesantacoloma\/wp-json\/wp\/v2\/posts"}],"about":[{"href":"https:\/\/agora.xtec.cat\/insdesantacoloma\/wp-json\/wp\/v2\/types\/post"}],"author":[{"embeddable":true,"href":"https:\/\/agora.xtec.cat\/insdesantacoloma\/wp-json\/wp\/v2\/users\/1"}],"replies":[{"embeddable":true,"href":"https:\/\/agora.xtec.cat\/insdesantacoloma\/wp-json\/wp\/v2\/comments?post=3587"}],"version-history":[{"count":3,"href":"https:\/\/agora.xtec.cat\/insdesantacoloma\/wp-json\/wp\/v2\/posts\/3587\/revisions"}],"predecessor-version":[{"id":3814,"href":"https:\/\/agora.xtec.cat\/insdesantacoloma\/wp-json\/wp\/v2\/posts\/3587\/revisions\/3814"}],"wp:featuredmedia":[{"embeddable":true,"href":"https:\/\/agora.xtec.cat\/insdesantacoloma\/wp-json\/wp\/v2\/media\/3588"}],"wp:attachment":[{"href":"https:\/\/agora.xtec.cat\/insdesantacoloma\/wp-json\/wp\/v2\/media?parent=3587"}],"wp:term":[{"taxonomy":"category","embeddable":true,"href":"https:\/\/agora.xtec.cat\/insdesantacoloma\/wp-json\/wp\/v2\/categories?post=3587"},{"taxonomy":"post_tag","embeddable":true,"href":"https:\/\/agora.xtec.cat\/insdesantacoloma\/wp-json\/wp\/v2\/tags?post=3587"}],"curies":[{"name":"wp","href":"https:\/\/api.w.org\/{rel}","templated":true}]}}