{"id":3567,"date":"2023-04-23T10:00:17","date_gmt":"2023-04-23T08:00:17","guid":{"rendered":"https:\/\/agora.xtec.cat\/insdesantacoloma\/?p=3567"},"modified":"2023-04-24T10:04:30","modified_gmt":"2023-04-24T08:04:30","slug":"reimaginat-videos-lliures-de-sexisme","status":"publish","type":"post","link":"https:\/\/agora.xtec.cat\/insdesantacoloma\/general\/reimaginat-videos-lliures-de-sexisme\/","title":{"rendered":"REIMAGINA&#8217;T: V\u00eddeos lliures de sexisme"},"content":{"rendered":"<p>Aquest 2n trimestre es va fer una proposta molt interessant des de la comissi\u00f3 d&#8217;igualtat del centre. Aquesta proposta est\u00e0 relacionada amb una iniciativa de l\u2019<a href=\"https:\/\/www.observatoridelesdones.org\/\" target=\"_blank\" rel=\"noopener noreferrer\"><strong>Observatori de les dones en els mitjans de comunicaci\u00f3<\/strong><\/a>\u00a0que impulsa la creaci\u00f3 i la difusi\u00f3 de <strong>v\u00eddeos lliures d\u2019estereotips sexistes<\/strong> realitzats per joves i dirigits al p\u00fablic jove.<a href=\"https:\/\/agora.xtec.cat\/insdesantacoloma\/wp-content\/uploads\/usu1849\/2023\/02\/IMG-20230201-WA0000-1.jpg\"><img loading=\"lazy\" decoding=\"async\" class=\" wp-image-3570 alignright\" src=\"https:\/\/agora.xtec.cat\/insdesantacoloma\/wp-content\/uploads\/usu1849\/2023\/02\/IMG-20230201-WA0000-1-300x140.jpg\" alt=\"\" width=\"394\" height=\"184\" srcset=\"https:\/\/agora.xtec.cat\/insdesantacoloma\/wp-content\/uploads\/usu1849\/2023\/02\/IMG-20230201-WA0000-1-300x140.jpg 300w, https:\/\/agora.xtec.cat\/insdesantacoloma\/wp-content\/uploads\/usu1849\/2023\/02\/IMG-20230201-WA0000-1-1024x478.jpg 1024w, https:\/\/agora.xtec.cat\/insdesantacoloma\/wp-content\/uploads\/usu1849\/2023\/02\/IMG-20230201-WA0000-1-768x359.jpg 768w, https:\/\/agora.xtec.cat\/insdesantacoloma\/wp-content\/uploads\/usu1849\/2023\/02\/IMG-20230201-WA0000-1-1536x717.jpg 1536w, https:\/\/agora.xtec.cat\/insdesantacoloma\/wp-content\/uploads\/usu1849\/2023\/02\/IMG-20230201-WA0000-1.jpg 1600w\" sizes=\"auto, (max-width: 394px) 100vw, 394px\" \/><\/a><\/p>\n<p>\u00c9s per aix\u00f2 que, durant aquests darrers mesos, un grup d&#8217;alumnes del centre ha estat fent trobades amb el professorat encarregat per poder portar a terme aquesta activitat, anomenada <strong><a href=\"https:\/\/reimaginat.observatoridelesdones.org\/\">Reimagina`t<\/a>.<\/strong><\/p>\n<p>El grup d&#8217;alumnes que ha participat ha estat format per alumnat de tots els nivells, des de 1r d&#8217;ESO fins a 4t.<\/p>\n<p>A partir d&#8217;aquesta iniciativa s\u2019ofereix la possibilitat a l\u2019alumnat de <strong>participar<\/strong> en un <strong>concurs<\/strong> on s\u2019haur\u00e0 <strong>d\u2019elaborar<\/strong> un <strong>v\u00eddeo lliure d\u2019estereotips i discriminacions<\/strong>. A partir del <strong>20 de mar\u00e7<\/strong> sabrem els i les guanyadors\/es de les diferents categories.<\/p>\n<p>Des del punt de vista dels joves, creiem que \u00e9s una oportunitat molt bona per realitzar una creaci\u00f3 audiovisual original i amb una mirada positiva cap a la diversitat de g\u00e8nere i afectivo \u2013sexual.<\/p>\n<p>Si cliqueu als seg\u00fcents enlla\u00e7os podreu veure els dos v\u00eddeos de les diferents categories:<\/p>\n<ul>\n<li><a href=\"https:\/\/youtu.be\/9Hy8UYP1UMY\" target=\"_blank\" rel=\"noopener\">Categoria 12-14 anys<\/a><\/li>\n<li><a href=\"https:\/\/youtu.be\/bOHVvDeGrpw\" target=\"_blank\" rel=\"noopener\">Categoria 14-16 anys<\/a><\/li>\n<\/ul>\n<p><a href=\"https:\/\/agora.xtec.cat\/insdesantacoloma\/wp-content\/uploads\/usu1849\/2023\/02\/video-reimaginat-1.png\"><img loading=\"lazy\" decoding=\"async\" class=\"aligncenter wp-image-3578 \" src=\"https:\/\/agora.xtec.cat\/insdesantacoloma\/wp-content\/uploads\/usu1849\/2023\/02\/video-reimaginat-1-1024x496.png\" alt=\"\" width=\"764\" height=\"370\" srcset=\"https:\/\/agora.xtec.cat\/insdesantacoloma\/wp-content\/uploads\/usu1849\/2023\/02\/video-reimaginat-1-1024x496.png 1024w, https:\/\/agora.xtec.cat\/insdesantacoloma\/wp-content\/uploads\/usu1849\/2023\/02\/video-reimaginat-1-300x145.png 300w, https:\/\/agora.xtec.cat\/insdesantacoloma\/wp-content\/uploads\/usu1849\/2023\/02\/video-reimaginat-1-768x372.png 768w, https:\/\/agora.xtec.cat\/insdesantacoloma\/wp-content\/uploads\/usu1849\/2023\/02\/video-reimaginat-1.png 1239w\" sizes=\"auto, (max-width: 764px) 100vw, 764px\" \/><\/a><\/p>\n<p>&nbsp;<\/p>\n<p><a href=\"https:\/\/agora.xtec.cat\/insdesantacoloma\/wp-content\/uploads\/usu1849\/2023\/02\/images-e1599554491778.jpg\"><img loading=\"lazy\" decoding=\"async\" class=\"alignnone wp-image-3573\" src=\"https:\/\/agora.xtec.cat\/insdesantacoloma\/wp-content\/uploads\/usu1849\/2023\/02\/images-e1599554491778.jpg\" alt=\"\" width=\"127\" height=\"95\" \/><\/a><a href=\"https:\/\/agora.xtec.cat\/insdesantacoloma\/wp-content\/uploads\/usu1849\/2023\/02\/4-1.jpg\"><img loading=\"lazy\" decoding=\"async\" class=\"wp-image-3575 alignright\" src=\"https:\/\/agora.xtec.cat\/insdesantacoloma\/wp-content\/uploads\/usu1849\/2023\/02\/4-1-300x300.jpg\" alt=\"\" width=\"91\" height=\"91\" srcset=\"https:\/\/agora.xtec.cat\/insdesantacoloma\/wp-content\/uploads\/usu1849\/2023\/02\/4-1-300x300.jpg 300w, https:\/\/agora.xtec.cat\/insdesantacoloma\/wp-content\/uploads\/usu1849\/2023\/02\/4-1-1024x1024.jpg 1024w, https:\/\/agora.xtec.cat\/insdesantacoloma\/wp-content\/uploads\/usu1849\/2023\/02\/4-1-150x150.jpg 150w, https:\/\/agora.xtec.cat\/insdesantacoloma\/wp-content\/uploads\/usu1849\/2023\/02\/4-1-768x768.jpg 768w, https:\/\/agora.xtec.cat\/insdesantacoloma\/wp-content\/uploads\/usu1849\/2023\/02\/4-1.jpg 1181w\" sizes=\"auto, (max-width: 91px) 100vw, 91px\" \/><\/a><a href=\"https:\/\/agora.xtec.cat\/insdesantacoloma\/wp-content\/uploads\/usu1849\/2023\/02\/5-1.jpg\"><img loading=\"lazy\" decoding=\"async\" class=\"wp-image-3576 alignright\" src=\"https:\/\/agora.xtec.cat\/insdesantacoloma\/wp-content\/uploads\/usu1849\/2023\/02\/5-1-300x300.jpg\" alt=\"\" width=\"91\" height=\"91\" srcset=\"https:\/\/agora.xtec.cat\/insdesantacoloma\/wp-content\/uploads\/usu1849\/2023\/02\/5-1-300x300.jpg 300w, https:\/\/agora.xtec.cat\/insdesantacoloma\/wp-content\/uploads\/usu1849\/2023\/02\/5-1-1024x1024.jpg 1024w, https:\/\/agora.xtec.cat\/insdesantacoloma\/wp-content\/uploads\/usu1849\/2023\/02\/5-1-150x150.jpg 150w, https:\/\/agora.xtec.cat\/insdesantacoloma\/wp-content\/uploads\/usu1849\/2023\/02\/5-1-768x768.jpg 768w, https:\/\/agora.xtec.cat\/insdesantacoloma\/wp-content\/uploads\/usu1849\/2023\/02\/5-1.jpg 1181w\" sizes=\"auto, (max-width: 91px) 100vw, 91px\" \/><\/a><\/p>\n","protected":false},"excerpt":{"rendered":"<p>Aquest 2n trimestre es va fer una proposta molt interessant des de la comissi\u00f3 d&#8217;igualtat del centre. Aquesta proposta est\u00e0 [&hellip;]<\/p>\n","protected":false},"author":1,"featured_media":3578,"comment_status":"open","ping_status":"closed","sticky":false,"template":"","format":"standard","meta":{"_bbp_topic_count":0,"_bbp_reply_count":0,"_bbp_total_topic_count":0,"_bbp_total_reply_count":0,"_bbp_voice_count":0,"_bbp_anonymous_reply_count":0,"_bbp_topic_count_hidden":0,"_bbp_reply_count_hidden":0,"_bbp_forum_subforum_count":0,"site-sidebar-layout":"default","site-content-layout":"","ast-site-content-layout":"","site-content-style":"default","site-sidebar-style":"default","ast-global-header-display":"","ast-banner-title-visibility":"","ast-main-header-display":"","ast-hfb-above-header-display":"","ast-hfb-below-header-display":"","ast-hfb-mobile-header-display":"","site-post-title":"","ast-breadcrumbs-content":"","ast-featured-img":"","footer-sml-layout":"","theme-transparent-header-meta":"","adv-header-id-meta":"","stick-header-meta":"","header-above-stick-meta":"","header-main-stick-meta":"","header-below-stick-meta":"","astra-migrate-meta-layouts":"default","ast-page-background-enabled":"default","ast-page-background-meta":{"desktop":{"background-color":"var(--ast-global-color-4)","background-image":"","background-repeat":"repeat","background-position":"center center","background-size":"auto","background-attachment":"scroll","background-type":"","background-media":"","overlay-type":"","overlay-color":"","overlay-opacity":"","overlay-gradient":""},"tablet":{"background-color":"","background-image":"","background-repeat":"repeat","background-position":"center center","background-size":"auto","background-attachment":"scroll","background-type":"","background-media":"","overlay-type":"","overlay-color":"","overlay-opacity":"","overlay-gradient":""},"mobile":{"background-color":"","background-image":"","background-repeat":"repeat","background-position":"center center","background-size":"auto","background-attachment":"scroll","background-type":"","background-media":"","overlay-type":"","overlay-color":"","overlay-opacity":"","overlay-gradient":""}},"ast-content-background-meta":{"desktop":{"background-color":"var(--ast-global-color-5)","background-image":"","background-repeat":"repeat","background-position":"center center","background-size":"auto","background-attachment":"scroll","background-type":"","background-media":"","overlay-type":"","overlay-color":"","overlay-opacity":"","overlay-gradient":""},"tablet":{"background-color":"var(--ast-global-color-5)","background-image":"","background-repeat":"repeat","background-position":"center center","background-size":"auto","background-attachment":"scroll","background-type":"","background-media":"","overlay-type":"","overlay-color":"","overlay-opacity":"","overlay-gradient":""},"mobile":{"background-color":"var(--ast-global-color-5)","background-image":"","background-repeat":"repeat","background-position":"center center","background-size":"auto","background-attachment":"scroll","background-type":"","background-media":"","overlay-type":"","overlay-color":"","overlay-opacity":"","overlay-gradient":""}},"footnotes":""},"categories":[3,1,29],"tags":[],"class_list":["post-3567","post","type-post","status-publish","format-standard","has-post-thumbnail","hentry","category-eso","category-general","category-portada"],"post_mailing_queue_ids":[],"_links":{"self":[{"href":"https:\/\/agora.xtec.cat\/insdesantacoloma\/wp-json\/wp\/v2\/posts\/3567","targetHints":{"allow":["GET"]}}],"collection":[{"href":"https:\/\/agora.xtec.cat\/insdesantacoloma\/wp-json\/wp\/v2\/posts"}],"about":[{"href":"https:\/\/agora.xtec.cat\/insdesantacoloma\/wp-json\/wp\/v2\/types\/post"}],"author":[{"embeddable":true,"href":"https:\/\/agora.xtec.cat\/insdesantacoloma\/wp-json\/wp\/v2\/users\/1"}],"replies":[{"embeddable":true,"href":"https:\/\/agora.xtec.cat\/insdesantacoloma\/wp-json\/wp\/v2\/comments?post=3567"}],"version-history":[{"count":3,"href":"https:\/\/agora.xtec.cat\/insdesantacoloma\/wp-json\/wp\/v2\/posts\/3567\/revisions"}],"predecessor-version":[{"id":3840,"href":"https:\/\/agora.xtec.cat\/insdesantacoloma\/wp-json\/wp\/v2\/posts\/3567\/revisions\/3840"}],"wp:featuredmedia":[{"embeddable":true,"href":"https:\/\/agora.xtec.cat\/insdesantacoloma\/wp-json\/wp\/v2\/media\/3578"}],"wp:attachment":[{"href":"https:\/\/agora.xtec.cat\/insdesantacoloma\/wp-json\/wp\/v2\/media?parent=3567"}],"wp:term":[{"taxonomy":"category","embeddable":true,"href":"https:\/\/agora.xtec.cat\/insdesantacoloma\/wp-json\/wp\/v2\/categories?post=3567"},{"taxonomy":"post_tag","embeddable":true,"href":"https:\/\/agora.xtec.cat\/insdesantacoloma\/wp-json\/wp\/v2\/tags?post=3567"}],"curies":[{"name":"wp","href":"https:\/\/api.w.org\/{rel}","templated":true}]}}