{"id":3491,"date":"2023-01-20T17:28:23","date_gmt":"2023-01-20T16:28:23","guid":{"rendered":"https:\/\/agora.xtec.cat\/insdesantacoloma\/?p=3491"},"modified":"2023-04-23T13:14:38","modified_gmt":"2023-04-23T11:14:38","slug":"colonies-de-3r-a-masella","status":"publish","type":"post","link":"https:\/\/agora.xtec.cat\/insdesantacoloma\/general\/colonies-de-3r-a-masella\/","title":{"rendered":"Col\u00f2nies de 3r a Masella"},"content":{"rendered":"<p>Aquesta setmana, l&#8217;alumnat de 3r d&#8217;ESO ha marxat a la Masella per gaudir d&#8217;uns dies a la neu. Han fet moltes activitats, no nom\u00e9s esquiar! Tots els grups de 3r han anat acompanyats pel professorat d&#8217;educaci\u00f3 f\u00edsica, qui s&#8217;encarregava d&#8217;organitzar aquesta sortida.<\/p>\n<p><a href=\"https:\/\/agora.xtec.cat\/insdesantacoloma\/wp-content\/uploads\/usu1849\/2023\/01\/IMG-20230118-WA0038.jpg\"><img loading=\"lazy\" decoding=\"async\" class=\"wp-image-3492 aligncenter\" src=\"https:\/\/agora.xtec.cat\/insdesantacoloma\/wp-content\/uploads\/usu1849\/2023\/01\/IMG-20230118-WA0038.jpg\" alt=\"\" width=\"802\" height=\"601\" srcset=\"https:\/\/agora.xtec.cat\/insdesantacoloma\/wp-content\/uploads\/usu1849\/2023\/01\/IMG-20230118-WA0038.jpg 1024w, https:\/\/agora.xtec.cat\/insdesantacoloma\/wp-content\/uploads\/usu1849\/2023\/01\/IMG-20230118-WA0038-300x225.jpg 300w, https:\/\/agora.xtec.cat\/insdesantacoloma\/wp-content\/uploads\/usu1849\/2023\/01\/IMG-20230118-WA0038-768x576.jpg 768w, https:\/\/agora.xtec.cat\/insdesantacoloma\/wp-content\/uploads\/usu1849\/2023\/01\/IMG-20230118-WA0038-200x150.jpg 200w\" sizes=\"auto, (max-width: 802px) 100vw, 802px\" \/><\/a><\/p>\n<p>&nbsp;<\/p>\n<p>El primer dia van estar a pistes tot el mat\u00ed, per\u00f2 a la nit van fer una cursa d&#8217;orientaci\u00f3 molt engrescadora! Aquestes <a href=\"https:\/\/agora.xtec.cat\/insdesantacoloma\/wp-content\/uploads\/usu1849\/2023\/01\/IMG-20230116-WA0040-1.jpg\"><img loading=\"lazy\" decoding=\"async\" class=\"wp-image-3518 alignright\" src=\"https:\/\/agora.xtec.cat\/insdesantacoloma\/wp-content\/uploads\/usu1849\/2023\/01\/IMG-20230116-WA0040-1-300x169.jpg\" alt=\"\" width=\"444\" height=\"250\" srcset=\"https:\/\/agora.xtec.cat\/insdesantacoloma\/wp-content\/uploads\/usu1849\/2023\/01\/IMG-20230116-WA0040-1-300x169.jpg 300w, https:\/\/agora.xtec.cat\/insdesantacoloma\/wp-content\/uploads\/usu1849\/2023\/01\/IMG-20230116-WA0040-1-1024x576.jpg 1024w, https:\/\/agora.xtec.cat\/insdesantacoloma\/wp-content\/uploads\/usu1849\/2023\/01\/IMG-20230116-WA0040-1-768x432.jpg 768w, https:\/\/agora.xtec.cat\/insdesantacoloma\/wp-content\/uploads\/usu1849\/2023\/01\/IMG-20230116-WA0040-1-1536x864.jpg 1536w, https:\/\/agora.xtec.cat\/insdesantacoloma\/wp-content\/uploads\/usu1849\/2023\/01\/IMG-20230116-WA0040-1.jpg 2048w\" sizes=\"auto, (max-width: 444px) 100vw, 444px\" \/><\/a>curses solen ser com gimcanes que s&#8217;han d&#8217;anar buscant diferents pistes o punts de connexi\u00f3 per poder orientar els participants a la sortida o a la prova final i acabar-la els o les primeres!<\/p>\n<p><a href=\"https:\/\/agora.xtec.cat\/insdesantacoloma\/wp-content\/uploads\/usu1849\/2023\/01\/IMG-20230116-WA0039.jpg\"><img loading=\"lazy\" decoding=\"async\" class=\" wp-image-3517 alignleft\" src=\"https:\/\/agora.xtec.cat\/insdesantacoloma\/wp-content\/uploads\/usu1849\/2023\/01\/IMG-20230116-WA0039-300x140.jpg\" alt=\"\" width=\"424\" height=\"198\" srcset=\"https:\/\/agora.xtec.cat\/insdesantacoloma\/wp-content\/uploads\/usu1849\/2023\/01\/IMG-20230116-WA0039-300x140.jpg 300w, https:\/\/agora.xtec.cat\/insdesantacoloma\/wp-content\/uploads\/usu1849\/2023\/01\/IMG-20230116-WA0039-1024x478.jpg 1024w, https:\/\/agora.xtec.cat\/insdesantacoloma\/wp-content\/uploads\/usu1849\/2023\/01\/IMG-20230116-WA0039-768x359.jpg 768w, https:\/\/agora.xtec.cat\/insdesantacoloma\/wp-content\/uploads\/usu1849\/2023\/01\/IMG-20230116-WA0039-1536x717.jpg 1536w, https:\/\/agora.xtec.cat\/insdesantacoloma\/wp-content\/uploads\/usu1849\/2023\/01\/IMG-20230116-WA0039.jpg 2000w\" sizes=\"auto, (max-width: 424px) 100vw, 424px\" \/><\/a><\/p>\n<p>&nbsp;<\/p>\n<p>&nbsp;<\/p>\n<p>&nbsp;<\/p>\n<p>&nbsp;<\/p>\n<p>&nbsp;<\/p>\n<p>&nbsp;<\/p>\n<p>&nbsp;<\/p>\n<p><a href=\"https:\/\/agora.xtec.cat\/insdesantacoloma\/wp-content\/uploads\/usu1849\/2023\/01\/IMG-20230116-WA0002.jpg\"><img loading=\"lazy\" decoding=\"async\" class=\"wp-image-3500 alignleft\" src=\"https:\/\/agora.xtec.cat\/insdesantacoloma\/wp-content\/uploads\/usu1849\/2023\/01\/IMG-20230116-WA0002-1024x768.jpg\" alt=\"\" width=\"491\" height=\"369\" srcset=\"https:\/\/agora.xtec.cat\/insdesantacoloma\/wp-content\/uploads\/usu1849\/2023\/01\/IMG-20230116-WA0002-1024x768.jpg 1024w, https:\/\/agora.xtec.cat\/insdesantacoloma\/wp-content\/uploads\/usu1849\/2023\/01\/IMG-20230116-WA0002-300x225.jpg 300w, https:\/\/agora.xtec.cat\/insdesantacoloma\/wp-content\/uploads\/usu1849\/2023\/01\/IMG-20230116-WA0002-768x576.jpg 768w, https:\/\/agora.xtec.cat\/insdesantacoloma\/wp-content\/uploads\/usu1849\/2023\/01\/IMG-20230116-WA0002-1536x1152.jpg 1536w, https:\/\/agora.xtec.cat\/insdesantacoloma\/wp-content\/uploads\/usu1849\/2023\/01\/IMG-20230116-WA0002-200x150.jpg 200w, https:\/\/agora.xtec.cat\/insdesantacoloma\/wp-content\/uploads\/usu1849\/2023\/01\/IMG-20230116-WA0002.jpg 1600w\" sizes=\"auto, (max-width: 491px) 100vw, 491px\" \/><\/a><\/p>\n<p>El segon dia, tot i les agulletes i el cansament, van tornar a pistes per millorar la t\u00e8cnica! Sempre han estat acompanyats per monitors d&#8217;esqu\u00ed especialistes, i han aconseguit venir tots i totes sense lesions t\u00edpiques d&#8217;esports com l&#8217;esqu\u00ed i l&#8217;snow. A m\u00e9s, tamb\u00e9 han tingut els seus moments per descansar i recuperar forces. Per aix\u00f2 que s&#8217;ho han passat tant b\u00e9!!<\/p>\n<p>&nbsp;<\/p>\n<p>&nbsp;<\/p>\n<p>&nbsp;<\/p>\n<p>&nbsp;<\/p>\n<p>&nbsp;<\/p>\n<p>&nbsp;<\/p>\n<p>Finalment, dimecres a la tarda van arribar a Santa Coloma a les 19.30h. Molt contents de l&#8217;experi\u00e8ncia, ja que no nom\u00e9s han gaudit dels esports a la neu, sin\u00f3 que han compartit moments amb els i les companyes, fet que aporta m\u00e9s for\u00e7a als vincles que ja tenen des de 1r.<\/p>\n<p><a href=\"https:\/\/agora.xtec.cat\/insdesantacoloma\/wp-content\/uploads\/usu1849\/2023\/01\/IMG-20230118-WA0005.jpg\"><img loading=\"lazy\" decoding=\"async\" class=\"wp-image-3509 alignright\" src=\"https:\/\/agora.xtec.cat\/insdesantacoloma\/wp-content\/uploads\/usu1849\/2023\/01\/IMG-20230118-WA0005-1024x766.jpg\" alt=\"\" width=\"672\" height=\"502\" srcset=\"https:\/\/agora.xtec.cat\/insdesantacoloma\/wp-content\/uploads\/usu1849\/2023\/01\/IMG-20230118-WA0005-1024x766.jpg 1024w, https:\/\/agora.xtec.cat\/insdesantacoloma\/wp-content\/uploads\/usu1849\/2023\/01\/IMG-20230118-WA0005-300x224.jpg 300w, https:\/\/agora.xtec.cat\/insdesantacoloma\/wp-content\/uploads\/usu1849\/2023\/01\/IMG-20230118-WA0005-768x575.jpg 768w, https:\/\/agora.xtec.cat\/insdesantacoloma\/wp-content\/uploads\/usu1849\/2023\/01\/IMG-20230118-WA0005-1536x1149.jpg 1536w, https:\/\/agora.xtec.cat\/insdesantacoloma\/wp-content\/uploads\/usu1849\/2023\/01\/IMG-20230118-WA0005-200x150.jpg 200w, https:\/\/agora.xtec.cat\/insdesantacoloma\/wp-content\/uploads\/usu1849\/2023\/01\/IMG-20230118-WA0005.jpg 2048w\" sizes=\"auto, (max-width: 672px) 100vw, 672px\" \/><\/a><\/p>\n<p>Us deixem m\u00e9s fotografies clicant a al seg\u00fcent enlla\u00e7: <a Target=\"_blank\" href=\"https:\/\/drive.google.com\/drive\/folders\/15DSOHfnj4uPyN1Yjp8qjACv6gDXCikBO?usp=share_link\">FOTOS ESQUIADA 3r.<\/a><\/p>\n","protected":false},"excerpt":{"rendered":"<p>Aquesta setmana, l&#8217;alumnat de 3r d&#8217;ESO ha marxat a la Masella per gaudir d&#8217;uns dies a la neu. Han fet [&hellip;]<\/p>\n","protected":false},"author":1,"featured_media":3496,"comment_status":"open","ping_status":"closed","sticky":false,"template":"","format":"standard","meta":{"_bbp_topic_count":0,"_bbp_reply_count":0,"_bbp_total_topic_count":0,"_bbp_total_reply_count":0,"_bbp_voice_count":0,"_bbp_anonymous_reply_count":0,"_bbp_topic_count_hidden":0,"_bbp_reply_count_hidden":0,"_bbp_forum_subforum_count":0,"site-sidebar-layout":"default","site-content-layout":"","ast-site-content-layout":"","site-content-style":"default","site-sidebar-style":"default","ast-global-header-display":"","ast-banner-title-visibility":"","ast-main-header-display":"","ast-hfb-above-header-display":"","ast-hfb-below-header-display":"","ast-hfb-mobile-header-display":"","site-post-title":"","ast-breadcrumbs-content":"","ast-featured-img":"","footer-sml-layout":"","theme-transparent-header-meta":"","adv-header-id-meta":"","stick-header-meta":"","header-above-stick-meta":"","header-main-stick-meta":"","header-below-stick-meta":"","astra-migrate-meta-layouts":"default","ast-page-background-enabled":"default","ast-page-background-meta":{"desktop":{"background-color":"var(--ast-global-color-4)","background-image":"","background-repeat":"repeat","background-position":"center center","background-size":"auto","background-attachment":"scroll","background-type":"","background-media":"","overlay-type":"","overlay-color":"","overlay-opacity":"","overlay-gradient":""},"tablet":{"background-color":"","background-image":"","background-repeat":"repeat","background-position":"center center","background-size":"auto","background-attachment":"scroll","background-type":"","background-media":"","overlay-type":"","overlay-color":"","overlay-opacity":"","overlay-gradient":""},"mobile":{"background-color":"","background-image":"","background-repeat":"repeat","background-position":"center center","background-size":"auto","background-attachment":"scroll","background-type":"","background-media":"","overlay-type":"","overlay-color":"","overlay-opacity":"","overlay-gradient":""}},"ast-content-background-meta":{"desktop":{"background-color":"var(--ast-global-color-5)","background-image":"","background-repeat":"repeat","background-position":"center center","background-size":"auto","background-attachment":"scroll","background-type":"","background-media":"","overlay-type":"","overlay-color":"","overlay-opacity":"","overlay-gradient":""},"tablet":{"background-color":"var(--ast-global-color-5)","background-image":"","background-repeat":"repeat","background-position":"center center","background-size":"auto","background-attachment":"scroll","background-type":"","background-media":"","overlay-type":"","overlay-color":"","overlay-opacity":"","overlay-gradient":""},"mobile":{"background-color":"var(--ast-global-color-5)","background-image":"","background-repeat":"repeat","background-position":"center center","background-size":"auto","background-attachment":"scroll","background-type":"","background-media":"","overlay-type":"","overlay-color":"","overlay-opacity":"","overlay-gradient":""}},"footnotes":""},"categories":[3,6,1,29],"tags":[],"class_list":["post-3491","post","type-post","status-publish","format-standard","has-post-thumbnail","hentry","category-eso","category-eso-3","category-general","category-portada"],"post_mailing_queue_ids":[],"_links":{"self":[{"href":"https:\/\/agora.xtec.cat\/insdesantacoloma\/wp-json\/wp\/v2\/posts\/3491","targetHints":{"allow":["GET"]}}],"collection":[{"href":"https:\/\/agora.xtec.cat\/insdesantacoloma\/wp-json\/wp\/v2\/posts"}],"about":[{"href":"https:\/\/agora.xtec.cat\/insdesantacoloma\/wp-json\/wp\/v2\/types\/post"}],"author":[{"embeddable":true,"href":"https:\/\/agora.xtec.cat\/insdesantacoloma\/wp-json\/wp\/v2\/users\/1"}],"replies":[{"embeddable":true,"href":"https:\/\/agora.xtec.cat\/insdesantacoloma\/wp-json\/wp\/v2\/comments?post=3491"}],"version-history":[{"count":3,"href":"https:\/\/agora.xtec.cat\/insdesantacoloma\/wp-json\/wp\/v2\/posts\/3491\/revisions"}],"predecessor-version":[{"id":3815,"href":"https:\/\/agora.xtec.cat\/insdesantacoloma\/wp-json\/wp\/v2\/posts\/3491\/revisions\/3815"}],"wp:featuredmedia":[{"embeddable":true,"href":"https:\/\/agora.xtec.cat\/insdesantacoloma\/wp-json\/wp\/v2\/media\/3496"}],"wp:attachment":[{"href":"https:\/\/agora.xtec.cat\/insdesantacoloma\/wp-json\/wp\/v2\/media?parent=3491"}],"wp:term":[{"taxonomy":"category","embeddable":true,"href":"https:\/\/agora.xtec.cat\/insdesantacoloma\/wp-json\/wp\/v2\/categories?post=3491"},{"taxonomy":"post_tag","embeddable":true,"href":"https:\/\/agora.xtec.cat\/insdesantacoloma\/wp-json\/wp\/v2\/tags?post=3491"}],"curies":[{"name":"wp","href":"https:\/\/api.w.org\/{rel}","templated":true}]}}