{"id":3406,"date":"2022-12-04T10:00:59","date_gmt":"2022-12-04T09:00:59","guid":{"rendered":"https:\/\/agora.xtec.cat\/insdesantacoloma\/?p=3406"},"modified":"2023-04-23T13:19:57","modified_gmt":"2023-04-23T11:19:57","slug":"lalumnat-del-9-al-tn-vespre","status":"publish","type":"post","link":"https:\/\/agora.xtec.cat\/insdesantacoloma\/general\/lalumnat-del-9-al-tn-vespre\/","title":{"rendered":"L&#8217;alumnat del 9 al TN Vespre"},"content":{"rendered":"<p style=\"text-align: justify;\">El diumenge 20 de novembre, amb motiu del <strong>Dia Mundial de la Inf\u00e0ncia<\/strong>, l&#8217;alumnat de 4t d&#8217;ESO de l&#8217;institut va estar amb l&#8217;equip de TV3 junt amb altres alumnes de diferents centres.<\/p>\n<div style=\"width: 4072px;\" class=\"wp-video\"><!--[if lt IE 9]><script>document.createElement('video');<\/script><![endif]-->\n<video class=\"wp-video-shortcode\" id=\"video-3406-1\" width=\"4072\" height=\"2036\" loop=\"1\" autoplay=\"1\" preload=\"metadata\" controls=\"controls\"><source type=\"video\/mp4\" src=\"https:\/\/agora.xtec.cat\/insdesantacoloma\/wp-content\/uploads\/usu1849\/2022\/12\/Amarillo-Profesional-Gradiente-Desarrollo-de-App-Banner-Apaisado.mp4?_=1\" \/><a href=\"https:\/\/agora.xtec.cat\/insdesantacoloma\/wp-content\/uploads\/usu1849\/2022\/12\/Amarillo-Profesional-Gradiente-Desarrollo-de-App-Banner-Apaisado.mp4\">https:\/\/agora.xtec.cat\/insdesantacoloma\/wp-content\/uploads\/usu1849\/2022\/12\/Amarillo-Profesional-Gradiente-Desarrollo-de-App-Banner-Apaisado.mp4<\/a><\/video><\/div>\n<p>&nbsp;<\/p>\n<p style=\"text-align: justify;\">Un dels temes que es van tractar en el Telenot\u00edcies Vespre va ser sobre la <strong>inflaci\u00f3<\/strong>, fet d&#8217;actualitat que afecta tamb\u00e9 als joves. Aquest petit grup de 4t d&#8217;ESO va explicar com viuen aquesta pujada de preus i qu\u00e8 fan per trobar possibles alternatives.<\/p>\n<p><a href=\"https:\/\/agora.xtec.cat\/insdesantacoloma\/wp-content\/uploads\/usu1849\/2022\/12\/IMG-20221203-WA0002.jpg\"><img loading=\"lazy\" decoding=\"async\" class=\"wp-image-3431 alignleft\" src=\"https:\/\/agora.xtec.cat\/insdesantacoloma\/wp-content\/uploads\/usu1849\/2022\/12\/IMG-20221203-WA0002-300x300.jpg\" alt=\"\" width=\"425\" height=\"425\" srcset=\"https:\/\/agora.xtec.cat\/insdesantacoloma\/wp-content\/uploads\/usu1849\/2022\/12\/IMG-20221203-WA0002-300x300.jpg 300w, https:\/\/agora.xtec.cat\/insdesantacoloma\/wp-content\/uploads\/usu1849\/2022\/12\/IMG-20221203-WA0002-1024x1024.jpg 1024w, https:\/\/agora.xtec.cat\/insdesantacoloma\/wp-content\/uploads\/usu1849\/2022\/12\/IMG-20221203-WA0002-150x150.jpg 150w, https:\/\/agora.xtec.cat\/insdesantacoloma\/wp-content\/uploads\/usu1849\/2022\/12\/IMG-20221203-WA0002-768x768.jpg 768w, https:\/\/agora.xtec.cat\/insdesantacoloma\/wp-content\/uploads\/usu1849\/2022\/12\/IMG-20221203-WA0002-1536x1536.jpg 1536w, https:\/\/agora.xtec.cat\/insdesantacoloma\/wp-content\/uploads\/usu1849\/2022\/12\/IMG-20221203-WA0002.jpg 1600w\" sizes=\"auto, (max-width: 425px) 100vw, 425px\" \/><\/a><a href=\"https:\/\/agora.xtec.cat\/insdesantacoloma\/wp-content\/uploads\/usu1849\/2022\/12\/IMG-3527-2-scaled.jpg\"><img loading=\"lazy\" decoding=\"async\" class=\" wp-image-3438 alignright\" src=\"https:\/\/agora.xtec.cat\/insdesantacoloma\/wp-content\/uploads\/usu1849\/2022\/12\/IMG-3527-2-300x225.jpg\" alt=\"\" width=\"557\" height=\"418\" srcset=\"https:\/\/agora.xtec.cat\/insdesantacoloma\/wp-content\/uploads\/usu1849\/2022\/12\/IMG-3527-2-300x225.jpg 300w, https:\/\/agora.xtec.cat\/insdesantacoloma\/wp-content\/uploads\/usu1849\/2022\/12\/IMG-3527-2-1024x768.jpg 1024w, https:\/\/agora.xtec.cat\/insdesantacoloma\/wp-content\/uploads\/usu1849\/2022\/12\/IMG-3527-2-768x576.jpg 768w, https:\/\/agora.xtec.cat\/insdesantacoloma\/wp-content\/uploads\/usu1849\/2022\/12\/IMG-3527-2-1536x1152.jpg 1536w, https:\/\/agora.xtec.cat\/insdesantacoloma\/wp-content\/uploads\/usu1849\/2022\/12\/IMG-3527-2-2048x1536.jpg 2048w, https:\/\/agora.xtec.cat\/insdesantacoloma\/wp-content\/uploads\/usu1849\/2022\/12\/IMG-3527-2-200x150.jpg 200w\" sizes=\"auto, (max-width: 557px) 100vw, 557px\" \/><\/a><\/p>\n<p>&nbsp;<\/p>\n<p>&nbsp;<\/p>\n<p>&nbsp;<\/p>\n<p>&nbsp;<\/p>\n<p>&nbsp;<\/p>\n<p>&nbsp;<\/p>\n<p>&nbsp;<\/p>\n<p>&nbsp;<\/p>\n<p>&nbsp;<\/p>\n<p>&nbsp;<\/p>\n<p>&nbsp;<\/p>\n<p style=\"text-align: justify;\">A m\u00e9s d&#8217;explicar aquest fenomen, la <strong>Cl\u00e0udia Perich i l&#8217;\u00c0lex Chamorro <\/strong>van editar la not\u00edcia amb l&#8217;equip de tv3. A continuaci\u00f3 us deixem l&#8217;enlla\u00e7 del v\u00eddeo que va sortir a la televisi\u00f3 i l&#8217;article redactat:<\/p>\n<h4 class=\"titol\"><a Target=\"_blank\" href=\"https:\/\/www.ccma.cat\/324\/la-inflacio-lenemiga-de-les-butxaques-mes-joves-cada-cop-podem-fer-menys-coses\/noticia\/3197128\/\">La inflaci\u00f3, l&#8217;enemiga de les butxaques m\u00e9s joves: <\/a><a href=\"https:\/\/www.ccma.cat\/324\/la-inflacio-lenemiga-de-les-butxaques-mes-joves-cada-cop-podem-fer-menys-coses\/noticia\/3197128\/\">&#8220;Cada cop podem fer menys coses&#8221;<\/a><\/h4>\n<p><a href=\"https:\/\/agora.xtec.cat\/insdesantacoloma\/wp-content\/uploads\/usu1849\/2022\/12\/video-TNV.png\"><img loading=\"lazy\" decoding=\"async\" class=\"wp-image-3432 aligncenter\" src=\"https:\/\/agora.xtec.cat\/insdesantacoloma\/wp-content\/uploads\/usu1849\/2022\/12\/video-TNV.png\" alt=\"\" width=\"651\" height=\"366\" srcset=\"https:\/\/agora.xtec.cat\/insdesantacoloma\/wp-content\/uploads\/usu1849\/2022\/12\/video-TNV.png 1002w, https:\/\/agora.xtec.cat\/insdesantacoloma\/wp-content\/uploads\/usu1849\/2022\/12\/video-TNV-300x169.png 300w, https:\/\/agora.xtec.cat\/insdesantacoloma\/wp-content\/uploads\/usu1849\/2022\/12\/video-TNV-768x432.png 768w\" sizes=\"auto, (max-width: 651px) 100vw, 651px\" \/><\/a><\/p>\n<p>&nbsp;<\/p>\n<p style=\"text-align: justify;\">Fem un <strong>especial agra\u00efment als professionals de TV3<\/strong> per comptar amb l&#8217;alumnat del nostre institut. A la vega tamb\u00e9 <strong>felicitem a aquest alumnat<\/strong> que va poder participar i col\u00b7laborar en un tema tant important i que afecta a tothom, siguem adults, joves o infants. \u00c9s important <strong>donar veu<\/strong> a tots els col\u00b7lectius de la nostra societat per poder conviure en un entorn m\u00e9s enriquidor per tothom.<\/p>\n","protected":false},"excerpt":{"rendered":"<p>El diumenge 20 de novembre, amb motiu del Dia Mundial de la Inf\u00e0ncia, l&#8217;alumnat de 4t d&#8217;ESO de l&#8217;institut va [&hellip;]<\/p>\n","protected":false},"author":1,"featured_media":3431,"comment_status":"open","ping_status":"closed","sticky":false,"template":"","format":"standard","meta":{"_bbp_topic_count":0,"_bbp_reply_count":0,"_bbp_total_topic_count":0,"_bbp_total_reply_count":0,"_bbp_voice_count":0,"_bbp_anonymous_reply_count":0,"_bbp_topic_count_hidden":0,"_bbp_reply_count_hidden":0,"_bbp_forum_subforum_count":0,"site-sidebar-layout":"default","site-content-layout":"","ast-site-content-layout":"","site-content-style":"default","site-sidebar-style":"default","ast-global-header-display":"","ast-banner-title-visibility":"","ast-main-header-display":"","ast-hfb-above-header-display":"","ast-hfb-below-header-display":"","ast-hfb-mobile-header-display":"","site-post-title":"","ast-breadcrumbs-content":"","ast-featured-img":"","footer-sml-layout":"","theme-transparent-header-meta":"","adv-header-id-meta":"","stick-header-meta":"","header-above-stick-meta":"","header-main-stick-meta":"","header-below-stick-meta":"","astra-migrate-meta-layouts":"default","ast-page-background-enabled":"default","ast-page-background-meta":{"desktop":{"background-color":"var(--ast-global-color-4)","background-image":"","background-repeat":"repeat","background-position":"center center","background-size":"auto","background-attachment":"scroll","background-type":"","background-media":"","overlay-type":"","overlay-color":"","overlay-opacity":"","overlay-gradient":""},"tablet":{"background-color":"","background-image":"","background-repeat":"repeat","background-position":"center center","background-size":"auto","background-attachment":"scroll","background-type":"","background-media":"","overlay-type":"","overlay-color":"","overlay-opacity":"","overlay-gradient":""},"mobile":{"background-color":"","background-image":"","background-repeat":"repeat","background-position":"center center","background-size":"auto","background-attachment":"scroll","background-type":"","background-media":"","overlay-type":"","overlay-color":"","overlay-opacity":"","overlay-gradient":""}},"ast-content-background-meta":{"desktop":{"background-color":"var(--ast-global-color-5)","background-image":"","background-repeat":"repeat","background-position":"center center","background-size":"auto","background-attachment":"scroll","background-type":"","background-media":"","overlay-type":"","overlay-color":"","overlay-opacity":"","overlay-gradient":""},"tablet":{"background-color":"var(--ast-global-color-5)","background-image":"","background-repeat":"repeat","background-position":"center center","background-size":"auto","background-attachment":"scroll","background-type":"","background-media":"","overlay-type":"","overlay-color":"","overlay-opacity":"","overlay-gradient":""},"mobile":{"background-color":"var(--ast-global-color-5)","background-image":"","background-repeat":"repeat","background-position":"center center","background-size":"auto","background-attachment":"scroll","background-type":"","background-media":"","overlay-type":"","overlay-color":"","overlay-opacity":"","overlay-gradient":""}},"footnotes":""},"categories":[3,1,29],"tags":[],"class_list":["post-3406","post","type-post","status-publish","format-standard","has-post-thumbnail","hentry","category-eso","category-general","category-portada"],"post_mailing_queue_ids":[],"_links":{"self":[{"href":"https:\/\/agora.xtec.cat\/insdesantacoloma\/wp-json\/wp\/v2\/posts\/3406","targetHints":{"allow":["GET"]}}],"collection":[{"href":"https:\/\/agora.xtec.cat\/insdesantacoloma\/wp-json\/wp\/v2\/posts"}],"about":[{"href":"https:\/\/agora.xtec.cat\/insdesantacoloma\/wp-json\/wp\/v2\/types\/post"}],"author":[{"embeddable":true,"href":"https:\/\/agora.xtec.cat\/insdesantacoloma\/wp-json\/wp\/v2\/users\/1"}],"replies":[{"embeddable":true,"href":"https:\/\/agora.xtec.cat\/insdesantacoloma\/wp-json\/wp\/v2\/comments?post=3406"}],"version-history":[{"count":3,"href":"https:\/\/agora.xtec.cat\/insdesantacoloma\/wp-json\/wp\/v2\/posts\/3406\/revisions"}],"predecessor-version":[{"id":3821,"href":"https:\/\/agora.xtec.cat\/insdesantacoloma\/wp-json\/wp\/v2\/posts\/3406\/revisions\/3821"}],"wp:featuredmedia":[{"embeddable":true,"href":"https:\/\/agora.xtec.cat\/insdesantacoloma\/wp-json\/wp\/v2\/media\/3431"}],"wp:attachment":[{"href":"https:\/\/agora.xtec.cat\/insdesantacoloma\/wp-json\/wp\/v2\/media?parent=3406"}],"wp:term":[{"taxonomy":"category","embeddable":true,"href":"https:\/\/agora.xtec.cat\/insdesantacoloma\/wp-json\/wp\/v2\/categories?post=3406"},{"taxonomy":"post_tag","embeddable":true,"href":"https:\/\/agora.xtec.cat\/insdesantacoloma\/wp-json\/wp\/v2\/tags?post=3406"}],"curies":[{"name":"wp","href":"https:\/\/api.w.org\/{rel}","templated":true}]}}