{"id":3332,"date":"2022-11-11T21:51:22","date_gmt":"2022-11-11T20:51:22","guid":{"rendered":"https:\/\/agora.xtec.cat\/insdesantacoloma\/?p=3332"},"modified":"2022-12-04T10:56:49","modified_gmt":"2022-12-04T09:56:49","slug":"projecte-steam-3r","status":"publish","type":"post","link":"https:\/\/agora.xtec.cat\/insdesantacoloma\/general\/projecte-steam-3r\/","title":{"rendered":"PROJECTE STEAMcat 3r"},"content":{"rendered":"<div style=\"text-align: justify;\">\n<p><span style=\"font-weight: 400;\">La metodologia de l&#8217;institut 9 prioritza l&#8217;aprenentatge significatiu i contextualitzat al nostre entorn. \u00c9s per aix\u00f2 que la franja de treball globalitzat \u00e9s una manera de promoure aquest tipus d&#8217;ensenyament\/aprenentatge.\u00a0<\/span><\/p>\n<p><span style=\"font-weight: 400;\">El Treball Globalitzat o treball per projectes que es fa a l&#8217;institut, se sustenta en dues metodologies com s\u00f3n <a href=\"https:\/\/projectes.xtec.cat\/steamcat\/\">STEAMcat<\/a>, m\u00e9s enfocat a les ci\u00e8ncies i les matem\u00e0tiques; i <a href=\"https:\/\/projectes.xtec.cat\/avancem\/el-projecte\/\">AVANCEM<\/a>, projectes on es potencia l&#8217;aprenentatge integral de les lleng\u00fces.<\/span><\/p>\n<p><span style=\"font-weight: 400;\">En l&#8217;\u00e0mbit pedag\u00f2gic, STEAMcat permet treballar amb un enfocament global i transversal, aprofitant aquesta contextualitzaci\u00f3 per poder exposar problem\u00e0tiques i generar hip\u00f2tesis sobre aquestes, de manera que s&#8217;apr\u00e8n de forma m\u00e9s vivencial.<\/span><\/p>\n<\/div>\n<p><a href=\"https:\/\/agora.xtec.cat\/insdesantacoloma\/wp-content\/uploads\/usu1849\/2022\/11\/T.png\"><img loading=\"lazy\" decoding=\"async\" class=\"aligncenter wp-image-3333 size-full\" src=\"https:\/\/agora.xtec.cat\/insdesantacoloma\/wp-content\/uploads\/usu1849\/2022\/11\/T.png\" alt=\"\" width=\"1640\" height=\"924\" srcset=\"https:\/\/agora.xtec.cat\/insdesantacoloma\/wp-content\/uploads\/usu1849\/2022\/11\/T.png 1640w, https:\/\/agora.xtec.cat\/insdesantacoloma\/wp-content\/uploads\/usu1849\/2022\/11\/T-300x169.png 300w, https:\/\/agora.xtec.cat\/insdesantacoloma\/wp-content\/uploads\/usu1849\/2022\/11\/T-1024x577.png 1024w, https:\/\/agora.xtec.cat\/insdesantacoloma\/wp-content\/uploads\/usu1849\/2022\/11\/T-768x433.png 768w, https:\/\/agora.xtec.cat\/insdesantacoloma\/wp-content\/uploads\/usu1849\/2022\/11\/T-1536x865.png 1536w\" sizes=\"auto, (max-width: 1640px) 100vw, 1640px\" \/><\/a><\/p>\n<div style=\"text-align: justify;\">\n<p><span style=\"font-weight: 400;\">L&#8217;alumnat de 3r de l&#8217;ESO, enguany realitza durant les sessions de Treball Globalitzat un projecte on l&#8217;objectiu final busca crear una breu <strong>EXPOSICI\u00d3 ART\u00cdSTICA<\/strong> on apareguin <strong>est\u00e0tues cin\u00e8tiques<\/strong> que representin MOVIMENTS realitzats per organismes vius UNICEL\u00b7LULARS. Per poder crear les maquetes d&#8217;aquesta exposici\u00f3, l&#8217;alumnat ha de treballar conceptes propis de les mat\u00e8ries STEAM (<\/span><i><span style=\"font-weight: 400;\">Science, Technology, Engineering, Arts and Mathematics<\/span><\/i><span style=\"font-weight: 400;\">) a trav\u00e9s de diversos reptes did\u00e0ctics.<\/span><\/p>\n<\/div>\n<p>&nbsp;<\/p>\n<p><a href=\"https:\/\/agora.xtec.cat\/insdesantacoloma\/wp-content\/uploads\/usu1849\/2022\/11\/T-3.png\"><img loading=\"lazy\" decoding=\"async\" class=\"wp-image-3337 aligncenter\" src=\"https:\/\/agora.xtec.cat\/insdesantacoloma\/wp-content\/uploads\/usu1849\/2022\/11\/T-3.png\" alt=\"\" width=\"922\" height=\"519\" srcset=\"https:\/\/agora.xtec.cat\/insdesantacoloma\/wp-content\/uploads\/usu1849\/2022\/11\/T-3.png 1640w, https:\/\/agora.xtec.cat\/insdesantacoloma\/wp-content\/uploads\/usu1849\/2022\/11\/T-3-300x169.png 300w, https:\/\/agora.xtec.cat\/insdesantacoloma\/wp-content\/uploads\/usu1849\/2022\/11\/T-3-1024x577.png 1024w, https:\/\/agora.xtec.cat\/insdesantacoloma\/wp-content\/uploads\/usu1849\/2022\/11\/T-3-768x433.png 768w, https:\/\/agora.xtec.cat\/insdesantacoloma\/wp-content\/uploads\/usu1849\/2022\/11\/T-3-1536x865.png 1536w\" sizes=\"auto, (max-width: 922px) 100vw, 922px\" \/><\/a><\/p>\n<div style=\"text-align: justify;\">\n<p><span style=\"font-weight: 400;\">En aquest cas, els conceptes necessaris per desenvolupar la creaci\u00f3 final han sigut:<\/span><\/p>\n<ol>\n<li style=\"font-weight: 400;\" aria-level=\"1\"><b><i>Ci\u00e8ncies Naturals<\/i><\/b><i><span style=\"font-weight: 400;\">:<\/span><\/i><span style=\"font-weight: 400;\"> La c\u00e8l\u00b7lula com a unitat de vida funcional i els seus components.<\/span><\/li>\n<li style=\"font-weight: 400;\" aria-level=\"1\"><b><i>Tecnologia<\/i><\/b><span style=\"font-weight: 400;\">: Tipus de moviments, els seus mecanismes de transmissi\u00f3 i la maquin\u00e0ria que \u00e9s capa\u00e7 de representar-los. Junt amb les destreses necess\u00e0ries per a la seva construcci\u00f3 amb fusta.<\/span><\/li>\n<li style=\"font-weight: 400;\" aria-level=\"1\"><b><i>Visual i Pl\u00e0stica<\/i><\/b><span style=\"font-weight: 400;\">: Tipus de composicions art\u00edstiques i maneres d&#8217;exposar-les a un p\u00fablic.<\/span><\/li>\n<li style=\"font-weight: 400;\" aria-level=\"1\"><b><i>Matem\u00e0tiques<\/i><\/b><span style=\"font-weight: 400;\">: Formes geom\u00e8triques en el pla i posteriorment en 3D.\u00a0<\/span><\/li>\n<\/ol>\n<p><a href=\"https:\/\/agora.xtec.cat\/insdesantacoloma\/wp-content\/uploads\/usu1849\/2022\/11\/Post-Instagram-Nueva-Coleccion-Ropa-Moderno-Azul-2.png\"><img loading=\"lazy\" decoding=\"async\" class=\"alignnone size-medium wp-image-3343\" src=\"https:\/\/agora.xtec.cat\/insdesantacoloma\/wp-content\/uploads\/usu1849\/2022\/11\/Post-Instagram-Nueva-Coleccion-Ropa-Moderno-Azul-2-300x300.png\" alt=\"\" width=\"300\" height=\"300\" srcset=\"https:\/\/agora.xtec.cat\/insdesantacoloma\/wp-content\/uploads\/usu1849\/2022\/11\/Post-Instagram-Nueva-Coleccion-Ropa-Moderno-Azul-2-300x300.png 300w, https:\/\/agora.xtec.cat\/insdesantacoloma\/wp-content\/uploads\/usu1849\/2022\/11\/Post-Instagram-Nueva-Coleccion-Ropa-Moderno-Azul-2-1024x1024.png 1024w, https:\/\/agora.xtec.cat\/insdesantacoloma\/wp-content\/uploads\/usu1849\/2022\/11\/Post-Instagram-Nueva-Coleccion-Ropa-Moderno-Azul-2-150x150.png 150w, https:\/\/agora.xtec.cat\/insdesantacoloma\/wp-content\/uploads\/usu1849\/2022\/11\/Post-Instagram-Nueva-Coleccion-Ropa-Moderno-Azul-2-768x768.png 768w, https:\/\/agora.xtec.cat\/insdesantacoloma\/wp-content\/uploads\/usu1849\/2022\/11\/Post-Instagram-Nueva-Coleccion-Ropa-Moderno-Azul-2.png 1080w\" sizes=\"auto, (max-width: 300px) 100vw, 300px\" \/><\/a> <a href=\"https:\/\/agora.xtec.cat\/insdesantacoloma\/wp-content\/uploads\/usu1849\/2022\/11\/Post-Instagram-Nueva-Coleccion-Ropa-Moderno-Azul-1.png\"><img loading=\"lazy\" decoding=\"async\" class=\"alignnone size-medium wp-image-3344\" src=\"https:\/\/agora.xtec.cat\/insdesantacoloma\/wp-content\/uploads\/usu1849\/2022\/11\/Post-Instagram-Nueva-Coleccion-Ropa-Moderno-Azul-1-300x300.png\" alt=\"\" width=\"300\" height=\"300\" srcset=\"https:\/\/agora.xtec.cat\/insdesantacoloma\/wp-content\/uploads\/usu1849\/2022\/11\/Post-Instagram-Nueva-Coleccion-Ropa-Moderno-Azul-1-300x300.png 300w, https:\/\/agora.xtec.cat\/insdesantacoloma\/wp-content\/uploads\/usu1849\/2022\/11\/Post-Instagram-Nueva-Coleccion-Ropa-Moderno-Azul-1-1024x1024.png 1024w, https:\/\/agora.xtec.cat\/insdesantacoloma\/wp-content\/uploads\/usu1849\/2022\/11\/Post-Instagram-Nueva-Coleccion-Ropa-Moderno-Azul-1-150x150.png 150w, https:\/\/agora.xtec.cat\/insdesantacoloma\/wp-content\/uploads\/usu1849\/2022\/11\/Post-Instagram-Nueva-Coleccion-Ropa-Moderno-Azul-1-768x768.png 768w, https:\/\/agora.xtec.cat\/insdesantacoloma\/wp-content\/uploads\/usu1849\/2022\/11\/Post-Instagram-Nueva-Coleccion-Ropa-Moderno-Azul-1.png 1080w\" sizes=\"auto, (max-width: 300px) 100vw, 300px\" \/><\/a> <a href=\"https:\/\/agora.xtec.cat\/insdesantacoloma\/wp-content\/uploads\/usu1849\/2022\/11\/Post-Instagram-Nueva-Coleccion-Ropa-Moderno-Azul.png\"><img loading=\"lazy\" decoding=\"async\" class=\"alignnone size-medium wp-image-3345\" src=\"https:\/\/agora.xtec.cat\/insdesantacoloma\/wp-content\/uploads\/usu1849\/2022\/11\/Post-Instagram-Nueva-Coleccion-Ropa-Moderno-Azul-300x300.png\" alt=\"\" width=\"300\" height=\"300\" srcset=\"https:\/\/agora.xtec.cat\/insdesantacoloma\/wp-content\/uploads\/usu1849\/2022\/11\/Post-Instagram-Nueva-Coleccion-Ropa-Moderno-Azul-300x300.png 300w, https:\/\/agora.xtec.cat\/insdesantacoloma\/wp-content\/uploads\/usu1849\/2022\/11\/Post-Instagram-Nueva-Coleccion-Ropa-Moderno-Azul-1024x1024.png 1024w, https:\/\/agora.xtec.cat\/insdesantacoloma\/wp-content\/uploads\/usu1849\/2022\/11\/Post-Instagram-Nueva-Coleccion-Ropa-Moderno-Azul-150x150.png 150w, https:\/\/agora.xtec.cat\/insdesantacoloma\/wp-content\/uploads\/usu1849\/2022\/11\/Post-Instagram-Nueva-Coleccion-Ropa-Moderno-Azul-768x768.png 768w, https:\/\/agora.xtec.cat\/insdesantacoloma\/wp-content\/uploads\/usu1849\/2022\/11\/Post-Instagram-Nueva-Coleccion-Ropa-Moderno-Azul.png 1080w\" sizes=\"auto, (max-width: 300px) 100vw, 300px\" \/><\/a><\/p>\n<p><span style=\"font-weight: 400;\">Aquest projecte conclou amb una presentaci\u00f3 (del treball realitzat) a l&#8217;alumnat de 1r d&#8217;ESO i una exhibici\u00f3 de les maquetes al passad\u00eds principal del centre.<\/span><\/p>\n<p><a href=\"https:\/\/agora.xtec.cat\/insdesantacoloma\/wp-content\/uploads\/usu1849\/2022\/11\/T-1.png\"><img loading=\"lazy\" decoding=\"async\" class=\"aligncenter wp-image-3335 \" src=\"https:\/\/agora.xtec.cat\/insdesantacoloma\/wp-content\/uploads\/usu1849\/2022\/11\/T-1-1024x577.png\" alt=\"\" width=\"700\" height=\"395\" srcset=\"https:\/\/agora.xtec.cat\/insdesantacoloma\/wp-content\/uploads\/usu1849\/2022\/11\/T-1-1024x577.png 1024w, https:\/\/agora.xtec.cat\/insdesantacoloma\/wp-content\/uploads\/usu1849\/2022\/11\/T-1-300x169.png 300w, https:\/\/agora.xtec.cat\/insdesantacoloma\/wp-content\/uploads\/usu1849\/2022\/11\/T-1-768x433.png 768w, https:\/\/agora.xtec.cat\/insdesantacoloma\/wp-content\/uploads\/usu1849\/2022\/11\/T-1-1536x865.png 1536w, https:\/\/agora.xtec.cat\/insdesantacoloma\/wp-content\/uploads\/usu1849\/2022\/11\/T-1.png 1640w\" sizes=\"auto, (max-width: 700px) 100vw, 700px\" \/><\/a><\/p>\n<\/div>\n<div><\/div>\n","protected":false},"excerpt":{"rendered":"<p>La metodologia de l&#8217;institut 9 prioritza l&#8217;aprenentatge significatiu i contextualitzat al nostre entorn. \u00c9s per aix\u00f2 que la franja de [&hellip;]<\/p>\n","protected":false},"author":1,"featured_media":3333,"comment_status":"open","ping_status":"closed","sticky":false,"template":"","format":"standard","meta":{"_bbp_topic_count":0,"_bbp_reply_count":0,"_bbp_total_topic_count":0,"_bbp_total_reply_count":0,"_bbp_voice_count":0,"_bbp_anonymous_reply_count":0,"_bbp_topic_count_hidden":0,"_bbp_reply_count_hidden":0,"_bbp_forum_subforum_count":0,"site-sidebar-layout":"default","site-content-layout":"","ast-site-content-layout":"","site-content-style":"default","site-sidebar-style":"default","ast-global-header-display":"","ast-banner-title-visibility":"","ast-main-header-display":"","ast-hfb-above-header-display":"","ast-hfb-below-header-display":"","ast-hfb-mobile-header-display":"","site-post-title":"","ast-breadcrumbs-content":"","ast-featured-img":"","footer-sml-layout":"","theme-transparent-header-meta":"","adv-header-id-meta":"","stick-header-meta":"","header-above-stick-meta":"","header-main-stick-meta":"","header-below-stick-meta":"","astra-migrate-meta-layouts":"default","ast-page-background-enabled":"default","ast-page-background-meta":{"desktop":{"background-color":"var(--ast-global-color-4)","background-image":"","background-repeat":"repeat","background-position":"center center","background-size":"auto","background-attachment":"scroll","background-type":"","background-media":"","overlay-type":"","overlay-color":"","overlay-opacity":"","overlay-gradient":""},"tablet":{"background-color":"","background-image":"","background-repeat":"repeat","background-position":"center center","background-size":"auto","background-attachment":"scroll","background-type":"","background-media":"","overlay-type":"","overlay-color":"","overlay-opacity":"","overlay-gradient":""},"mobile":{"background-color":"","background-image":"","background-repeat":"repeat","background-position":"center center","background-size":"auto","background-attachment":"scroll","background-type":"","background-media":"","overlay-type":"","overlay-color":"","overlay-opacity":"","overlay-gradient":""}},"ast-content-background-meta":{"desktop":{"background-color":"var(--ast-global-color-5)","background-image":"","background-repeat":"repeat","background-position":"center center","background-size":"auto","background-attachment":"scroll","background-type":"","background-media":"","overlay-type":"","overlay-color":"","overlay-opacity":"","overlay-gradient":""},"tablet":{"background-color":"var(--ast-global-color-5)","background-image":"","background-repeat":"repeat","background-position":"center center","background-size":"auto","background-attachment":"scroll","background-type":"","background-media":"","overlay-type":"","overlay-color":"","overlay-opacity":"","overlay-gradient":""},"mobile":{"background-color":"var(--ast-global-color-5)","background-image":"","background-repeat":"repeat","background-position":"center center","background-size":"auto","background-attachment":"scroll","background-type":"","background-media":"","overlay-type":"","overlay-color":"","overlay-opacity":"","overlay-gradient":""}},"footnotes":""},"categories":[3,6,1,29],"tags":[],"class_list":["post-3332","post","type-post","status-publish","format-standard","has-post-thumbnail","hentry","category-eso","category-eso-3","category-general","category-portada"],"post_mailing_queue_ids":[],"_links":{"self":[{"href":"https:\/\/agora.xtec.cat\/insdesantacoloma\/wp-json\/wp\/v2\/posts\/3332","targetHints":{"allow":["GET"]}}],"collection":[{"href":"https:\/\/agora.xtec.cat\/insdesantacoloma\/wp-json\/wp\/v2\/posts"}],"about":[{"href":"https:\/\/agora.xtec.cat\/insdesantacoloma\/wp-json\/wp\/v2\/types\/post"}],"author":[{"embeddable":true,"href":"https:\/\/agora.xtec.cat\/insdesantacoloma\/wp-json\/wp\/v2\/users\/1"}],"replies":[{"embeddable":true,"href":"https:\/\/agora.xtec.cat\/insdesantacoloma\/wp-json\/wp\/v2\/comments?post=3332"}],"version-history":[{"count":4,"href":"https:\/\/agora.xtec.cat\/insdesantacoloma\/wp-json\/wp\/v2\/posts\/3332\/revisions"}],"predecessor-version":[{"id":3452,"href":"https:\/\/agora.xtec.cat\/insdesantacoloma\/wp-json\/wp\/v2\/posts\/3332\/revisions\/3452"}],"wp:featuredmedia":[{"embeddable":true,"href":"https:\/\/agora.xtec.cat\/insdesantacoloma\/wp-json\/wp\/v2\/media\/3333"}],"wp:attachment":[{"href":"https:\/\/agora.xtec.cat\/insdesantacoloma\/wp-json\/wp\/v2\/media?parent=3332"}],"wp:term":[{"taxonomy":"category","embeddable":true,"href":"https:\/\/agora.xtec.cat\/insdesantacoloma\/wp-json\/wp\/v2\/categories?post=3332"},{"taxonomy":"post_tag","embeddable":true,"href":"https:\/\/agora.xtec.cat\/insdesantacoloma\/wp-json\/wp\/v2\/tags?post=3332"}],"curies":[{"name":"wp","href":"https:\/\/api.w.org\/{rel}","templated":true}]}}