{"id":3260,"date":"2022-11-02T10:00:07","date_gmt":"2022-11-02T09:00:07","guid":{"rendered":"https:\/\/agora.xtec.cat\/insdesantacoloma\/?p=3260"},"modified":"2023-03-07T16:52:38","modified_gmt":"2023-03-07T15:52:38","slug":"linstitut-9-visita-estonia","status":"publish","type":"post","link":"https:\/\/agora.xtec.cat\/insdesantacoloma\/general\/linstitut-9-visita-estonia\/","title":{"rendered":"L&#8217;INSTITUT 9 VISITA EST\u00d2NIA"},"content":{"rendered":"<h5><em><strong>Entrevista a la Marta Calvo i la Raquel Monta\u00f1ez<\/strong><\/em><\/h5>\n<h6>Institut 9 de Santa Coloma de Gramenet<\/h6>\n<h6>2 de Novembre 2022<\/h6>\n<p><span style=\"color: #000000;\">A inici de curs, la Cap d&#8217;estudis, la Marta Calvo junt amb la Raquel Monta\u00f1ez, professora de l&#8217;institut, van anar a visitar algunes<strong> institucions acad\u00e8miques a Est\u00f2nia<\/strong> dins el programa &#8220;<em>Job Shadowing<\/em>&#8221; per enriquir-se i con\u00e8ixer altres metodologies docents. <\/span><\/p>\n<p><span style=\"color: #000000;\">Aquest pa\u00eds es troba actualment als primers llocs del ranking europeu, <a href=\"https:\/\/www.educacionyfp.gob.es\/inee\/evaluaciones-internacionales\/pisa\/pisa-2022.html\">els informes PISA<\/a>. Tot i que el seu objectiu no \u00e9s ser de les primeres ciutats europees, s\u00ed t\u00e9 com objectiu una educaci\u00f3 que potenci\u00ef el talent de l&#8217;alumnat promovent la societat del coneixement i la igualtat d&#8217;oportunitats fet que l&#8217;ha ajudat a destacar com un pa\u00eds amb criteri i una interessant, i efectiva, manera d&#8217;ensenyar.<\/span><\/p>\n<p><a href=\"https:\/\/agora.xtec.cat\/insdesantacoloma\/wp-content\/uploads\/usu1849\/2022\/10\/IMG-20220930-WA0003-1.jpg\"><img loading=\"lazy\" decoding=\"async\" class=\"alignleft wp-image-3293 size-medium\" src=\"https:\/\/agora.xtec.cat\/insdesantacoloma\/wp-content\/uploads\/usu1849\/2022\/10\/IMG-20220930-WA0003-1-300x225.jpg\" alt=\"\" width=\"300\" height=\"225\" srcset=\"https:\/\/agora.xtec.cat\/insdesantacoloma\/wp-content\/uploads\/usu1849\/2022\/10\/IMG-20220930-WA0003-1-300x225.jpg 300w, https:\/\/agora.xtec.cat\/insdesantacoloma\/wp-content\/uploads\/usu1849\/2022\/10\/IMG-20220930-WA0003-1-1024x768.jpg 1024w, https:\/\/agora.xtec.cat\/insdesantacoloma\/wp-content\/uploads\/usu1849\/2022\/10\/IMG-20220930-WA0003-1-768x576.jpg 768w, https:\/\/agora.xtec.cat\/insdesantacoloma\/wp-content\/uploads\/usu1849\/2022\/10\/IMG-20220930-WA0003-1-1536x1152.jpg 1536w, https:\/\/agora.xtec.cat\/insdesantacoloma\/wp-content\/uploads\/usu1849\/2022\/10\/IMG-20220930-WA0003-1-200x150.jpg 200w, https:\/\/agora.xtec.cat\/insdesantacoloma\/wp-content\/uploads\/usu1849\/2022\/10\/IMG-20220930-WA0003-1.jpg 1600w\" sizes=\"auto, (max-width: 300px) 100vw, 300px\" \/><\/a><\/p>\n<p><span style=\"color: #000000;\">Com ens explicaran en aquest article les professores que van visitar el pa\u00eds, es dona especial import\u00e0ncia als idiomes, la tecnologia i les ci\u00e8ncies. Us deixem m\u00e9s informaci\u00f3 amb les preguntes que els vam fer:<\/span><\/p>\n<ul>\n<li style=\"font-weight: 400; text-align: justify;\" aria-level=\"1\">\n<blockquote><p><strong>Quina motivaci\u00f3 vau tenir per anar a Est\u00f2nia a con\u00e8ixer com treballen all\u00e0?<\/strong><\/p><\/blockquote>\n<\/li>\n<\/ul>\n<p style=\"padding-left: 40px; text-align: justify;\"><em><span style=\"font-weight: 400;\">Era un pa\u00eds amb bons resultats a escala europea i alhora desconegut per a nosaltres. Era una bona oportunitat per descobrir-ho.<\/span><\/em><\/p>\n<p>&nbsp;<\/p>\n<ul style=\"text-align: justify;\">\n<li style=\"font-weight: 400;\" aria-level=\"1\">\n<blockquote><p><strong>Com es distribueixen les classes als diferents grups d\u2019edats? S\u2019assembla a la nostra manera d\u2019organitzaci\u00f3?<\/strong><\/p><\/blockquote>\n<\/li>\n<\/ul>\n<p style=\"padding-left: 40px; text-align: justify;\"><em><span style=\"font-weight: 400;\">L\u2019educaci\u00f3 b\u00e0sica (obligat\u00f2ria) \u00e9s dels 7 als 16 anys. Despr\u00e9s, l\u2019alumnat pot decidir si vol fer un grau de formaci\u00f3 professional (3 anys) o seguir amb els estudis acad\u00e8mics (educaci\u00f3 secund\u00e0ria, 3 anys). El seg\u00fcent pas seria accedir a la universitat.<\/span><\/em><\/p>\n<p style=\"padding-left: 40px; text-align: justify;\"><em><span style=\"font-weight: 400;\">Fins als 6-7 anys la canalla est\u00e0 al que aqu\u00ed equivaldria a les llars d\u2019infants. Les fam\u00edlies juntament amb les docents decideixen si l\u2019infant est\u00e0 preparat per comen\u00e7ar la prim\u00e0ria als 6 o 7 anys. Per tant, en un grup classe hi ha alumnes de diferents edats.<\/span><\/em><\/p>\n<p><a href=\"https:\/\/agora.xtec.cat\/insdesantacoloma\/wp-content\/uploads\/usu1849\/2022\/10\/IMG-20220930-WA0002-1.jpg\"><img loading=\"lazy\" decoding=\"async\" class=\"aligncenter wp-image-3294 size-large\" src=\"https:\/\/agora.xtec.cat\/insdesantacoloma\/wp-content\/uploads\/usu1849\/2022\/10\/IMG-20220930-WA0002-1-1024x768.jpg\" alt=\"\" width=\"1024\" height=\"768\" srcset=\"https:\/\/agora.xtec.cat\/insdesantacoloma\/wp-content\/uploads\/usu1849\/2022\/10\/IMG-20220930-WA0002-1-1024x768.jpg 1024w, https:\/\/agora.xtec.cat\/insdesantacoloma\/wp-content\/uploads\/usu1849\/2022\/10\/IMG-20220930-WA0002-1-300x225.jpg 300w, https:\/\/agora.xtec.cat\/insdesantacoloma\/wp-content\/uploads\/usu1849\/2022\/10\/IMG-20220930-WA0002-1-768x576.jpg 768w, https:\/\/agora.xtec.cat\/insdesantacoloma\/wp-content\/uploads\/usu1849\/2022\/10\/IMG-20220930-WA0002-1-1536x1152.jpg 1536w, https:\/\/agora.xtec.cat\/insdesantacoloma\/wp-content\/uploads\/usu1849\/2022\/10\/IMG-20220930-WA0002-1-200x150.jpg 200w, https:\/\/agora.xtec.cat\/insdesantacoloma\/wp-content\/uploads\/usu1849\/2022\/10\/IMG-20220930-WA0002-1.jpg 1600w\" sizes=\"auto, (max-width: 1024px) 100vw, 1024px\" \/><\/a><\/p>\n<ul>\n<li style=\"font-weight: 400; text-align: justify;\" aria-level=\"1\">\n<blockquote><p><strong>Qu\u00e8 us va cridar m\u00e9s l\u2019atenci\u00f3 del que vau veure a les diferents institucions?<\/strong><\/p><\/blockquote>\n<\/li>\n<\/ul>\n<p style=\"padding-left: 40px; text-align: justify;\"><em><span style=\"font-weight: 400;\">All\u00e0 les escoles tenen molta independ\u00e8ncia, ja que tenen una gran franja d\u2019optatives que poden oferir segons els seus interessos. Per exemple, hi ha una escola p\u00fablica especialitzada en ci\u00e8ncies que ofereix moltes m\u00e9s hores de mat\u00e8ries cient\u00edfiques que la mitjana del pa\u00eds. L\u2019acc\u00e9s a les escoles\/instituts es fa a trav\u00e9s d\u2019una prova de coneixements quan hi ha molta demanda.<\/span><\/em><\/p>\n<p style=\"padding-left: 40px; text-align: justify;\"><em><span style=\"font-weight: 400;\">D\u2019altra banda, les extraescolars estan molt coordinades amb el curr\u00edculum de les escoles, i moltes vegades s\u00f3n els mateixos professors els que imparteixen el curs extra a la tarda. Aix\u00ed, s&#8217;ofereixen classes de m\u00fasica, esports, idiomes\u2026 per\u00f2 tamb\u00e9 de f\u00edsica, matem\u00e0tiques, debat, astronomia\u2026<\/span><\/em><\/p>\n<p style=\"padding-left: 40px; text-align: justify;\"><em><span style=\"font-weight: 400;\">No treballen per projectes interdisciplinaris, per\u00f2 s\u00ed que intenten dur a terme petits projectes dintre de les assignatures, que combinen amb les classes majorit\u00e0riament magistrals. Tamb\u00e9 afegir que les mat\u00e8ries amb part pr\u00e0ctica porten l\u2019alumnat al taller, laboratori o a la mateixa classe fan la part pr\u00e0ctica i l\u2019alumnat t\u00e9 molt clars els protocols i saben el que han de fer amb el material que troben preparat. S\u00f3n for\u00e7a aut\u00f2noms\/es. Tamb\u00e9 \u00e9s important afegir que aquest centre que vam visitar era un centre molt demandat i amb un alumnat que havia passat un examen per entrar-hi i amb molt inter\u00e8s per les ci\u00e8ncies.<\/span><\/em><\/p>\n<p><a href=\"https:\/\/agora.xtec.cat\/insdesantacoloma\/wp-content\/uploads\/usu1849\/2022\/10\/IMG-20220930-WA0006-1.jpg\"><img loading=\"lazy\" decoding=\"async\" class=\"aligncenter wp-image-3292 size-large\" src=\"https:\/\/agora.xtec.cat\/insdesantacoloma\/wp-content\/uploads\/usu1849\/2022\/10\/IMG-20220930-WA0006-1-1024x473.jpg\" alt=\"\" width=\"1024\" height=\"473\" srcset=\"https:\/\/agora.xtec.cat\/insdesantacoloma\/wp-content\/uploads\/usu1849\/2022\/10\/IMG-20220930-WA0006-1-1024x473.jpg 1024w, https:\/\/agora.xtec.cat\/insdesantacoloma\/wp-content\/uploads\/usu1849\/2022\/10\/IMG-20220930-WA0006-1-300x139.jpg 300w, https:\/\/agora.xtec.cat\/insdesantacoloma\/wp-content\/uploads\/usu1849\/2022\/10\/IMG-20220930-WA0006-1-768x355.jpg 768w, https:\/\/agora.xtec.cat\/insdesantacoloma\/wp-content\/uploads\/usu1849\/2022\/10\/IMG-20220930-WA0006-1-1536x710.jpg 1536w, https:\/\/agora.xtec.cat\/insdesantacoloma\/wp-content\/uploads\/usu1849\/2022\/10\/IMG-20220930-WA0006-1.jpg 2048w\" sizes=\"auto, (max-width: 1024px) 100vw, 1024px\" \/><\/a><\/p>\n<ul>\n<li style=\"font-weight: 400;\" aria-level=\"1\">\n<blockquote><p><strong>Est\u00f2nia \u00e9s dels pa\u00efsos que t\u00e9 millors resultats a les avaluacions europees, per qu\u00e8 creieu que passa?<\/strong><\/p><\/blockquote>\n<\/li>\n<\/ul>\n<p style=\"padding-left: 40px; text-align: justify;\"><em><span style=\"font-weight: 400;\">Un dels punts ja l\u2019hem comentat: la coordinaci\u00f3 de les extraescolars amb el curr\u00edculum oficial educatiu. Que a m\u00e9s, moltes estan subvencionades.<\/span><\/em><\/p>\n<p style=\"padding-left: 40px; text-align: justify;\"><em><span style=\"font-weight: 400;\">S\u2019inverteix molt m\u00e9s en educaci\u00f3.\u00a0<\/span><\/em><\/p>\n<p style=\"padding-left: 40px; text-align: justify;\"><em><span style=\"font-weight: 400;\">D\u2019altra banda, des del govern es fa un esfor\u00e7 per promoure els estudis cient\u00edfics entre els joves. Un exemple seria el programa televisiu \u201cRocket 69\u201d, una competici\u00f3 cient\u00edfica per equips d\u2019alumnes molt famosa al pa\u00eds. Tamb\u00e9 es promouen molt les fires cient\u00edfiques, les olimp\u00edades\u2026<\/span><\/em><\/p>\n<ul>\n<li style=\"font-weight: 400;\" aria-level=\"1\">\n<blockquote><p><strong>Qu\u00e8 fa el seu sistema educatiu que es podria instaurar aqu\u00ed per millorar el nostre sistema?\u00a0<\/strong><\/p><\/blockquote>\n<\/li>\n<\/ul>\n<p style=\"padding-left: 40px; text-align: justify;\"><em><span style=\"font-weight: 400;\">Intentar promoure m\u00e9s la part pr\u00e0ctica de les mat\u00e8ries. Per qu\u00e8 no, mirar d&#8217;organitzar fires \/ olimp\u00edades\u2026\u00a0<\/span><\/em><\/p>\n<p style=\"padding-left: 40px; text-align: justify;\"><em><span style=\"font-weight: 400;\">Intentar treballar m\u00e9s conjuntament amb entitats, museus, escoles d\u2019art, la universitat\u2026 com fan a Est\u00f2nia.<\/span><\/em><\/p>\n<p><a href=\"https:\/\/agora.xtec.cat\/insdesantacoloma\/wp-content\/uploads\/usu1849\/2022\/10\/IMG-20220930-WA0007-1.jpg\"><img loading=\"lazy\" decoding=\"async\" class=\"wp-image-3295 size-large aligncenter\" src=\"https:\/\/agora.xtec.cat\/insdesantacoloma\/wp-content\/uploads\/usu1849\/2022\/10\/IMG-20220930-WA0007-1-1024x473.jpg\" alt=\"\" width=\"1024\" height=\"473\" srcset=\"https:\/\/agora.xtec.cat\/insdesantacoloma\/wp-content\/uploads\/usu1849\/2022\/10\/IMG-20220930-WA0007-1-1024x473.jpg 1024w, https:\/\/agora.xtec.cat\/insdesantacoloma\/wp-content\/uploads\/usu1849\/2022\/10\/IMG-20220930-WA0007-1-300x139.jpg 300w, https:\/\/agora.xtec.cat\/insdesantacoloma\/wp-content\/uploads\/usu1849\/2022\/10\/IMG-20220930-WA0007-1-768x355.jpg 768w, https:\/\/agora.xtec.cat\/insdesantacoloma\/wp-content\/uploads\/usu1849\/2022\/10\/IMG-20220930-WA0007-1-1536x709.jpg 1536w, https:\/\/agora.xtec.cat\/insdesantacoloma\/wp-content\/uploads\/usu1849\/2022\/10\/IMG-20220930-WA0007-1.jpg 1600w\" sizes=\"auto, (max-width: 1024px) 100vw, 1024px\" \/><\/a><\/p>\n<p><span style=\"color: #000000;\">I fins aqu\u00ed la informaci\u00f3 sobre aquest viatge per con\u00e8ixer les maneres de fer d&#8217;alguns pa\u00efsos europeus. \u00c9s important con\u00e8ixer i estar informats de les novetats en educaci\u00f3, la innovaci\u00f3 pedag\u00f2gica i les diferents maneres de fer arreu per poder mantenir un esperit cr\u00edtic i sempre en constant canvi per la millora educativa al nostre voltant.\u00a0<\/span><\/p>\n<p>*<em>El projecte &#8220;SteamCat+&#8221; est\u00e0 cofinan\u00e7at pel programa Erasmus+ de la UE. El contingut d&#8217;aquest article \u00e9s resposabilitat exclusiva del nostre centre, l&#8217;Institut 9 de Santa Coloma de Gramenet, i ni la Comissi\u00f3 Europea ni el Servei Espanyol per la Internacionalitzaci\u00f3 de l&#8217;Educaci\u00f3 (SEPIE) s\u00f3n responsables de l&#8217;\u00fas que pugui fer-se de la informaci\u00f3 donada.<\/em><\/p>\n<div><\/div>\n<div><\/div>\n<p><a href=\"https:\/\/agora.xtec.cat\/insdesantacoloma\/wp-content\/uploads\/usu1849\/2022\/11\/logobo.png\"><img loading=\"lazy\" decoding=\"async\" class=\" wp-image-3593 alignleft\" src=\"https:\/\/agora.xtec.cat\/insdesantacoloma\/wp-content\/uploads\/usu1849\/2022\/11\/logobo-300x225.png\" alt=\"\" width=\"164\" height=\"123\" \/><\/a><a href=\"https:\/\/agora.xtec.cat\/insdesantacoloma\/wp-content\/uploads\/usu1849\/2022\/11\/SEPIE_erasmus_plus-1.gif\"><img loading=\"lazy\" decoding=\"async\" class=\" wp-image-3591 alignright\" src=\"https:\/\/agora.xtec.cat\/insdesantacoloma\/wp-content\/uploads\/usu1849\/2022\/11\/SEPIE_erasmus_plus-1-300x111.gif\" alt=\"\" width=\"230\" height=\"85\" \/><\/a><a href=\"https:\/\/agora.xtec.cat\/insdesantacoloma\/wp-content\/uploads\/usu1849\/2022\/11\/LOGO-Erasmus.png\"><img loading=\"lazy\" decoding=\"async\" class=\"size-medium wp-image-3592 alignright\" src=\"https:\/\/agora.xtec.cat\/insdesantacoloma\/wp-content\/uploads\/usu1849\/2022\/11\/LOGO-Erasmus-300x73.png\" alt=\"\" width=\"300\" height=\"73\" srcset=\"https:\/\/agora.xtec.cat\/insdesantacoloma\/wp-content\/uploads\/usu1849\/2022\/11\/LOGO-Erasmus-300x73.png 300w, https:\/\/agora.xtec.cat\/insdesantacoloma\/wp-content\/uploads\/usu1849\/2022\/11\/LOGO-Erasmus-1024x249.png 1024w, https:\/\/agora.xtec.cat\/insdesantacoloma\/wp-content\/uploads\/usu1849\/2022\/11\/LOGO-Erasmus-768x187.png 768w, https:\/\/agora.xtec.cat\/insdesantacoloma\/wp-content\/uploads\/usu1849\/2022\/11\/LOGO-Erasmus-1536x373.png 1536w, https:\/\/agora.xtec.cat\/insdesantacoloma\/wp-content\/uploads\/usu1849\/2022\/11\/LOGO-Erasmus.png 1659w\" sizes=\"auto, (max-width: 300px) 100vw, 300px\" \/><\/a><\/p>\n","protected":false},"excerpt":{"rendered":"<p>Entrevista a la Marta Calvo i la Raquel Monta\u00f1ez Institut 9 de Santa Coloma de Gramenet 2 de Novembre 2022 [&hellip;]<\/p>\n","protected":false},"author":1,"featured_media":3294,"comment_status":"open","ping_status":"closed","sticky":false,"template":"","format":"standard","meta":{"_bbp_topic_count":0,"_bbp_reply_count":0,"_bbp_total_topic_count":0,"_bbp_total_reply_count":0,"_bbp_voice_count":0,"_bbp_anonymous_reply_count":0,"_bbp_topic_count_hidden":0,"_bbp_reply_count_hidden":0,"_bbp_forum_subforum_count":0,"site-sidebar-layout":"default","site-content-layout":"","ast-site-content-layout":"","site-content-style":"default","site-sidebar-style":"default","ast-global-header-display":"","ast-banner-title-visibility":"","ast-main-header-display":"","ast-hfb-above-header-display":"","ast-hfb-below-header-display":"","ast-hfb-mobile-header-display":"","site-post-title":"","ast-breadcrumbs-content":"","ast-featured-img":"","footer-sml-layout":"","theme-transparent-header-meta":"","adv-header-id-meta":"","stick-header-meta":"","header-above-stick-meta":"","header-main-stick-meta":"","header-below-stick-meta":"","astra-migrate-meta-layouts":"default","ast-page-background-enabled":"default","ast-page-background-meta":{"desktop":{"background-color":"var(--ast-global-color-4)","background-image":"","background-repeat":"repeat","background-position":"center center","background-size":"auto","background-attachment":"scroll","background-type":"","background-media":"","overlay-type":"","overlay-color":"","overlay-opacity":"","overlay-gradient":""},"tablet":{"background-color":"","background-image":"","background-repeat":"repeat","background-position":"center center","background-size":"auto","background-attachment":"scroll","background-type":"","background-media":"","overlay-type":"","overlay-color":"","overlay-opacity":"","overlay-gradient":""},"mobile":{"background-color":"","background-image":"","background-repeat":"repeat","background-position":"center center","background-size":"auto","background-attachment":"scroll","background-type":"","background-media":"","overlay-type":"","overlay-color":"","overlay-opacity":"","overlay-gradient":""}},"ast-content-background-meta":{"desktop":{"background-color":"var(--ast-global-color-5)","background-image":"","background-repeat":"repeat","background-position":"center center","background-size":"auto","background-attachment":"scroll","background-type":"","background-media":"","overlay-type":"","overlay-color":"","overlay-opacity":"","overlay-gradient":""},"tablet":{"background-color":"var(--ast-global-color-5)","background-image":"","background-repeat":"repeat","background-position":"center center","background-size":"auto","background-attachment":"scroll","background-type":"","background-media":"","overlay-type":"","overlay-color":"","overlay-opacity":"","overlay-gradient":""},"mobile":{"background-color":"var(--ast-global-color-5)","background-image":"","background-repeat":"repeat","background-position":"center center","background-size":"auto","background-attachment":"scroll","background-type":"","background-media":"","overlay-type":"","overlay-color":"","overlay-opacity":"","overlay-gradient":""}},"footnotes":""},"categories":[3,1,29,243],"tags":[],"class_list":["post-3260","post","type-post","status-publish","format-standard","has-post-thumbnail","hentry","category-eso","category-general","category-portada","category-projectes-erasmus"],"post_mailing_queue_ids":[],"_links":{"self":[{"href":"https:\/\/agora.xtec.cat\/insdesantacoloma\/wp-json\/wp\/v2\/posts\/3260","targetHints":{"allow":["GET"]}}],"collection":[{"href":"https:\/\/agora.xtec.cat\/insdesantacoloma\/wp-json\/wp\/v2\/posts"}],"about":[{"href":"https:\/\/agora.xtec.cat\/insdesantacoloma\/wp-json\/wp\/v2\/types\/post"}],"author":[{"embeddable":true,"href":"https:\/\/agora.xtec.cat\/insdesantacoloma\/wp-json\/wp\/v2\/users\/1"}],"replies":[{"embeddable":true,"href":"https:\/\/agora.xtec.cat\/insdesantacoloma\/wp-json\/wp\/v2\/comments?post=3260"}],"version-history":[{"count":3,"href":"https:\/\/agora.xtec.cat\/insdesantacoloma\/wp-json\/wp\/v2\/posts\/3260\/revisions"}],"predecessor-version":[{"id":3315,"href":"https:\/\/agora.xtec.cat\/insdesantacoloma\/wp-json\/wp\/v2\/posts\/3260\/revisions\/3315"}],"wp:featuredmedia":[{"embeddable":true,"href":"https:\/\/agora.xtec.cat\/insdesantacoloma\/wp-json\/wp\/v2\/media\/3294"}],"wp:attachment":[{"href":"https:\/\/agora.xtec.cat\/insdesantacoloma\/wp-json\/wp\/v2\/media?parent=3260"}],"wp:term":[{"taxonomy":"category","embeddable":true,"href":"https:\/\/agora.xtec.cat\/insdesantacoloma\/wp-json\/wp\/v2\/categories?post=3260"},{"taxonomy":"post_tag","embeddable":true,"href":"https:\/\/agora.xtec.cat\/insdesantacoloma\/wp-json\/wp\/v2\/tags?post=3260"}],"curies":[{"name":"wp","href":"https:\/\/api.w.org\/{rel}","templated":true}]}}