{"id":3157,"date":"2022-09-23T22:57:46","date_gmt":"2022-09-23T20:57:46","guid":{"rendered":"https:\/\/agora.xtec.cat\/insdesantacoloma\/?p=3157"},"modified":"2022-09-28T18:56:41","modified_gmt":"2022-09-28T16:56:41","slug":"benvinguda-al-curs-2022-2023","status":"publish","type":"post","link":"https:\/\/agora.xtec.cat\/insdesantacoloma\/general\/benvinguda-al-curs-2022-2023\/","title":{"rendered":"Benvinguda i inici del curs 2022-2023!"},"content":{"rendered":"<p style=\"text-align: justify;\">El passat <strong>7 de setembre<\/strong> engeg\u00e0vem motors i obr\u00edem les portes del 9. Comencem un curs ple de noves aventures, nous aprenentatges i sobretot carregat de molta il\u00b7lusi\u00f3 i energia. Aquest any, tornem a cr\u00e9ixer, no \u00fanicament s&#8217;ha incorporat l&#8217;alumnat nou de 1r d&#8217;ESO, sin\u00f3 que tamb\u00e9 ens estrenem amb un nou grup de 1r de Batxillerat i alhora un grup de professorat de diferents mat\u00e8ries.<\/p>\n<p style=\"text-align: justify;\">Un any m\u00e9s iniciem el curs amb una <strong>gran festa<\/strong> per compartir amb tots\/es!<\/p>\n<div style=\"width: 1920px;\" class=\"wp-video\"><!--[if lt IE 9]><script>document.createElement('video');<\/script><![endif]-->\n<video class=\"wp-video-shortcode\" id=\"video-3157-1\" width=\"1920\" height=\"1080\" preload=\"metadata\" controls=\"controls\"><source type=\"video\/mp4\" src=\"https:\/\/agora.xtec.cat\/insdesantacoloma\/wp-content\/uploads\/usu1849\/2022\/09\/ultimo_8qEYDD8k.mp4?_=1\" \/><a href=\"https:\/\/agora.xtec.cat\/insdesantacoloma\/wp-content\/uploads\/usu1849\/2022\/09\/ultimo_8qEYDD8k.mp4\">https:\/\/agora.xtec.cat\/insdesantacoloma\/wp-content\/uploads\/usu1849\/2022\/09\/ultimo_8qEYDD8k.mp4<\/a><\/video><\/div>\n<p><a href=\"https:\/\/agora.xtec.cat\/insdesantacoloma\/wp-content\/uploads\/usu1849\/2022\/09\/IMG-20220907-WA0013.jpg\">\u00a0<\/a><\/p>\n<h3><strong><span style=\"color: #333399;\">COMENCEM!<\/span><\/strong><\/h3>\n<p style=\"text-align: justify;\">Ara que ja portem unes setmanes de curs, volem fer un recull de l&#8217;acollida de l&#8217;alumnat la primera setmana de curs. Aquesta ha estat diversa, dedicada a con\u00e8ixer els companys\/es a trav\u00e9s d&#8217;activitats de <strong>cohesi\u00f3 de grup<\/strong> i realitzant una <strong>sortida grupal<\/strong> per cada nivell.<\/p>\n<p style=\"text-align: justify;\">Aquests dies hem deixat pas a descobrir, con\u00e8ixer, crear, fer vincles&#8230; i un munt de coses m\u00e9s.<\/p>\n<h4><span style=\"color: #333399;\">Rebuda de l&#8217;alumnat de 1r d&#8217;ESO<\/span><\/h4>\n<p style=\"text-align: justify;\">Els primers dies l&#8217;alumnat de 1r d&#8217;ESO va poder gaudir d&#8217;activitats i din\u00e0miques de coneixen\u00e7a, aix\u00ed com d&#8217;una <strong>gimcana pel centre<\/strong> per poder con\u00e8ixer una mica m\u00e9s l&#8217;institut9.<\/p>\n<p><a href=\"https:\/\/agora.xtec.cat\/insdesantacoloma\/wp-content\/uploads\/usu1849\/2022\/09\/IMG_20220909_104337-1-scaled.jpg\"><img loading=\"lazy\" decoding=\"async\" class=\"wp-image-3194 alignleft\" src=\"https:\/\/agora.xtec.cat\/insdesantacoloma\/wp-content\/uploads\/usu1849\/2022\/09\/IMG_20220909_104337-1-300x225.jpg\" alt=\"\" width=\"231\" height=\"173\" srcset=\"https:\/\/agora.xtec.cat\/insdesantacoloma\/wp-content\/uploads\/usu1849\/2022\/09\/IMG_20220909_104337-1-300x225.jpg 300w, https:\/\/agora.xtec.cat\/insdesantacoloma\/wp-content\/uploads\/usu1849\/2022\/09\/IMG_20220909_104337-1-1024x768.jpg 1024w, https:\/\/agora.xtec.cat\/insdesantacoloma\/wp-content\/uploads\/usu1849\/2022\/09\/IMG_20220909_104337-1-768x576.jpg 768w, https:\/\/agora.xtec.cat\/insdesantacoloma\/wp-content\/uploads\/usu1849\/2022\/09\/IMG_20220909_104337-1-1536x1152.jpg 1536w, https:\/\/agora.xtec.cat\/insdesantacoloma\/wp-content\/uploads\/usu1849\/2022\/09\/IMG_20220909_104337-1-2048x1536.jpg 2048w, https:\/\/agora.xtec.cat\/insdesantacoloma\/wp-content\/uploads\/usu1849\/2022\/09\/IMG_20220909_104337-1-200x150.jpg 200w\" sizes=\"auto, (max-width: 231px) 100vw, 231px\" \/><\/a><a href=\"https:\/\/agora.xtec.cat\/insdesantacoloma\/wp-content\/uploads\/usu1849\/2022\/09\/IMG_20220909_110109-2-scaled.jpg\"><img loading=\"lazy\" decoding=\"async\" class=\"alignnone wp-image-3197\" src=\"https:\/\/agora.xtec.cat\/insdesantacoloma\/wp-content\/uploads\/usu1849\/2022\/09\/IMG_20220909_110109-2-300x225.jpg\" alt=\"\" width=\"239\" height=\"179\" srcset=\"https:\/\/agora.xtec.cat\/insdesantacoloma\/wp-content\/uploads\/usu1849\/2022\/09\/IMG_20220909_110109-2-300x225.jpg 300w, https:\/\/agora.xtec.cat\/insdesantacoloma\/wp-content\/uploads\/usu1849\/2022\/09\/IMG_20220909_110109-2-1024x768.jpg 1024w, https:\/\/agora.xtec.cat\/insdesantacoloma\/wp-content\/uploads\/usu1849\/2022\/09\/IMG_20220909_110109-2-768x576.jpg 768w, https:\/\/agora.xtec.cat\/insdesantacoloma\/wp-content\/uploads\/usu1849\/2022\/09\/IMG_20220909_110109-2-1536x1152.jpg 1536w, https:\/\/agora.xtec.cat\/insdesantacoloma\/wp-content\/uploads\/usu1849\/2022\/09\/IMG_20220909_110109-2-2048x1536.jpg 2048w, https:\/\/agora.xtec.cat\/insdesantacoloma\/wp-content\/uploads\/usu1849\/2022\/09\/IMG_20220909_110109-2-200x150.jpg 200w\" sizes=\"auto, (max-width: 239px) 100vw, 239px\" \/><\/a><\/p>\n<p>A m\u00e9s, dilluns 12 de setembre van fer <strong>ruta per la muntanya de Santa Coloma<\/strong> i acabar de con\u00e8ixer a tots els nous companys i companyes que compartiran el nostre dia a dia durant el curs.<\/p>\n<p><a href=\"https:\/\/agora.xtec.cat\/insdesantacoloma\/wp-content\/uploads\/usu1849\/2022\/09\/IMG_20220912_105613-1-scaled.jpg\"><img loading=\"lazy\" decoding=\"async\" class=\"size-medium wp-image-3199 aligncenter\" src=\"https:\/\/agora.xtec.cat\/insdesantacoloma\/wp-content\/uploads\/usu1849\/2022\/09\/IMG_20220912_105613-1-300x225.jpg\" alt=\"\" width=\"300\" height=\"225\" srcset=\"https:\/\/agora.xtec.cat\/insdesantacoloma\/wp-content\/uploads\/usu1849\/2022\/09\/IMG_20220912_105613-1-300x225.jpg 300w, https:\/\/agora.xtec.cat\/insdesantacoloma\/wp-content\/uploads\/usu1849\/2022\/09\/IMG_20220912_105613-1-1024x768.jpg 1024w, https:\/\/agora.xtec.cat\/insdesantacoloma\/wp-content\/uploads\/usu1849\/2022\/09\/IMG_20220912_105613-1-768x576.jpg 768w, https:\/\/agora.xtec.cat\/insdesantacoloma\/wp-content\/uploads\/usu1849\/2022\/09\/IMG_20220912_105613-1-1536x1152.jpg 1536w, https:\/\/agora.xtec.cat\/insdesantacoloma\/wp-content\/uploads\/usu1849\/2022\/09\/IMG_20220912_105613-1-2048x1536.jpg 2048w, https:\/\/agora.xtec.cat\/insdesantacoloma\/wp-content\/uploads\/usu1849\/2022\/09\/IMG_20220912_105613-1-200x150.jpg 200w\" sizes=\"auto, (max-width: 300px) 100vw, 300px\" \/><\/a><a href=\"https:\/\/agora.xtec.cat\/insdesantacoloma\/wp-content\/uploads\/usu1849\/2022\/09\/IMG_20220912_105410-1-scaled.jpg\"><img loading=\"lazy\" decoding=\"async\" class=\"size-medium wp-image-3200 aligncenter\" src=\"https:\/\/agora.xtec.cat\/insdesantacoloma\/wp-content\/uploads\/usu1849\/2022\/09\/IMG_20220912_105410-1-300x225.jpg\" alt=\"\" width=\"300\" height=\"225\" srcset=\"https:\/\/agora.xtec.cat\/insdesantacoloma\/wp-content\/uploads\/usu1849\/2022\/09\/IMG_20220912_105410-1-300x225.jpg 300w, https:\/\/agora.xtec.cat\/insdesantacoloma\/wp-content\/uploads\/usu1849\/2022\/09\/IMG_20220912_105410-1-1024x768.jpg 1024w, https:\/\/agora.xtec.cat\/insdesantacoloma\/wp-content\/uploads\/usu1849\/2022\/09\/IMG_20220912_105410-1-768x576.jpg 768w, https:\/\/agora.xtec.cat\/insdesantacoloma\/wp-content\/uploads\/usu1849\/2022\/09\/IMG_20220912_105410-1-1536x1152.jpg 1536w, https:\/\/agora.xtec.cat\/insdesantacoloma\/wp-content\/uploads\/usu1849\/2022\/09\/IMG_20220912_105410-1-2048x1536.jpg 2048w, https:\/\/agora.xtec.cat\/insdesantacoloma\/wp-content\/uploads\/usu1849\/2022\/09\/IMG_20220912_105410-1-200x150.jpg 200w\" sizes=\"auto, (max-width: 300px) 100vw, 300px\" \/><\/a><\/p>\n<p>&nbsp;<\/p>\n<p>&nbsp;<\/p>\n<h4><span style=\"color: #333399;\">Una mica de sol i platja amb 2n d&#8217;ESO<\/span><\/h4>\n<p style=\"text-align: justify;\">Aix\u00ed com l&#8217;alumnat nou de 1r d&#8217;ESO va fer activitats de coneixen\u00e7a, els grups de <strong>2n d&#8217;ESO<\/strong> van anar divendres 9 de setembre a la <strong>platja de Badalona a fer jocs cooperatius<\/strong> i tornar a retrobar-se amb els companys i les companyes de l&#8217;any passat.<\/p>\n<div style=\"width: 848px;\" class=\"wp-video\"><video class=\"wp-video-shortcode\" id=\"video-3157-2\" width=\"848\" height=\"480\" preload=\"metadata\" controls=\"controls\"><source type=\"video\/mp4\" src=\"https:\/\/agora.xtec.cat\/insdesantacoloma\/wp-content\/uploads\/usu1849\/2022\/09\/VID-20220909-WA0057.mp4?_=2\" \/><a href=\"https:\/\/agora.xtec.cat\/insdesantacoloma\/wp-content\/uploads\/usu1849\/2022\/09\/VID-20220909-WA0057.mp4\">https:\/\/agora.xtec.cat\/insdesantacoloma\/wp-content\/uploads\/usu1849\/2022\/09\/VID-20220909-WA0057.mp4<\/a><\/video><\/div>\n<h4><\/h4>\n<h4><\/h4>\n<h4><span style=\"color: #333399;\">V<\/span><span style=\"color: #333399;\">isita al Museu del Disseny amb 3r d&#8217;ESO<\/span><\/h4>\n<p style=\"text-align: justify;\">A m\u00e9s de totes les activitats dutes a terme a l&#8217;aula per con\u00e8ixer al seu nou grup classe, l&#8217;alumnat de 3r ha gaudit del <strong>Museu del Disseny<\/strong>, all\u00e0 han pogut veure diferents <strong>col\u00b7leccions d&#8217;objectes<\/strong> on es presentava la seva creaci\u00f3, producci\u00f3 i el seu \u00fas i evoluci\u00f3 en els temps i en la societat.<\/p>\n<p style=\"text-align: justify;\">Ha estat una sortida molt interessant amb la que hem pogut saber una mica m\u00e9s de tot all\u00f2 que es relaciona amb l&#8217;art.<\/p>\n<p><a href=\"https:\/\/agora.xtec.cat\/insdesantacoloma\/wp-content\/uploads\/usu1849\/2022\/09\/IMG-20220909-WA0010.jpg\"><img loading=\"lazy\" decoding=\"async\" class=\"alignnone size-medium wp-image-3166\" src=\"https:\/\/agora.xtec.cat\/insdesantacoloma\/wp-content\/uploads\/usu1849\/2022\/09\/IMG-20220909-WA0010-300x224.jpg\" alt=\"\" width=\"300\" height=\"224\" srcset=\"https:\/\/agora.xtec.cat\/insdesantacoloma\/wp-content\/uploads\/usu1849\/2022\/09\/IMG-20220909-WA0010-300x224.jpg 300w, https:\/\/agora.xtec.cat\/insdesantacoloma\/wp-content\/uploads\/usu1849\/2022\/09\/IMG-20220909-WA0010-1024x766.jpg 1024w, https:\/\/agora.xtec.cat\/insdesantacoloma\/wp-content\/uploads\/usu1849\/2022\/09\/IMG-20220909-WA0010-768x575.jpg 768w, https:\/\/agora.xtec.cat\/insdesantacoloma\/wp-content\/uploads\/usu1849\/2022\/09\/IMG-20220909-WA0010-1536x1149.jpg 1536w, https:\/\/agora.xtec.cat\/insdesantacoloma\/wp-content\/uploads\/usu1849\/2022\/09\/IMG-20220909-WA0010-200x150.jpg 200w, https:\/\/agora.xtec.cat\/insdesantacoloma\/wp-content\/uploads\/usu1849\/2022\/09\/IMG-20220909-WA0010.jpg 2048w\" sizes=\"auto, (max-width: 300px) 100vw, 300px\" \/><\/a> <a href=\"https:\/\/agora.xtec.cat\/insdesantacoloma\/wp-content\/uploads\/usu1849\/2022\/09\/Sortida-inici-curs_3rC_Foto-grup.heic\"><img loading=\"lazy\" decoding=\"async\" class=\"alignnone size-medium wp-image-3167\" src=\"https:\/\/agora.xtec.cat\/insdesantacoloma\/wp-content\/uploads\/usu1849\/2022\/09\/Sortida-inici-curs_3rC_Foto-grup.heic\" alt=\"\" width=\"1\" height=\"1\" \/><\/a><a href=\"https:\/\/agora.xtec.cat\/insdesantacoloma\/wp-content\/uploads\/usu1849\/2022\/09\/IMG-20220909-WA0009.jpg\"><img loading=\"lazy\" decoding=\"async\" class=\"alignnone size-medium wp-image-3169\" src=\"https:\/\/agora.xtec.cat\/insdesantacoloma\/wp-content\/uploads\/usu1849\/2022\/09\/IMG-20220909-WA0009-300x224.jpg\" alt=\"\" width=\"300\" height=\"224\" srcset=\"https:\/\/agora.xtec.cat\/insdesantacoloma\/wp-content\/uploads\/usu1849\/2022\/09\/IMG-20220909-WA0009-300x224.jpg 300w, https:\/\/agora.xtec.cat\/insdesantacoloma\/wp-content\/uploads\/usu1849\/2022\/09\/IMG-20220909-WA0009-1024x766.jpg 1024w, https:\/\/agora.xtec.cat\/insdesantacoloma\/wp-content\/uploads\/usu1849\/2022\/09\/IMG-20220909-WA0009-768x575.jpg 768w, https:\/\/agora.xtec.cat\/insdesantacoloma\/wp-content\/uploads\/usu1849\/2022\/09\/IMG-20220909-WA0009-1536x1149.jpg 1536w, https:\/\/agora.xtec.cat\/insdesantacoloma\/wp-content\/uploads\/usu1849\/2022\/09\/IMG-20220909-WA0009-200x150.jpg 200w, https:\/\/agora.xtec.cat\/insdesantacoloma\/wp-content\/uploads\/usu1849\/2022\/09\/IMG-20220909-WA0009.jpg 2048w\" sizes=\"auto, (max-width: 300px) 100vw, 300px\" \/><\/a><\/p>\n<p><a href=\"https:\/\/agora.xtec.cat\/insdesantacoloma\/wp-content\/uploads\/usu1849\/2022\/09\/IMG-20220909-WA0011.jpg\"><img loading=\"lazy\" decoding=\"async\" class=\"alignnone size-medium wp-image-3170\" src=\"https:\/\/agora.xtec.cat\/insdesantacoloma\/wp-content\/uploads\/usu1849\/2022\/09\/IMG-20220909-WA0011-300x224.jpg\" alt=\"\" width=\"300\" height=\"224\" srcset=\"https:\/\/agora.xtec.cat\/insdesantacoloma\/wp-content\/uploads\/usu1849\/2022\/09\/IMG-20220909-WA0011-300x224.jpg 300w, https:\/\/agora.xtec.cat\/insdesantacoloma\/wp-content\/uploads\/usu1849\/2022\/09\/IMG-20220909-WA0011-1024x766.jpg 1024w, https:\/\/agora.xtec.cat\/insdesantacoloma\/wp-content\/uploads\/usu1849\/2022\/09\/IMG-20220909-WA0011-768x575.jpg 768w, https:\/\/agora.xtec.cat\/insdesantacoloma\/wp-content\/uploads\/usu1849\/2022\/09\/IMG-20220909-WA0011-1536x1149.jpg 1536w, https:\/\/agora.xtec.cat\/insdesantacoloma\/wp-content\/uploads\/usu1849\/2022\/09\/IMG-20220909-WA0011-200x150.jpg 200w, https:\/\/agora.xtec.cat\/insdesantacoloma\/wp-content\/uploads\/usu1849\/2022\/09\/IMG-20220909-WA0011.jpg 2048w\" sizes=\"auto, (max-width: 300px) 100vw, 300px\" \/><\/a> <a href=\"https:\/\/agora.xtec.cat\/insdesantacoloma\/wp-content\/uploads\/usu1849\/2022\/09\/IMG-20220909-WA0013.jpg\"><img loading=\"lazy\" decoding=\"async\" class=\"alignnone size-medium wp-image-3171\" src=\"https:\/\/agora.xtec.cat\/insdesantacoloma\/wp-content\/uploads\/usu1849\/2022\/09\/IMG-20220909-WA0013-300x224.jpg\" alt=\"\" width=\"300\" height=\"224\" srcset=\"https:\/\/agora.xtec.cat\/insdesantacoloma\/wp-content\/uploads\/usu1849\/2022\/09\/IMG-20220909-WA0013-300x224.jpg 300w, https:\/\/agora.xtec.cat\/insdesantacoloma\/wp-content\/uploads\/usu1849\/2022\/09\/IMG-20220909-WA0013-1024x766.jpg 1024w, https:\/\/agora.xtec.cat\/insdesantacoloma\/wp-content\/uploads\/usu1849\/2022\/09\/IMG-20220909-WA0013-768x575.jpg 768w, https:\/\/agora.xtec.cat\/insdesantacoloma\/wp-content\/uploads\/usu1849\/2022\/09\/IMG-20220909-WA0013-1536x1149.jpg 1536w, https:\/\/agora.xtec.cat\/insdesantacoloma\/wp-content\/uploads\/usu1849\/2022\/09\/IMG-20220909-WA0013-200x150.jpg 200w, https:\/\/agora.xtec.cat\/insdesantacoloma\/wp-content\/uploads\/usu1849\/2022\/09\/IMG-20220909-WA0013.jpg 2048w\" sizes=\"auto, (max-width: 300px) 100vw, 300px\" \/><\/a><\/p>\n<h4><span style=\"color: #333399;\">El Parlament i el Parc de la Ciutadella amb 4t d&#8217;ESO<\/span><\/h4>\n<p style=\"text-align: justify;\">Aquest curs, l&#8217;\u00faltim grup de l&#8217;ESO ha acabat la setmana fent una visita al <strong>Parlament de Catalunya<\/strong>, han pogut con\u00e8ixer la<strong> cambra dels diputats<\/strong>, i es van interessar per saber com funcionen els actes que es realitzen all\u00e0 i com es distribueixen a la sala els diferents diputats dels diferents partits pol\u00edtics que avui dia ens representen.<\/p>\n<p style=\"text-align: justify;\">Aquest dia no acaba aqu\u00ed, ja que, tamb\u00e9 van poder passejar pel <strong>Parc de la Ciutadella<\/strong>, i gaudir d&#8217;un mat\u00ed al llac, sent ells\/es els capitans de les barques.<\/p>\n<p><a href=\"https:\/\/agora.xtec.cat\/insdesantacoloma\/wp-content\/uploads\/usu1849\/2022\/09\/IMG-20220909-WA0018.jpg\"><img loading=\"lazy\" decoding=\"async\" class=\"alignnone size-medium wp-image-3176\" src=\"https:\/\/agora.xtec.cat\/insdesantacoloma\/wp-content\/uploads\/usu1849\/2022\/09\/IMG-20220909-WA0018-300x225.jpg\" alt=\"\" width=\"300\" height=\"225\" srcset=\"https:\/\/agora.xtec.cat\/insdesantacoloma\/wp-content\/uploads\/usu1849\/2022\/09\/IMG-20220909-WA0018-300x225.jpg 300w, https:\/\/agora.xtec.cat\/insdesantacoloma\/wp-content\/uploads\/usu1849\/2022\/09\/IMG-20220909-WA0018-1024x768.jpg 1024w, https:\/\/agora.xtec.cat\/insdesantacoloma\/wp-content\/uploads\/usu1849\/2022\/09\/IMG-20220909-WA0018-768x576.jpg 768w, https:\/\/agora.xtec.cat\/insdesantacoloma\/wp-content\/uploads\/usu1849\/2022\/09\/IMG-20220909-WA0018-1536x1152.jpg 1536w, https:\/\/agora.xtec.cat\/insdesantacoloma\/wp-content\/uploads\/usu1849\/2022\/09\/IMG-20220909-WA0018-200x150.jpg 200w, https:\/\/agora.xtec.cat\/insdesantacoloma\/wp-content\/uploads\/usu1849\/2022\/09\/IMG-20220909-WA0018.jpg 1824w\" sizes=\"auto, (max-width: 300px) 100vw, 300px\" \/><\/a> <a href=\"https:\/\/agora.xtec.cat\/insdesantacoloma\/wp-content\/uploads\/usu1849\/2022\/09\/IMG-20220909-WA0004.jpg\"><img loading=\"lazy\" decoding=\"async\" class=\"alignnone size-medium wp-image-3177\" src=\"https:\/\/agora.xtec.cat\/insdesantacoloma\/wp-content\/uploads\/usu1849\/2022\/09\/IMG-20220909-WA0004-300x225.jpg\" alt=\"\" width=\"300\" height=\"225\" srcset=\"https:\/\/agora.xtec.cat\/insdesantacoloma\/wp-content\/uploads\/usu1849\/2022\/09\/IMG-20220909-WA0004-300x225.jpg 300w, https:\/\/agora.xtec.cat\/insdesantacoloma\/wp-content\/uploads\/usu1849\/2022\/09\/IMG-20220909-WA0004-768x576.jpg 768w, https:\/\/agora.xtec.cat\/insdesantacoloma\/wp-content\/uploads\/usu1849\/2022\/09\/IMG-20220909-WA0004-200x150.jpg 200w, https:\/\/agora.xtec.cat\/insdesantacoloma\/wp-content\/uploads\/usu1849\/2022\/09\/IMG-20220909-WA0004.jpg 1024w\" sizes=\"auto, (max-width: 300px) 100vw, 300px\" \/><\/a><\/p>\n<p><a href=\"https:\/\/agora.xtec.cat\/insdesantacoloma\/wp-content\/uploads\/usu1849\/2022\/09\/IMG-20220909-WA0066.jpg\"><img loading=\"lazy\" decoding=\"async\" class=\"alignnone size-medium wp-image-3182\" src=\"https:\/\/agora.xtec.cat\/insdesantacoloma\/wp-content\/uploads\/usu1849\/2022\/09\/IMG-20220909-WA0066-300x225.jpg\" alt=\"\" width=\"300\" height=\"225\" srcset=\"https:\/\/agora.xtec.cat\/insdesantacoloma\/wp-content\/uploads\/usu1849\/2022\/09\/IMG-20220909-WA0066-300x225.jpg 300w, https:\/\/agora.xtec.cat\/insdesantacoloma\/wp-content\/uploads\/usu1849\/2022\/09\/IMG-20220909-WA0066-1024x768.jpg 1024w, https:\/\/agora.xtec.cat\/insdesantacoloma\/wp-content\/uploads\/usu1849\/2022\/09\/IMG-20220909-WA0066-768x576.jpg 768w, https:\/\/agora.xtec.cat\/insdesantacoloma\/wp-content\/uploads\/usu1849\/2022\/09\/IMG-20220909-WA0066-1536x1152.jpg 1536w, https:\/\/agora.xtec.cat\/insdesantacoloma\/wp-content\/uploads\/usu1849\/2022\/09\/IMG-20220909-WA0066-200x150.jpg 200w, https:\/\/agora.xtec.cat\/insdesantacoloma\/wp-content\/uploads\/usu1849\/2022\/09\/IMG-20220909-WA0066.jpg 1600w\" sizes=\"auto, (max-width: 300px) 100vw, 300px\" \/><\/a> <a href=\"https:\/\/agora.xtec.cat\/insdesantacoloma\/wp-content\/uploads\/usu1849\/2022\/09\/IMG-20220909-WA0065.jpg\"><img loading=\"lazy\" decoding=\"async\" class=\"alignnone size-medium wp-image-3183\" src=\"https:\/\/agora.xtec.cat\/insdesantacoloma\/wp-content\/uploads\/usu1849\/2022\/09\/IMG-20220909-WA0065-300x225.jpg\" alt=\"\" width=\"300\" height=\"225\" srcset=\"https:\/\/agora.xtec.cat\/insdesantacoloma\/wp-content\/uploads\/usu1849\/2022\/09\/IMG-20220909-WA0065-300x225.jpg 300w, https:\/\/agora.xtec.cat\/insdesantacoloma\/wp-content\/uploads\/usu1849\/2022\/09\/IMG-20220909-WA0065-1024x768.jpg 1024w, https:\/\/agora.xtec.cat\/insdesantacoloma\/wp-content\/uploads\/usu1849\/2022\/09\/IMG-20220909-WA0065-768x576.jpg 768w, https:\/\/agora.xtec.cat\/insdesantacoloma\/wp-content\/uploads\/usu1849\/2022\/09\/IMG-20220909-WA0065-1536x1152.jpg 1536w, https:\/\/agora.xtec.cat\/insdesantacoloma\/wp-content\/uploads\/usu1849\/2022\/09\/IMG-20220909-WA0065-200x150.jpg 200w, https:\/\/agora.xtec.cat\/insdesantacoloma\/wp-content\/uploads\/usu1849\/2022\/09\/IMG-20220909-WA0065.jpg 1600w\" sizes=\"auto, (max-width: 300px) 100vw, 300px\" \/><\/a><\/p>\n<h4><span style=\"color: #333399;\">Ruta modernista pel Passeig de Gr\u00e0cia amb 1r de Batxillerat<\/span><\/h4>\n<p style=\"text-align: justify;\">Finalment, l&#8217;alumnat de 1r de batxillerat va fer una <strong>ruta per Barcelona<\/strong>, una sortida relacionada amb l&#8217;arquitectura modernista on van poder gaudir de la ciutat i con\u00e8ixer una mica m\u00e9s la seva hist\u00f2ria.<\/p>\n<p><a style=\"color: #2795b6;\" href=\"https:\/\/agora.xtec.cat\/insdesantacoloma\/wp-content\/uploads\/usu1849\/2022\/09\/IMG-20220909-WA0007.jpg\"><img loading=\"lazy\" decoding=\"async\" class=\"size-medium wp-image-3209 alignleft\" src=\"https:\/\/agora.xtec.cat\/insdesantacoloma\/wp-content\/uploads\/usu1849\/2022\/09\/IMG-20220909-WA0007-180x300.jpg\" alt=\"\" width=\"180\" height=\"300\" srcset=\"https:\/\/agora.xtec.cat\/insdesantacoloma\/wp-content\/uploads\/usu1849\/2022\/09\/IMG-20220909-WA0007-180x300.jpg 180w, https:\/\/agora.xtec.cat\/insdesantacoloma\/wp-content\/uploads\/usu1849\/2022\/09\/IMG-20220909-WA0007-615x1024.jpg 615w, https:\/\/agora.xtec.cat\/insdesantacoloma\/wp-content\/uploads\/usu1849\/2022\/09\/IMG-20220909-WA0007-768x1279.jpg 768w, https:\/\/agora.xtec.cat\/insdesantacoloma\/wp-content\/uploads\/usu1849\/2022\/09\/IMG-20220909-WA0007-922x1536.jpg 922w, https:\/\/agora.xtec.cat\/insdesantacoloma\/wp-content\/uploads\/usu1849\/2022\/09\/IMG-20220909-WA0007.jpg 1068w\" sizes=\"auto, (max-width: 180px) 100vw, 180px\" \/><\/a><a style=\"color: #2795b6;\" href=\"https:\/\/agora.xtec.cat\/insdesantacoloma\/wp-content\/uploads\/usu1849\/2022\/09\/1662755380309-1-scaled.jpg\"><img loading=\"lazy\" decoding=\"async\" class=\"size-medium wp-image-3210 alignleft\" src=\"https:\/\/agora.xtec.cat\/insdesantacoloma\/wp-content\/uploads\/usu1849\/2022\/09\/1662755380309-1-300x139.jpg\" alt=\"\" width=\"300\" height=\"139\" srcset=\"https:\/\/agora.xtec.cat\/insdesantacoloma\/wp-content\/uploads\/usu1849\/2022\/09\/1662755380309-1-300x139.jpg 300w, https:\/\/agora.xtec.cat\/insdesantacoloma\/wp-content\/uploads\/usu1849\/2022\/09\/1662755380309-1-1024x473.jpg 1024w, https:\/\/agora.xtec.cat\/insdesantacoloma\/wp-content\/uploads\/usu1849\/2022\/09\/1662755380309-1-768x355.jpg 768w, https:\/\/agora.xtec.cat\/insdesantacoloma\/wp-content\/uploads\/usu1849\/2022\/09\/1662755380309-1-1536x710.jpg 1536w, https:\/\/agora.xtec.cat\/insdesantacoloma\/wp-content\/uploads\/usu1849\/2022\/09\/1662755380309-1-2048x946.jpg 2048w\" sizes=\"auto, (max-width: 300px) 100vw, 300px\" \/><\/a><\/p>\n<p>&nbsp;<\/p>\n<p>&nbsp;<\/p>\n<p>&nbsp;<\/p>\n<p>&nbsp;<\/p>\n<p>Esperem que despr\u00e9s d&#8217;aquest bon inici, l&#8217;alumnat agafi forces per poder donar el m\u00e0xim!!<\/p>\n<p>Comencem!!<\/p>\n<p>&nbsp;<\/p>\n","protected":false},"excerpt":{"rendered":"<p>El passat 7 de setembre engeg\u00e0vem motors i obr\u00edem les portes del 9. Comencem un curs ple de noves aventures, [&hellip;]<\/p>\n","protected":false},"author":1,"featured_media":3214,"comment_status":"open","ping_status":"closed","sticky":false,"template":"","format":"standard","meta":{"_bbp_topic_count":0,"_bbp_reply_count":0,"_bbp_total_topic_count":0,"_bbp_total_reply_count":0,"_bbp_voice_count":0,"_bbp_anonymous_reply_count":0,"_bbp_topic_count_hidden":0,"_bbp_reply_count_hidden":0,"_bbp_forum_subforum_count":0,"site-sidebar-layout":"default","site-content-layout":"","ast-site-content-layout":"","site-content-style":"default","site-sidebar-style":"default","ast-global-header-display":"","ast-banner-title-visibility":"","ast-main-header-display":"","ast-hfb-above-header-display":"","ast-hfb-below-header-display":"","ast-hfb-mobile-header-display":"","site-post-title":"","ast-breadcrumbs-content":"","ast-featured-img":"","footer-sml-layout":"","theme-transparent-header-meta":"","adv-header-id-meta":"","stick-header-meta":"","header-above-stick-meta":"","header-main-stick-meta":"","header-below-stick-meta":"","astra-migrate-meta-layouts":"default","ast-page-background-enabled":"default","ast-page-background-meta":{"desktop":{"background-color":"var(--ast-global-color-4)","background-image":"","background-repeat":"repeat","background-position":"center center","background-size":"auto","background-attachment":"scroll","background-type":"","background-media":"","overlay-type":"","overlay-color":"","overlay-opacity":"","overlay-gradient":""},"tablet":{"background-color":"","background-image":"","background-repeat":"repeat","background-position":"center center","background-size":"auto","background-attachment":"scroll","background-type":"","background-media":"","overlay-type":"","overlay-color":"","overlay-opacity":"","overlay-gradient":""},"mobile":{"background-color":"","background-image":"","background-repeat":"repeat","background-position":"center center","background-size":"auto","background-attachment":"scroll","background-type":"","background-media":"","overlay-type":"","overlay-color":"","overlay-opacity":"","overlay-gradient":""}},"ast-content-background-meta":{"desktop":{"background-color":"var(--ast-global-color-5)","background-image":"","background-repeat":"repeat","background-position":"center center","background-size":"auto","background-attachment":"scroll","background-type":"","background-media":"","overlay-type":"","overlay-color":"","overlay-opacity":"","overlay-gradient":""},"tablet":{"background-color":"var(--ast-global-color-5)","background-image":"","background-repeat":"repeat","background-position":"center center","background-size":"auto","background-attachment":"scroll","background-type":"","background-media":"","overlay-type":"","overlay-color":"","overlay-opacity":"","overlay-gradient":""},"mobile":{"background-color":"var(--ast-global-color-5)","background-image":"","background-repeat":"repeat","background-position":"center center","background-size":"auto","background-attachment":"scroll","background-type":"","background-media":"","overlay-type":"","overlay-color":"","overlay-opacity":"","overlay-gradient":""}},"footnotes":""},"categories":[242,4,5,6,7,1,29],"tags":[],"class_list":["post-3157","post","type-post","status-publish","format-standard","has-post-thumbnail","hentry","category-1r-batx","category-eso-1","category-eso-2","category-eso-3","category-eso-4","category-general","category-portada"],"post_mailing_queue_ids":[],"_links":{"self":[{"href":"https:\/\/agora.xtec.cat\/insdesantacoloma\/wp-json\/wp\/v2\/posts\/3157","targetHints":{"allow":["GET"]}}],"collection":[{"href":"https:\/\/agora.xtec.cat\/insdesantacoloma\/wp-json\/wp\/v2\/posts"}],"about":[{"href":"https:\/\/agora.xtec.cat\/insdesantacoloma\/wp-json\/wp\/v2\/types\/post"}],"author":[{"embeddable":true,"href":"https:\/\/agora.xtec.cat\/insdesantacoloma\/wp-json\/wp\/v2\/users\/1"}],"replies":[{"embeddable":true,"href":"https:\/\/agora.xtec.cat\/insdesantacoloma\/wp-json\/wp\/v2\/comments?post=3157"}],"version-history":[{"count":3,"href":"https:\/\/agora.xtec.cat\/insdesantacoloma\/wp-json\/wp\/v2\/posts\/3157\/revisions"}],"predecessor-version":[{"id":3251,"href":"https:\/\/agora.xtec.cat\/insdesantacoloma\/wp-json\/wp\/v2\/posts\/3157\/revisions\/3251"}],"wp:featuredmedia":[{"embeddable":true,"href":"https:\/\/agora.xtec.cat\/insdesantacoloma\/wp-json\/wp\/v2\/media\/3214"}],"wp:attachment":[{"href":"https:\/\/agora.xtec.cat\/insdesantacoloma\/wp-json\/wp\/v2\/media?parent=3157"}],"wp:term":[{"taxonomy":"category","embeddable":true,"href":"https:\/\/agora.xtec.cat\/insdesantacoloma\/wp-json\/wp\/v2\/categories?post=3157"},{"taxonomy":"post_tag","embeddable":true,"href":"https:\/\/agora.xtec.cat\/insdesantacoloma\/wp-json\/wp\/v2\/tags?post=3157"}],"curies":[{"name":"wp","href":"https:\/\/api.w.org\/{rel}","templated":true}]}}