{"id":3143,"date":"2022-07-06T09:58:22","date_gmt":"2022-07-06T07:58:22","guid":{"rendered":"https:\/\/agora.xtec.cat\/insdesantacoloma\/?p=3143"},"modified":"2022-09-23T23:19:24","modified_gmt":"2022-09-23T21:19:24","slug":"participacio-al-7e-forum-de-joves-talents-de-catalunya","status":"publish","type":"post","link":"https:\/\/agora.xtec.cat\/insdesantacoloma\/general\/participacio-al-7e-forum-de-joves-talents-de-catalunya\/","title":{"rendered":"Participaci\u00f3 al 7\u00e8 Forum de Joves Talents de Catalunya"},"content":{"rendered":"<p><a href=\"https:\/\/agora.xtec.cat\/insdesantacoloma\/wp-content\/uploads\/usu1849\/2022\/07\/IMG-20220705-WA0008.jpg\"><img loading=\"lazy\" decoding=\"async\" class=\"size-medium wp-image-3144 aligncenter\" src=\"https:\/\/agora.xtec.cat\/insdesantacoloma\/wp-content\/uploads\/usu1849\/2022\/07\/IMG-20220705-WA0008-300x225.jpg\" alt=\"\" width=\"300\" height=\"225\" srcset=\"https:\/\/agora.xtec.cat\/insdesantacoloma\/wp-content\/uploads\/usu1849\/2022\/07\/IMG-20220705-WA0008-300x225.jpg 300w, https:\/\/agora.xtec.cat\/insdesantacoloma\/wp-content\/uploads\/usu1849\/2022\/07\/IMG-20220705-WA0008-1024x768.jpg 1024w, https:\/\/agora.xtec.cat\/insdesantacoloma\/wp-content\/uploads\/usu1849\/2022\/07\/IMG-20220705-WA0008-768x576.jpg 768w, https:\/\/agora.xtec.cat\/insdesantacoloma\/wp-content\/uploads\/usu1849\/2022\/07\/IMG-20220705-WA0008-1536x1152.jpg 1536w, https:\/\/agora.xtec.cat\/insdesantacoloma\/wp-content\/uploads\/usu1849\/2022\/07\/IMG-20220705-WA0008-200x150.jpg 200w, https:\/\/agora.xtec.cat\/insdesantacoloma\/wp-content\/uploads\/usu1849\/2022\/07\/IMG-20220705-WA0008.jpg 1600w\" sizes=\"auto, (max-width: 300px) 100vw, 300px\" \/><\/a><\/p>\n<p style=\"text-align: justify;\">L&#8217;Eder Calpe i la Maryamo Shokry de 4t d&#8217;ESO, han estat escollits pel Departament d&#8217;Educaci\u00f3, per participar al 7\u00e8 F\u00f2rum de Joves Talents de Catalunya que ha tingut lloc del 29 juny al 2 de juliol a la ciutat de Berga i que organitza\u00a0\u00a0<a href=\"https:\/\/www.exploratori.org\/index.php\" target=\"_blank\" rel=\"noopener\" data-saferedirecturl=\"https:\/\/www.google.com\/url?q=https:\/\/www.exploratori.org\/index.php&amp;source=gmail&amp;ust=1657179457341000&amp;usg=AOvVaw24aPG2n95dZd66n6rnkuI2\">L&#8217;Exploratori de recursos naturals<\/a>\u00a0i la Universitat Polit\u00e8cnica de Catalunya. L&#8217;objectiu d&#8217;aquest projecte educatiu \u00e9s fomentar les vocacions cient\u00edfico tecnol\u00f2giques i contribuir al desenvolupament d&#8217;un territori ric en recursos naturals. Els 40 joves talents participants, alumnat de 4t d&#8217;ESO i 1r de Batxillerat que han obtingut un expedient d&#8217;excel\u00b7l\u00e8ncia durant aquest curs, van treballar de forma cooperativa sobre el tema central del Bosc i el canvi clim\u00e0tic i van presentar les conclusions de la seva recerca a l&#8217;acte de cloenda que va tenir lloc al Pavell\u00f3 de Su\u00e8cia de Berga, davant d&#8217;experts, organitzadors, autoritats i fam\u00edlies.<\/p>\n<p style=\"text-align: justify;\">Volem agrair\u00a0la dedicaci\u00f3, l&#8217;esfor\u00e7 i la responsabilitat que van demostrar els participants. Sou tot un exemple a seguir. Enhorabona!<\/p>\n<p style=\"text-align: justify;\">Aqu\u00ed teniu en seguit d&#8217;imatges sobre l&#8217;estada:<a href=\"https:\/\/drive.google.com\/drive\/folders\/1x0OVMS9tXrX9BMRVbsdfer6xTP4f0oSu\" target=\"_blank\" rel=\"noopener\" data-saferedirecturl=\"https:\/\/www.google.com\/url?q=https:\/\/drive.google.com\/drive\/folders\/1x0OVMS9tXrX9BMRVbsdfer6xTP4f0oSu&amp;source=gmail&amp;ust=1657179457341000&amp;usg=AOvVaw2jN-7nrSNLYGhIv-k8wRoQ\"> 7\u00e8 F\u00f2rum Joves Talents de Catalunya<\/a><\/p>\n<p>Tamb\u00e9 us compartim els seg\u00fcents enlla\u00e7os on trobareu tot el material gr\u00e0fic del F\u00d2RUM de Joves Talents de Catalunya 2022:<\/p>\n<p style=\"font-weight: 400;\">Infografies:<\/p>\n<p style=\"font-weight: 400;\"><a href=\"https:\/\/www.exploratori.org\/index.php\/component\/sppagebuilder\/?view=page&amp;id=167\" data-saferedirecturl=\"https:\/\/www.google.com\/url?q=https:\/\/www.exploratori.org\/index.php\/component\/sppagebuilder\/?view%3Dpage%26id%3D167&amp;source=gmail&amp;ust=1658487890676000&amp;usg=AOvVaw2hqu5j3sSvvq2iqz5YcPu_\">https:\/\/www.exploratori.org\/index.php\/component\/sppagebuilder\/?view=page&amp;id=167<\/a><\/p>\n<p style=\"font-weight: 400;\">V\u00eddeo:<\/p>\n<p style=\"font-weight: 400;\"><a href=\"https:\/\/www.exploratori.org\/index.php\/component\/sppagebuilder\/?view=page&amp;id=168\" data-saferedirecturl=\"https:\/\/www.google.com\/url?q=https:\/\/www.exploratori.org\/index.php\/component\/sppagebuilder\/?view%3Dpage%26id%3D168&amp;source=gmail&amp;ust=1658487890676000&amp;usg=AOvVaw0t0H3RR9btNTAlnvzt0ndD\">https:\/\/www.exploratori.org\/index.php\/component\/sppagebuilder\/?view=page&amp;id=168<\/a><\/p>\n","protected":false},"excerpt":{"rendered":"<p>L&#8217;Eder Calpe i la Maryamo Shokry de 4t d&#8217;ESO, han estat escollits pel Departament d&#8217;Educaci\u00f3, per participar al 7\u00e8 F\u00f2rum [&hellip;]<\/p>\n","protected":false},"author":1,"featured_media":3144,"comment_status":"open","ping_status":"closed","sticky":false,"template":"","format":"standard","meta":{"_bbp_topic_count":0,"_bbp_reply_count":0,"_bbp_total_topic_count":0,"_bbp_total_reply_count":0,"_bbp_voice_count":0,"_bbp_anonymous_reply_count":0,"_bbp_topic_count_hidden":0,"_bbp_reply_count_hidden":0,"_bbp_forum_subforum_count":0,"site-sidebar-layout":"default","site-content-layout":"","ast-site-content-layout":"","site-content-style":"default","site-sidebar-style":"default","ast-global-header-display":"","ast-banner-title-visibility":"","ast-main-header-display":"","ast-hfb-above-header-display":"","ast-hfb-below-header-display":"","ast-hfb-mobile-header-display":"","site-post-title":"","ast-breadcrumbs-content":"","ast-featured-img":"","footer-sml-layout":"","theme-transparent-header-meta":"","adv-header-id-meta":"","stick-header-meta":"","header-above-stick-meta":"","header-main-stick-meta":"","header-below-stick-meta":"","astra-migrate-meta-layouts":"default","ast-page-background-enabled":"default","ast-page-background-meta":{"desktop":{"background-color":"var(--ast-global-color-4)","background-image":"","background-repeat":"repeat","background-position":"center center","background-size":"auto","background-attachment":"scroll","background-type":"","background-media":"","overlay-type":"","overlay-color":"","overlay-opacity":"","overlay-gradient":""},"tablet":{"background-color":"","background-image":"","background-repeat":"repeat","background-position":"center center","background-size":"auto","background-attachment":"scroll","background-type":"","background-media":"","overlay-type":"","overlay-color":"","overlay-opacity":"","overlay-gradient":""},"mobile":{"background-color":"","background-image":"","background-repeat":"repeat","background-position":"center center","background-size":"auto","background-attachment":"scroll","background-type":"","background-media":"","overlay-type":"","overlay-color":"","overlay-opacity":"","overlay-gradient":""}},"ast-content-background-meta":{"desktop":{"background-color":"var(--ast-global-color-5)","background-image":"","background-repeat":"repeat","background-position":"center center","background-size":"auto","background-attachment":"scroll","background-type":"","background-media":"","overlay-type":"","overlay-color":"","overlay-opacity":"","overlay-gradient":""},"tablet":{"background-color":"var(--ast-global-color-5)","background-image":"","background-repeat":"repeat","background-position":"center center","background-size":"auto","background-attachment":"scroll","background-type":"","background-media":"","overlay-type":"","overlay-color":"","overlay-opacity":"","overlay-gradient":""},"mobile":{"background-color":"var(--ast-global-color-5)","background-image":"","background-repeat":"repeat","background-position":"center center","background-size":"auto","background-attachment":"scroll","background-type":"","background-media":"","overlay-type":"","overlay-color":"","overlay-opacity":"","overlay-gradient":""}},"footnotes":""},"categories":[7,1,29],"tags":[],"class_list":["post-3143","post","type-post","status-publish","format-standard","has-post-thumbnail","hentry","category-eso-4","category-general","category-portada"],"post_mailing_queue_ids":[],"_links":{"self":[{"href":"https:\/\/agora.xtec.cat\/insdesantacoloma\/wp-json\/wp\/v2\/posts\/3143","targetHints":{"allow":["GET"]}}],"collection":[{"href":"https:\/\/agora.xtec.cat\/insdesantacoloma\/wp-json\/wp\/v2\/posts"}],"about":[{"href":"https:\/\/agora.xtec.cat\/insdesantacoloma\/wp-json\/wp\/v2\/types\/post"}],"author":[{"embeddable":true,"href":"https:\/\/agora.xtec.cat\/insdesantacoloma\/wp-json\/wp\/v2\/users\/1"}],"replies":[{"embeddable":true,"href":"https:\/\/agora.xtec.cat\/insdesantacoloma\/wp-json\/wp\/v2\/comments?post=3143"}],"version-history":[{"count":3,"href":"https:\/\/agora.xtec.cat\/insdesantacoloma\/wp-json\/wp\/v2\/posts\/3143\/revisions"}],"predecessor-version":[{"id":3147,"href":"https:\/\/agora.xtec.cat\/insdesantacoloma\/wp-json\/wp\/v2\/posts\/3143\/revisions\/3147"}],"wp:featuredmedia":[{"embeddable":true,"href":"https:\/\/agora.xtec.cat\/insdesantacoloma\/wp-json\/wp\/v2\/media\/3144"}],"wp:attachment":[{"href":"https:\/\/agora.xtec.cat\/insdesantacoloma\/wp-json\/wp\/v2\/media?parent=3143"}],"wp:term":[{"taxonomy":"category","embeddable":true,"href":"https:\/\/agora.xtec.cat\/insdesantacoloma\/wp-json\/wp\/v2\/categories?post=3143"},{"taxonomy":"post_tag","embeddable":true,"href":"https:\/\/agora.xtec.cat\/insdesantacoloma\/wp-json\/wp\/v2\/tags?post=3143"}],"curies":[{"name":"wp","href":"https:\/\/api.w.org\/{rel}","templated":true}]}}