{"id":2915,"date":"2022-04-08T17:16:16","date_gmt":"2022-04-08T15:16:16","guid":{"rendered":"https:\/\/agora.xtec.cat\/insdesantacoloma\/?p=2915"},"modified":"2022-04-16T21:58:16","modified_gmt":"2022-04-16T19:58:16","slug":"ii-cursa-solidaria-save-the-children","status":"publish","type":"post","link":"https:\/\/agora.xtec.cat\/insdesantacoloma\/general\/ii-cursa-solidaria-save-the-children\/","title":{"rendered":"II Cursa solid\u00e0ria &#8220;Save the Children&#8221;"},"content":{"rendered":"<p>Donem la benvinguda a les vacances de Setmana Santa celebrant la II cursa solid\u00e0ria per recaptar fons per l&#8217;ONG <a href=\"https:\/\/www.savethechildren.es\/\">Save the Children<\/a>. La donaci\u00f3 es destinar\u00e0 als infants que pateixen la guerra d&#8217;Ucra\u00efna. La comunitat educativa del 9 s&#8217;ha implicat en la cursa i ha estat una gran diada esportiva i solid\u00e0ria a les pistes d&#8217;atletisme Antoni Amor\u00f3s.<\/p>\n<div id='gallery-1' class='gallery galleryid-2915 gallery-columns-2 gallery-size-medium'><figure class='gallery-item'>\n\t\t\t<div class='gallery-icon landscape'>\n\t\t\t\t<a href='https:\/\/agora.xtec.cat\/insdesantacoloma\/general\/ii-cursa-solidaria-save-the-children\/attachment\/captura-de-pantalla-2022-04-16-a-les-21-45-45\/'><img loading=\"lazy\" decoding=\"async\" width=\"300\" height=\"239\" src=\"https:\/\/agora.xtec.cat\/insdesantacoloma\/wp-content\/uploads\/usu1849\/2022\/04\/Captura-de-pantalla-2022-04-16-a-les-21.45.45-300x239.png\" class=\"attachment-medium size-medium\" alt=\"\" srcset=\"https:\/\/agora.xtec.cat\/insdesantacoloma\/wp-content\/uploads\/usu1849\/2022\/04\/Captura-de-pantalla-2022-04-16-a-les-21.45.45-300x239.png 300w, https:\/\/agora.xtec.cat\/insdesantacoloma\/wp-content\/uploads\/usu1849\/2022\/04\/Captura-de-pantalla-2022-04-16-a-les-21.45.45.png 647w\" sizes=\"auto, (max-width: 300px) 100vw, 300px\" \/><\/a>\n\t\t\t<\/div><\/figure><figure class='gallery-item'>\n\t\t\t<div class='gallery-icon landscape'>\n\t\t\t\t<a href='https:\/\/agora.xtec.cat\/insdesantacoloma\/general\/ii-cursa-solidaria-save-the-children\/attachment\/captura-de-pantalla-2022-04-16-a-les-21-45-26\/'><img loading=\"lazy\" decoding=\"async\" width=\"300\" height=\"231\" src=\"https:\/\/agora.xtec.cat\/insdesantacoloma\/wp-content\/uploads\/usu1849\/2022\/04\/Captura-de-pantalla-2022-04-16-a-les-21.45.26-300x231.png\" class=\"attachment-medium size-medium\" alt=\"lliurament premis curs solid\u00e0ria\" srcset=\"https:\/\/agora.xtec.cat\/insdesantacoloma\/wp-content\/uploads\/usu1849\/2022\/04\/Captura-de-pantalla-2022-04-16-a-les-21.45.26-300x231.png 300w, https:\/\/agora.xtec.cat\/insdesantacoloma\/wp-content\/uploads\/usu1849\/2022\/04\/Captura-de-pantalla-2022-04-16-a-les-21.45.26.png 674w\" sizes=\"auto, (max-width: 300px) 100vw, 300px\" \/><\/a>\n\t\t\t<\/div><\/figure><figure class='gallery-item'>\n\t\t\t<div class='gallery-icon landscape'>\n\t\t\t\t<a href='https:\/\/agora.xtec.cat\/insdesantacoloma\/general\/ii-cursa-solidaria-save-the-children\/attachment\/captura-de-pantalla-2022-04-16-a-les-21-45-08\/'><img loading=\"lazy\" decoding=\"async\" width=\"300\" height=\"230\" src=\"https:\/\/agora.xtec.cat\/insdesantacoloma\/wp-content\/uploads\/usu1849\/2022\/04\/Captura-de-pantalla-2022-04-16-a-les-21.45.08-300x230.png\" class=\"attachment-medium size-medium\" alt=\"lliurament premis curs solid\u00e0ria\" srcset=\"https:\/\/agora.xtec.cat\/insdesantacoloma\/wp-content\/uploads\/usu1849\/2022\/04\/Captura-de-pantalla-2022-04-16-a-les-21.45.08-300x230.png 300w, https:\/\/agora.xtec.cat\/insdesantacoloma\/wp-content\/uploads\/usu1849\/2022\/04\/Captura-de-pantalla-2022-04-16-a-les-21.45.08.png 690w\" sizes=\"auto, (max-width: 300px) 100vw, 300px\" \/><\/a>\n\t\t\t<\/div><\/figure><figure class='gallery-item'>\n\t\t\t<div class='gallery-icon landscape'>\n\t\t\t\t<a href='https:\/\/agora.xtec.cat\/insdesantacoloma\/general\/ii-cursa-solidaria-save-the-children\/attachment\/captura-de-pantalla-2022-04-16-a-les-21-44-54\/'><img loading=\"lazy\" decoding=\"async\" width=\"300\" height=\"247\" src=\"https:\/\/agora.xtec.cat\/insdesantacoloma\/wp-content\/uploads\/usu1849\/2022\/04\/Captura-de-pantalla-2022-04-16-a-les-21.44.54-300x247.png\" class=\"attachment-medium size-medium\" alt=\"lliurament premis curs solid\u00e0ria\" srcset=\"https:\/\/agora.xtec.cat\/insdesantacoloma\/wp-content\/uploads\/usu1849\/2022\/04\/Captura-de-pantalla-2022-04-16-a-les-21.44.54-300x247.png 300w, https:\/\/agora.xtec.cat\/insdesantacoloma\/wp-content\/uploads\/usu1849\/2022\/04\/Captura-de-pantalla-2022-04-16-a-les-21.44.54.png 683w\" sizes=\"auto, (max-width: 300px) 100vw, 300px\" \/><\/a>\n\t\t\t<\/div><\/figure><figure class='gallery-item'>\n\t\t\t<div class='gallery-icon landscape'>\n\t\t\t\t<a href='https:\/\/agora.xtec.cat\/insdesantacoloma\/general\/ii-cursa-solidaria-save-the-children\/attachment\/captura-de-pantalla-2022-04-16-a-les-21-44-41\/'><img loading=\"lazy\" decoding=\"async\" width=\"300\" height=\"210\" src=\"https:\/\/agora.xtec.cat\/insdesantacoloma\/wp-content\/uploads\/usu1849\/2022\/04\/Captura-de-pantalla-2022-04-16-a-les-21.44.41-300x210.png\" class=\"attachment-medium size-medium\" alt=\"lliurament premis curs solid\u00e0ria\" srcset=\"https:\/\/agora.xtec.cat\/insdesantacoloma\/wp-content\/uploads\/usu1849\/2022\/04\/Captura-de-pantalla-2022-04-16-a-les-21.44.41-300x210.png 300w, https:\/\/agora.xtec.cat\/insdesantacoloma\/wp-content\/uploads\/usu1849\/2022\/04\/Captura-de-pantalla-2022-04-16-a-les-21.44.41.png 740w\" sizes=\"auto, (max-width: 300px) 100vw, 300px\" \/><\/a>\n\t\t\t<\/div><\/figure><figure class='gallery-item'>\n\t\t\t<div class='gallery-icon landscape'>\n\t\t\t\t<a href='https:\/\/agora.xtec.cat\/insdesantacoloma\/general\/ii-cursa-solidaria-save-the-children\/attachment\/captura-de-pantalla-2022-04-16-a-les-21-44-27\/'><img loading=\"lazy\" decoding=\"async\" width=\"300\" height=\"224\" src=\"https:\/\/agora.xtec.cat\/insdesantacoloma\/wp-content\/uploads\/usu1849\/2022\/04\/Captura-de-pantalla-2022-04-16-a-les-21.44.27-300x224.png\" class=\"attachment-medium size-medium\" alt=\"lliurament premis curs solid\u00e0ria\" srcset=\"https:\/\/agora.xtec.cat\/insdesantacoloma\/wp-content\/uploads\/usu1849\/2022\/04\/Captura-de-pantalla-2022-04-16-a-les-21.44.27-300x224.png 300w, https:\/\/agora.xtec.cat\/insdesantacoloma\/wp-content\/uploads\/usu1849\/2022\/04\/Captura-de-pantalla-2022-04-16-a-les-21.44.27-768x574.png 768w, https:\/\/agora.xtec.cat\/insdesantacoloma\/wp-content\/uploads\/usu1849\/2022\/04\/Captura-de-pantalla-2022-04-16-a-les-21.44.27-200x150.png 200w, https:\/\/agora.xtec.cat\/insdesantacoloma\/wp-content\/uploads\/usu1849\/2022\/04\/Captura-de-pantalla-2022-04-16-a-les-21.44.27.png 770w\" sizes=\"auto, (max-width: 300px) 100vw, 300px\" \/><\/a>\n\t\t\t<\/div><\/figure><figure class='gallery-item'>\n\t\t\t<div class='gallery-icon landscape'>\n\t\t\t\t<a href='https:\/\/agora.xtec.cat\/insdesantacoloma\/general\/ii-cursa-solidaria-save-the-children\/attachment\/captura-de-pantalla-2022-04-16-a-les-21-44-14\/'><img loading=\"lazy\" decoding=\"async\" width=\"300\" height=\"225\" src=\"https:\/\/agora.xtec.cat\/insdesantacoloma\/wp-content\/uploads\/usu1849\/2022\/04\/Captura-de-pantalla-2022-04-16-a-les-21.44.14-300x225.png\" class=\"attachment-medium size-medium\" alt=\"lliurament premis curs solid\u00e0ria\" srcset=\"https:\/\/agora.xtec.cat\/insdesantacoloma\/wp-content\/uploads\/usu1849\/2022\/04\/Captura-de-pantalla-2022-04-16-a-les-21.44.14-300x225.png 300w, https:\/\/agora.xtec.cat\/insdesantacoloma\/wp-content\/uploads\/usu1849\/2022\/04\/Captura-de-pantalla-2022-04-16-a-les-21.44.14-200x150.png 200w, https:\/\/agora.xtec.cat\/insdesantacoloma\/wp-content\/uploads\/usu1849\/2022\/04\/Captura-de-pantalla-2022-04-16-a-les-21.44.14.png 762w\" sizes=\"auto, (max-width: 300px) 100vw, 300px\" \/><\/a>\n\t\t\t<\/div><\/figure><figure class='gallery-item'>\n\t\t\t<div class='gallery-icon landscape'>\n\t\t\t\t<a href='https:\/\/agora.xtec.cat\/insdesantacoloma\/general\/ii-cursa-solidaria-save-the-children\/attachment\/captura-de-pantalla-2022-04-16-a-les-21-43-57\/'><img loading=\"lazy\" decoding=\"async\" width=\"300\" height=\"223\" src=\"https:\/\/agora.xtec.cat\/insdesantacoloma\/wp-content\/uploads\/usu1849\/2022\/04\/Captura-de-pantalla-2022-04-16-a-les-21.43.57-300x223.png\" class=\"attachment-medium size-medium\" alt=\"lliurament premis curs solid\u00e0ria\" srcset=\"https:\/\/agora.xtec.cat\/insdesantacoloma\/wp-content\/uploads\/usu1849\/2022\/04\/Captura-de-pantalla-2022-04-16-a-les-21.43.57-300x223.png 300w, https:\/\/agora.xtec.cat\/insdesantacoloma\/wp-content\/uploads\/usu1849\/2022\/04\/Captura-de-pantalla-2022-04-16-a-les-21.43.57-200x150.png 200w, https:\/\/agora.xtec.cat\/insdesantacoloma\/wp-content\/uploads\/usu1849\/2022\/04\/Captura-de-pantalla-2022-04-16-a-les-21.43.57.png 769w\" sizes=\"auto, (max-width: 300px) 100vw, 300px\" \/><\/a>\n\t\t\t<\/div><\/figure><figure class='gallery-item'>\n\t\t\t<div class='gallery-icon landscape'>\n\t\t\t\t<a href='https:\/\/agora.xtec.cat\/insdesantacoloma\/general\/ii-cursa-solidaria-save-the-children\/attachment\/captura-de-pantalla-2022-04-16-a-les-21-43-08\/'><img loading=\"lazy\" decoding=\"async\" width=\"300\" height=\"220\" src=\"https:\/\/agora.xtec.cat\/insdesantacoloma\/wp-content\/uploads\/usu1849\/2022\/04\/Captura-de-pantalla-2022-04-16-a-les-21.43.08-300x220.png\" class=\"attachment-medium size-medium\" alt=\"lliurament premis curs solid\u00e0ria\" srcset=\"https:\/\/agora.xtec.cat\/insdesantacoloma\/wp-content\/uploads\/usu1849\/2022\/04\/Captura-de-pantalla-2022-04-16-a-les-21.43.08-300x220.png 300w, https:\/\/agora.xtec.cat\/insdesantacoloma\/wp-content\/uploads\/usu1849\/2022\/04\/Captura-de-pantalla-2022-04-16-a-les-21.43.08-768x564.png 768w, https:\/\/agora.xtec.cat\/insdesantacoloma\/wp-content\/uploads\/usu1849\/2022\/04\/Captura-de-pantalla-2022-04-16-a-les-21.43.08.png 774w\" sizes=\"auto, (max-width: 300px) 100vw, 300px\" \/><\/a>\n\t\t\t<\/div><\/figure><figure class='gallery-item'>\n\t\t\t<div class='gallery-icon landscape'>\n\t\t\t\t<a href='https:\/\/agora.xtec.cat\/insdesantacoloma\/general\/ii-cursa-solidaria-save-the-children\/attachment\/captura-de-pantalla-2022-04-16-a-les-21-42-56\/'><img loading=\"lazy\" decoding=\"async\" width=\"300\" height=\"229\" src=\"https:\/\/agora.xtec.cat\/insdesantacoloma\/wp-content\/uploads\/usu1849\/2022\/04\/Captura-de-pantalla-2022-04-16-a-les-21.42.56-300x229.png\" class=\"attachment-medium size-medium\" alt=\"lliurament premis curs solid\u00e0ria\" srcset=\"https:\/\/agora.xtec.cat\/insdesantacoloma\/wp-content\/uploads\/usu1849\/2022\/04\/Captura-de-pantalla-2022-04-16-a-les-21.42.56-300x229.png 300w, https:\/\/agora.xtec.cat\/insdesantacoloma\/wp-content\/uploads\/usu1849\/2022\/04\/Captura-de-pantalla-2022-04-16-a-les-21.42.56.png 748w\" sizes=\"auto, (max-width: 300px) 100vw, 300px\" \/><\/a>\n\t\t\t<\/div><\/figure><figure class='gallery-item'>\n\t\t\t<div class='gallery-icon landscape'>\n\t\t\t\t<a href='https:\/\/agora.xtec.cat\/insdesantacoloma\/general\/ii-cursa-solidaria-save-the-children\/attachment\/captura-de-pantalla-2022-04-16-a-les-21-43-23\/'><img loading=\"lazy\" decoding=\"async\" width=\"300\" height=\"225\" src=\"https:\/\/agora.xtec.cat\/insdesantacoloma\/wp-content\/uploads\/usu1849\/2022\/04\/Captura-de-pantalla-2022-04-16-a-les-21.43.23-300x225.png\" class=\"attachment-medium size-medium\" alt=\"lliurament premis curs solid\u00e0ria\" srcset=\"https:\/\/agora.xtec.cat\/insdesantacoloma\/wp-content\/uploads\/usu1849\/2022\/04\/Captura-de-pantalla-2022-04-16-a-les-21.43.23-300x225.png 300w, https:\/\/agora.xtec.cat\/insdesantacoloma\/wp-content\/uploads\/usu1849\/2022\/04\/Captura-de-pantalla-2022-04-16-a-les-21.43.23-200x150.png 200w, https:\/\/agora.xtec.cat\/insdesantacoloma\/wp-content\/uploads\/usu1849\/2022\/04\/Captura-de-pantalla-2022-04-16-a-les-21.43.23.png 765w\" sizes=\"auto, (max-width: 300px) 100vw, 300px\" \/><\/a>\n\t\t\t<\/div><\/figure><figure class='gallery-item'>\n\t\t\t<div class='gallery-icon landscape'>\n\t\t\t\t<a href='https:\/\/agora.xtec.cat\/insdesantacoloma\/general\/ii-cursa-solidaria-save-the-children\/attachment\/captura-de-pantalla-2022-04-16-a-les-21-43-38\/'><img loading=\"lazy\" decoding=\"async\" width=\"300\" height=\"223\" src=\"https:\/\/agora.xtec.cat\/insdesantacoloma\/wp-content\/uploads\/usu1849\/2022\/04\/Captura-de-pantalla-2022-04-16-a-les-21.43.38-300x223.png\" class=\"attachment-medium size-medium\" alt=\"lliurament premis curs solid\u00e0ria\" srcset=\"https:\/\/agora.xtec.cat\/insdesantacoloma\/wp-content\/uploads\/usu1849\/2022\/04\/Captura-de-pantalla-2022-04-16-a-les-21.43.38-300x223.png 300w, https:\/\/agora.xtec.cat\/insdesantacoloma\/wp-content\/uploads\/usu1849\/2022\/04\/Captura-de-pantalla-2022-04-16-a-les-21.43.38-768x571.png 768w, https:\/\/agora.xtec.cat\/insdesantacoloma\/wp-content\/uploads\/usu1849\/2022\/04\/Captura-de-pantalla-2022-04-16-a-les-21.43.38-200x150.png 200w, https:\/\/agora.xtec.cat\/insdesantacoloma\/wp-content\/uploads\/usu1849\/2022\/04\/Captura-de-pantalla-2022-04-16-a-les-21.43.38.png 774w\" sizes=\"auto, (max-width: 300px) 100vw, 300px\" \/><\/a>\n\t\t\t<\/div><\/figure>\n\t\t<\/div>\n\n","protected":false},"excerpt":{"rendered":"<p>Donem la benvinguda a les vacances de Setmana Santa celebrant la II cursa solid\u00e0ria per recaptar fons per l&#8217;ONG Save [&hellip;]<\/p>\n","protected":false},"author":1,"featured_media":2916,"comment_status":"open","ping_status":"closed","sticky":false,"template":"","format":"standard","meta":{"_bbp_topic_count":0,"_bbp_reply_count":0,"_bbp_total_topic_count":0,"_bbp_total_reply_count":0,"_bbp_voice_count":0,"_bbp_anonymous_reply_count":0,"_bbp_topic_count_hidden":0,"_bbp_reply_count_hidden":0,"_bbp_forum_subforum_count":0,"site-sidebar-layout":"default","site-content-layout":"","ast-site-content-layout":"","site-content-style":"default","site-sidebar-style":"default","ast-global-header-display":"","ast-banner-title-visibility":"","ast-main-header-display":"","ast-hfb-above-header-display":"","ast-hfb-below-header-display":"","ast-hfb-mobile-header-display":"","site-post-title":"","ast-breadcrumbs-content":"","ast-featured-img":"","footer-sml-layout":"","theme-transparent-header-meta":"","adv-header-id-meta":"","stick-header-meta":"","header-above-stick-meta":"","header-main-stick-meta":"","header-below-stick-meta":"","astra-migrate-meta-layouts":"default","ast-page-background-enabled":"default","ast-page-background-meta":{"desktop":{"background-color":"var(--ast-global-color-4)","background-image":"","background-repeat":"repeat","background-position":"center center","background-size":"auto","background-attachment":"scroll","background-type":"","background-media":"","overlay-type":"","overlay-color":"","overlay-opacity":"","overlay-gradient":""},"tablet":{"background-color":"","background-image":"","background-repeat":"repeat","background-position":"center center","background-size":"auto","background-attachment":"scroll","background-type":"","background-media":"","overlay-type":"","overlay-color":"","overlay-opacity":"","overlay-gradient":""},"mobile":{"background-color":"","background-image":"","background-repeat":"repeat","background-position":"center center","background-size":"auto","background-attachment":"scroll","background-type":"","background-media":"","overlay-type":"","overlay-color":"","overlay-opacity":"","overlay-gradient":""}},"ast-content-background-meta":{"desktop":{"background-color":"var(--ast-global-color-5)","background-image":"","background-repeat":"repeat","background-position":"center center","background-size":"auto","background-attachment":"scroll","background-type":"","background-media":"","overlay-type":"","overlay-color":"","overlay-opacity":"","overlay-gradient":""},"tablet":{"background-color":"var(--ast-global-color-5)","background-image":"","background-repeat":"repeat","background-position":"center center","background-size":"auto","background-attachment":"scroll","background-type":"","background-media":"","overlay-type":"","overlay-color":"","overlay-opacity":"","overlay-gradient":""},"mobile":{"background-color":"var(--ast-global-color-5)","background-image":"","background-repeat":"repeat","background-position":"center center","background-size":"auto","background-attachment":"scroll","background-type":"","background-media":"","overlay-type":"","overlay-color":"","overlay-opacity":"","overlay-gradient":""}},"footnotes":""},"categories":[3,1,29],"tags":[237,213],"class_list":["post-2915","post","type-post","status-publish","format-standard","has-post-thumbnail","hentry","category-eso","category-general","category-portada","tag-cursa-solidaria","tag-esport"],"post_mailing_queue_ids":[],"_links":{"self":[{"href":"https:\/\/agora.xtec.cat\/insdesantacoloma\/wp-json\/wp\/v2\/posts\/2915","targetHints":{"allow":["GET"]}}],"collection":[{"href":"https:\/\/agora.xtec.cat\/insdesantacoloma\/wp-json\/wp\/v2\/posts"}],"about":[{"href":"https:\/\/agora.xtec.cat\/insdesantacoloma\/wp-json\/wp\/v2\/types\/post"}],"author":[{"embeddable":true,"href":"https:\/\/agora.xtec.cat\/insdesantacoloma\/wp-json\/wp\/v2\/users\/1"}],"replies":[{"embeddable":true,"href":"https:\/\/agora.xtec.cat\/insdesantacoloma\/wp-json\/wp\/v2\/comments?post=2915"}],"version-history":[{"count":3,"href":"https:\/\/agora.xtec.cat\/insdesantacoloma\/wp-json\/wp\/v2\/posts\/2915\/revisions"}],"predecessor-version":[{"id":2935,"href":"https:\/\/agora.xtec.cat\/insdesantacoloma\/wp-json\/wp\/v2\/posts\/2915\/revisions\/2935"}],"wp:featuredmedia":[{"embeddable":true,"href":"https:\/\/agora.xtec.cat\/insdesantacoloma\/wp-json\/wp\/v2\/media\/2916"}],"wp:attachment":[{"href":"https:\/\/agora.xtec.cat\/insdesantacoloma\/wp-json\/wp\/v2\/media?parent=2915"}],"wp:term":[{"taxonomy":"category","embeddable":true,"href":"https:\/\/agora.xtec.cat\/insdesantacoloma\/wp-json\/wp\/v2\/categories?post=2915"},{"taxonomy":"post_tag","embeddable":true,"href":"https:\/\/agora.xtec.cat\/insdesantacoloma\/wp-json\/wp\/v2\/tags?post=2915"}],"curies":[{"name":"wp","href":"https:\/\/api.w.org\/{rel}","templated":true}]}}