{"id":2872,"date":"2022-03-28T11:34:44","date_gmt":"2022-03-28T09:34:44","guid":{"rendered":"https:\/\/agora.xtec.cat\/insdesantacoloma\/?p=2872"},"modified":"2022-03-28T22:04:36","modified_gmt":"2022-03-28T20:04:36","slug":"setmana-climatica-sumem-km-per-al-planeta","status":"publish","type":"post","link":"https:\/\/agora.xtec.cat\/insdesantacoloma\/general\/setmana-climatica-sumem-km-per-al-planeta\/","title":{"rendered":"Setmana Clim\u00e0tica: Sumem Km per al planeta!"},"content":{"rendered":"<p>Durant la <strong>Setmana Clim\u00e0tica<\/strong>, celebrada del 21 al 27 de mar\u00e7, ens hem unit a la iniciativa mundial liderada per <a href=\"https:\/\/www.wwf.es\/\"><span class=\"atwho-query\">WWF<\/span><\/a> <strong><em>Mou-te pel planeta<\/em><\/strong>. Utilitzant l&#8217;esport i els seus valors com a s\u00edmbol, <em><strong>&#8220;Amb esfor\u00e7 i treball en equip, podem guanyar aquesta contrarellotge \u23f1\ufe0f a l&#8217;emerg\u00e8ncia clim\u00e0tica&#8221;<\/strong><\/em>.<br \/>\nL&#8217;alumnat i el professorat del 9 hem sumat km sostenibles (nedant, corrent, patinant, anant amb bicicleta, caminant, etc.) per donar suport al repte #kmporelplaneta, i participar activament del moviment per a revertir l&#8217;#emergenciaclimatica del nostre planeta.<\/p>\n<p>Per qu\u00e8 hem d&#8217;actuar ara?<br \/>\nD&#8217;acord amb les Nacions Unides:<br \/>\n\u2622\ufe0f\u00a0 \u00a0Les tend\u00e8ncies negatives actuals en la biodiversitat i els ecosistemes minessin el progr\u00e9s del 80% dels desafiaments contemplats en 8 Objectius de Desenvolupament Sostenible (ODS).<br \/>\n\u2622\ufe0f\u00a0 Gaireb\u00e9 la meitat de la poblaci\u00f3 viu en una zona de perill, de moment.<br \/>\n\u2622\ufe0f\u00a0 L&#8217;activitat humana ha alterat tres quarts del medi ambient terrestre i al voltant del 66% del medi mar\u00ed.<br \/>\n\u2622\ufe0f\u00a0 +1 mili\u00f3 d&#8217;esp\u00e8cies animals i plantis estan en perill d&#8217;extinci\u00f3.<br \/>\n\u2622\ufe0f\u00a0 A mesura que la naturalesa es degrada, sorgeixen noves oportunitats per a la propagaci\u00f3 a humans i animals de malalties devastadors.<\/p>\n<p><em><strong>Sumeu-vos al canvi!<\/strong><\/em><\/p>\n<p style=\"text-align: center;\">\u00a0 <a href=\"https:\/\/agora.xtec.cat\/insdesantacoloma\/wp-content\/uploads\/usu1849\/2022\/03\/Setmana-clima\u0300tica-1.jpg\"><img loading=\"lazy\" decoding=\"async\" class=\"alignnone size-large wp-image-2878\" src=\"https:\/\/agora.xtec.cat\/insdesantacoloma\/wp-content\/uploads\/usu1849\/2022\/03\/Setmana-clima\u0300tica-1-640x1024.jpg\" alt=\"\" width=\"640\" height=\"1024\" srcset=\"https:\/\/agora.xtec.cat\/insdesantacoloma\/wp-content\/uploads\/usu1849\/2022\/03\/Setmana-clima\u0300tica-1-640x1024.jpg 640w, https:\/\/agora.xtec.cat\/insdesantacoloma\/wp-content\/uploads\/usu1849\/2022\/03\/Setmana-clima\u0300tica-1-188x300.jpg 188w, https:\/\/agora.xtec.cat\/insdesantacoloma\/wp-content\/uploads\/usu1849\/2022\/03\/Setmana-clima\u0300tica-1-768x1229.jpg 768w, https:\/\/agora.xtec.cat\/insdesantacoloma\/wp-content\/uploads\/usu1849\/2022\/03\/Setmana-clima\u0300tica-1-960x1536.jpg 960w, https:\/\/agora.xtec.cat\/insdesantacoloma\/wp-content\/uploads\/usu1849\/2022\/03\/Setmana-clima\u0300tica-1.jpg 1250w\" sizes=\"auto, (max-width: 640px) 100vw, 640px\" \/><\/a><\/p>\n","protected":false},"excerpt":{"rendered":"<p>Durant la Setmana Clim\u00e0tica, celebrada del 21 al 27 de mar\u00e7, ens hem unit a la iniciativa mundial liderada per [&hellip;]<\/p>\n","protected":false},"author":1,"featured_media":2879,"comment_status":"open","ping_status":"closed","sticky":false,"template":"","format":"standard","meta":{"_bbp_topic_count":0,"_bbp_reply_count":0,"_bbp_total_topic_count":0,"_bbp_total_reply_count":0,"_bbp_voice_count":0,"_bbp_anonymous_reply_count":0,"_bbp_topic_count_hidden":0,"_bbp_reply_count_hidden":0,"_bbp_forum_subforum_count":0,"site-sidebar-layout":"default","site-content-layout":"","ast-site-content-layout":"","site-content-style":"default","site-sidebar-style":"default","ast-global-header-display":"","ast-banner-title-visibility":"","ast-main-header-display":"","ast-hfb-above-header-display":"","ast-hfb-below-header-display":"","ast-hfb-mobile-header-display":"","site-post-title":"","ast-breadcrumbs-content":"","ast-featured-img":"","footer-sml-layout":"","theme-transparent-header-meta":"","adv-header-id-meta":"","stick-header-meta":"","header-above-stick-meta":"","header-main-stick-meta":"","header-below-stick-meta":"","astra-migrate-meta-layouts":"default","ast-page-background-enabled":"default","ast-page-background-meta":{"desktop":{"background-color":"var(--ast-global-color-4)","background-image":"","background-repeat":"repeat","background-position":"center center","background-size":"auto","background-attachment":"scroll","background-type":"","background-media":"","overlay-type":"","overlay-color":"","overlay-opacity":"","overlay-gradient":""},"tablet":{"background-color":"","background-image":"","background-repeat":"repeat","background-position":"center center","background-size":"auto","background-attachment":"scroll","background-type":"","background-media":"","overlay-type":"","overlay-color":"","overlay-opacity":"","overlay-gradient":""},"mobile":{"background-color":"","background-image":"","background-repeat":"repeat","background-position":"center center","background-size":"auto","background-attachment":"scroll","background-type":"","background-media":"","overlay-type":"","overlay-color":"","overlay-opacity":"","overlay-gradient":""}},"ast-content-background-meta":{"desktop":{"background-color":"var(--ast-global-color-5)","background-image":"","background-repeat":"repeat","background-position":"center center","background-size":"auto","background-attachment":"scroll","background-type":"","background-media":"","overlay-type":"","overlay-color":"","overlay-opacity":"","overlay-gradient":""},"tablet":{"background-color":"var(--ast-global-color-5)","background-image":"","background-repeat":"repeat","background-position":"center center","background-size":"auto","background-attachment":"scroll","background-type":"","background-media":"","overlay-type":"","overlay-color":"","overlay-opacity":"","overlay-gradient":""},"mobile":{"background-color":"var(--ast-global-color-5)","background-image":"","background-repeat":"repeat","background-position":"center center","background-size":"auto","background-attachment":"scroll","background-type":"","background-media":"","overlay-type":"","overlay-color":"","overlay-opacity":"","overlay-gradient":""}},"footnotes":""},"categories":[3,4,5,6,7,1,29],"tags":[235,234,232,205,233],"class_list":["post-2872","post","type-post","status-publish","format-standard","has-post-thumbnail","hentry","category-eso","category-eso-1","category-eso-2","category-eso-3","category-eso-4","category-general","category-portada","tag-accio-climatica","tag-fridaysforfuture","tag-ods","tag-sostenibilitat","tag-valors"],"post_mailing_queue_ids":[],"_links":{"self":[{"href":"https:\/\/agora.xtec.cat\/insdesantacoloma\/wp-json\/wp\/v2\/posts\/2872","targetHints":{"allow":["GET"]}}],"collection":[{"href":"https:\/\/agora.xtec.cat\/insdesantacoloma\/wp-json\/wp\/v2\/posts"}],"about":[{"href":"https:\/\/agora.xtec.cat\/insdesantacoloma\/wp-json\/wp\/v2\/types\/post"}],"author":[{"embeddable":true,"href":"https:\/\/agora.xtec.cat\/insdesantacoloma\/wp-json\/wp\/v2\/users\/1"}],"replies":[{"embeddable":true,"href":"https:\/\/agora.xtec.cat\/insdesantacoloma\/wp-json\/wp\/v2\/comments?post=2872"}],"version-history":[{"count":2,"href":"https:\/\/agora.xtec.cat\/insdesantacoloma\/wp-json\/wp\/v2\/posts\/2872\/revisions"}],"predecessor-version":[{"id":2881,"href":"https:\/\/agora.xtec.cat\/insdesantacoloma\/wp-json\/wp\/v2\/posts\/2872\/revisions\/2881"}],"wp:featuredmedia":[{"embeddable":true,"href":"https:\/\/agora.xtec.cat\/insdesantacoloma\/wp-json\/wp\/v2\/media\/2879"}],"wp:attachment":[{"href":"https:\/\/agora.xtec.cat\/insdesantacoloma\/wp-json\/wp\/v2\/media?parent=2872"}],"wp:term":[{"taxonomy":"category","embeddable":true,"href":"https:\/\/agora.xtec.cat\/insdesantacoloma\/wp-json\/wp\/v2\/categories?post=2872"},{"taxonomy":"post_tag","embeddable":true,"href":"https:\/\/agora.xtec.cat\/insdesantacoloma\/wp-json\/wp\/v2\/tags?post=2872"}],"curies":[{"name":"wp","href":"https:\/\/api.w.org\/{rel}","templated":true}]}}