{"id":2840,"date":"2022-03-24T10:59:00","date_gmt":"2022-03-24T09:59:00","guid":{"rendered":"https:\/\/agora.xtec.cat\/insdesantacoloma\/?p=2840"},"modified":"2022-04-07T17:38:39","modified_gmt":"2022-04-07T15:38:39","slug":"portes-obertes-batxillerat-22-23","status":"publish","type":"post","link":"https:\/\/agora.xtec.cat\/insdesantacoloma\/general\/portes-obertes-batxillerat-22-23\/","title":{"rendered":"Portes obertes Batxillerat 22\/23"},"content":{"rendered":"<p>La jornada de <strong>Portes obertes<\/strong> <strong>de Batxillerat<\/strong>, que tindr\u00e0 lloc el <strong>7 d&#8217;abril a les 17.30 h<\/strong>, ser\u00e0 <strong>presencial<\/strong>.<\/p>\n<p>Si esteu interessats a assistir-hi, us <strong>agrair\u00edem que truqu\u00e9ssiu<\/strong> als tel\u00e8fons de l&#8217;institut <strong><span class=\"JsGRdQ\">938 564 660<\/span><\/strong> o <strong><span class=\"JsGRdQ\">667 076<\/span><span class=\"JsGRdQ\"> 691 per confirmar la vostra assist\u00e8ncia.\u00a0 <\/span><\/strong><\/p>\n<p><span class=\"JsGRdQ\">Preveure el nombre d&#8217;assistents ens ajudar\u00e0 a organitzar la sessi\u00f3 informativa per tal que pugueu rebre un tracte personalitzat i puguem respondre a tots els vostres dubtes. Moltes gr\u00e0cies!<\/span><\/p>\n<p><a href=\"https:\/\/agora.xtec.cat\/insdesantacoloma\/wp-content\/uploads\/usu1849\/2022\/03\/VINE-A-CONE\u0300IXER-LES-NOVES-MODALITATS-DE-BATXILLERAT-A-LINSTITUT9-A-PARTIR-DEL-SETEMBRE.png\"><br \/>\n<img loading=\"lazy\" decoding=\"async\" class=\"aligncenter wp-image-2841 size-medium\" src=\"https:\/\/agora.xtec.cat\/insdesantacoloma\/wp-content\/uploads\/usu1849\/2022\/03\/VINE-A-CONE\u0300IXER-LES-NOVES-MODALITATS-DE-BATXILLERAT-A-LINSTITUT9-A-PARTIR-DEL-SETEMBRE-300x300.png\" alt=\"PORTES OBERTES BATXILLERAT\" width=\"300\" height=\"300\" srcset=\"https:\/\/agora.xtec.cat\/insdesantacoloma\/wp-content\/uploads\/usu1849\/2022\/03\/VINE-A-CONE\u0300IXER-LES-NOVES-MODALITATS-DE-BATXILLERAT-A-LINSTITUT9-A-PARTIR-DEL-SETEMBRE-300x300.png 300w, https:\/\/agora.xtec.cat\/insdesantacoloma\/wp-content\/uploads\/usu1849\/2022\/03\/VINE-A-CONE\u0300IXER-LES-NOVES-MODALITATS-DE-BATXILLERAT-A-LINSTITUT9-A-PARTIR-DEL-SETEMBRE-1024x1024.png 1024w, https:\/\/agora.xtec.cat\/insdesantacoloma\/wp-content\/uploads\/usu1849\/2022\/03\/VINE-A-CONE\u0300IXER-LES-NOVES-MODALITATS-DE-BATXILLERAT-A-LINSTITUT9-A-PARTIR-DEL-SETEMBRE-150x150.png 150w, https:\/\/agora.xtec.cat\/insdesantacoloma\/wp-content\/uploads\/usu1849\/2022\/03\/VINE-A-CONE\u0300IXER-LES-NOVES-MODALITATS-DE-BATXILLERAT-A-LINSTITUT9-A-PARTIR-DEL-SETEMBRE-768x768.png 768w, https:\/\/agora.xtec.cat\/insdesantacoloma\/wp-content\/uploads\/usu1849\/2022\/03\/VINE-A-CONE\u0300IXER-LES-NOVES-MODALITATS-DE-BATXILLERAT-A-LINSTITUT9-A-PARTIR-DEL-SETEMBRE.png 1080w\" sizes=\"auto, (max-width: 300px) 100vw, 300px\" \/><\/a><\/p>\n<p>&nbsp;<\/p>\n","protected":false},"excerpt":{"rendered":"<p>La jornada de Portes obertes de Batxillerat, que tindr\u00e0 lloc el 7 d&#8217;abril a les 17.30 h, ser\u00e0 presencial. Si [&hellip;]<\/p>\n","protected":false},"author":1,"featured_media":2841,"comment_status":"open","ping_status":"closed","sticky":false,"template":"","format":"standard","meta":{"_bbp_topic_count":0,"_bbp_reply_count":0,"_bbp_total_topic_count":0,"_bbp_total_reply_count":0,"_bbp_voice_count":0,"_bbp_anonymous_reply_count":0,"_bbp_topic_count_hidden":0,"_bbp_reply_count_hidden":0,"_bbp_forum_subforum_count":0,"site-sidebar-layout":"default","site-content-layout":"","ast-site-content-layout":"","site-content-style":"default","site-sidebar-style":"default","ast-global-header-display":"","ast-banner-title-visibility":"","ast-main-header-display":"","ast-hfb-above-header-display":"","ast-hfb-below-header-display":"","ast-hfb-mobile-header-display":"","site-post-title":"","ast-breadcrumbs-content":"","ast-featured-img":"","footer-sml-layout":"","theme-transparent-header-meta":"","adv-header-id-meta":"","stick-header-meta":"","header-above-stick-meta":"","header-main-stick-meta":"","header-below-stick-meta":"","astra-migrate-meta-layouts":"default","ast-page-background-enabled":"default","ast-page-background-meta":{"desktop":{"background-color":"var(--ast-global-color-4)","background-image":"","background-repeat":"repeat","background-position":"center center","background-size":"auto","background-attachment":"scroll","background-type":"","background-media":"","overlay-type":"","overlay-color":"","overlay-opacity":"","overlay-gradient":""},"tablet":{"background-color":"","background-image":"","background-repeat":"repeat","background-position":"center center","background-size":"auto","background-attachment":"scroll","background-type":"","background-media":"","overlay-type":"","overlay-color":"","overlay-opacity":"","overlay-gradient":""},"mobile":{"background-color":"","background-image":"","background-repeat":"repeat","background-position":"center center","background-size":"auto","background-attachment":"scroll","background-type":"","background-media":"","overlay-type":"","overlay-color":"","overlay-opacity":"","overlay-gradient":""}},"ast-content-background-meta":{"desktop":{"background-color":"var(--ast-global-color-5)","background-image":"","background-repeat":"repeat","background-position":"center center","background-size":"auto","background-attachment":"scroll","background-type":"","background-media":"","overlay-type":"","overlay-color":"","overlay-opacity":"","overlay-gradient":""},"tablet":{"background-color":"var(--ast-global-color-5)","background-image":"","background-repeat":"repeat","background-position":"center center","background-size":"auto","background-attachment":"scroll","background-type":"","background-media":"","overlay-type":"","overlay-color":"","overlay-opacity":"","overlay-gradient":""},"mobile":{"background-color":"var(--ast-global-color-5)","background-image":"","background-repeat":"repeat","background-position":"center center","background-size":"auto","background-attachment":"scroll","background-type":"","background-media":"","overlay-type":"","overlay-color":"","overlay-opacity":"","overlay-gradient":""}},"footnotes":""},"categories":[8,1,29],"tags":[211,105],"class_list":["post-2840","post","type-post","status-publish","format-standard","has-post-thumbnail","hentry","category-batxillerat","category-general","category-portada","tag-batxillerat","tag-portes-obertes"],"post_mailing_queue_ids":[],"_links":{"self":[{"href":"https:\/\/agora.xtec.cat\/insdesantacoloma\/wp-json\/wp\/v2\/posts\/2840","targetHints":{"allow":["GET"]}}],"collection":[{"href":"https:\/\/agora.xtec.cat\/insdesantacoloma\/wp-json\/wp\/v2\/posts"}],"about":[{"href":"https:\/\/agora.xtec.cat\/insdesantacoloma\/wp-json\/wp\/v2\/types\/post"}],"author":[{"embeddable":true,"href":"https:\/\/agora.xtec.cat\/insdesantacoloma\/wp-json\/wp\/v2\/users\/1"}],"replies":[{"embeddable":true,"href":"https:\/\/agora.xtec.cat\/insdesantacoloma\/wp-json\/wp\/v2\/comments?post=2840"}],"version-history":[{"count":3,"href":"https:\/\/agora.xtec.cat\/insdesantacoloma\/wp-json\/wp\/v2\/posts\/2840\/revisions"}],"predecessor-version":[{"id":2846,"href":"https:\/\/agora.xtec.cat\/insdesantacoloma\/wp-json\/wp\/v2\/posts\/2840\/revisions\/2846"}],"wp:featuredmedia":[{"embeddable":true,"href":"https:\/\/agora.xtec.cat\/insdesantacoloma\/wp-json\/wp\/v2\/media\/2841"}],"wp:attachment":[{"href":"https:\/\/agora.xtec.cat\/insdesantacoloma\/wp-json\/wp\/v2\/media?parent=2840"}],"wp:term":[{"taxonomy":"category","embeddable":true,"href":"https:\/\/agora.xtec.cat\/insdesantacoloma\/wp-json\/wp\/v2\/categories?post=2840"},{"taxonomy":"post_tag","embeddable":true,"href":"https:\/\/agora.xtec.cat\/insdesantacoloma\/wp-json\/wp\/v2\/tags?post=2840"}],"curies":[{"name":"wp","href":"https:\/\/api.w.org\/{rel}","templated":true}]}}