{"id":2764,"date":"2022-03-08T10:00:23","date_gmt":"2022-03-08T09:00:23","guid":{"rendered":"https:\/\/agora.xtec.cat\/insdesantacoloma\/?p=2764"},"modified":"2022-03-19T22:15:24","modified_gmt":"2022-03-19T21:15:24","slug":"8m-reflexio-i-reivindicacio","status":"publish","type":"post","link":"https:\/\/agora.xtec.cat\/insdesantacoloma\/general\/8m-reflexio-i-reivindicacio\/","title":{"rendered":"8M, reflexi\u00f3 i reivindicaci\u00f3"},"content":{"rendered":"<p><span style=\"font-weight: 400;\">Partint del 8M, l&#8217;institut aquesta setmana ha iniciat un projecte que vol posar en valor durant tot el mes de mar\u00e7, models relacionals entre l\u2019alumnat basats en els valors com la igualtat, l\u2019equitat i el respecte, i prevenir la viol\u00e8ncia en les interaccions personals per raons de diversitat afectiva sexual i de g\u00e8nere, d\u2019origen cultural i religi\u00f3s, i funcional.<\/span><\/p>\n<p><span style=\"font-weight: 400;\">Volem oferir espais per tractar\u00a0 les desigualtats que hi ha al nostre pa\u00eds per\u00f2 tamb\u00e9 reflexionar envers les desigualtats en altres continents. Fer una recerca de com estem\u00a0 ens apropa a una realitat i com a \u00e9sser socials, ens encoratja a lluitar des de l\u2019educaci\u00f3 i el respecte per les igualtats entre les persones.<\/span><b>\u00a0<\/b><\/p>\n<p><b>Els objectius d&#8217;aquest projecte s\u00f3n els seg\u00fcents:<\/b><\/p>\n<ul>\n<li style=\"font-weight: 400;\" aria-level=\"1\"><span style=\"font-weight: 400;\">Con\u00e8ixer les desigualtats de les dones (educaci\u00f3, treball, sanitat, fam\u00edlia, drets&#8230;) en els diferents\u00a0 pa\u00efsos del mon. Tamb\u00e9 es pot incloure la situaci\u00f3 d\u2019altres col\u00b7lectius (LGTBI), infants, etc<\/span><\/li>\n<li style=\"font-weight: 400;\" aria-level=\"1\"><span style=\"font-weight: 400;\">Reflexionar sobre com estem nosaltres vers el pa\u00eds que s\u2019ha fet la recerca.<\/span><\/li>\n<li style=\"font-weight: 400;\" aria-level=\"1\"><span style=\"font-weight: 400;\">Fer un recull de les informacions m\u00e9s rellevants de la recerca.<\/span><\/li>\n<li style=\"font-weight: 400;\" aria-level=\"1\"><span style=\"font-weight: 400;\">Exposar d\u2019una forma clar all\u00f2 que s\u2019ha trobat en la recerca.\u00a0\u00a0<\/span><\/li>\n<\/ul>\n<p>Durant la celebraci\u00f3 del 8M, l&#8217;alumnat de 3r ha llegit un manifest redactat per ells mateixos a la resta de l&#8217;alumnat de l&#8217;institut.<\/p>\n<p><a href=\"https:\/\/agora.xtec.cat\/insdesantacoloma\/wp-content\/uploads\/usu1849\/2022\/03\/Manifest-de-lalumnat-del-9-8m-4.jpg\"><img loading=\"lazy\" decoding=\"async\" class=\"aligncenter wp-image-2765 size-medium\" src=\"https:\/\/agora.xtec.cat\/insdesantacoloma\/wp-content\/uploads\/usu1849\/2022\/03\/Manifest-de-lalumnat-del-9-8m-4-212x300.jpg\" alt=\"Manifest 8M de l'alumnat del 9\" width=\"212\" height=\"300\" srcset=\"https:\/\/agora.xtec.cat\/insdesantacoloma\/wp-content\/uploads\/usu1849\/2022\/03\/Manifest-de-lalumnat-del-9-8m-4-212x300.jpg 212w, https:\/\/agora.xtec.cat\/insdesantacoloma\/wp-content\/uploads\/usu1849\/2022\/03\/Manifest-de-lalumnat-del-9-8m-4-724x1024.jpg 724w, https:\/\/agora.xtec.cat\/insdesantacoloma\/wp-content\/uploads\/usu1849\/2022\/03\/Manifest-de-lalumnat-del-9-8m-4-768x1086.jpg 768w, https:\/\/agora.xtec.cat\/insdesantacoloma\/wp-content\/uploads\/usu1849\/2022\/03\/Manifest-de-lalumnat-del-9-8m-4-1086x1536.jpg 1086w, https:\/\/agora.xtec.cat\/insdesantacoloma\/wp-content\/uploads\/usu1849\/2022\/03\/Manifest-de-lalumnat-del-9-8m-4-1448x2048.jpg 1448w, https:\/\/agora.xtec.cat\/insdesantacoloma\/wp-content\/uploads\/usu1849\/2022\/03\/Manifest-de-lalumnat-del-9-8m-4.jpg 1587w\" sizes=\"auto, (max-width: 212px) 100vw, 212px\" \/><\/a><\/p>\n","protected":false},"excerpt":{"rendered":"<p>Partint del 8M, l&#8217;institut aquesta setmana ha iniciat un projecte que vol posar en valor durant tot el mes de [&hellip;]<\/p>\n","protected":false},"author":1,"featured_media":2786,"comment_status":"open","ping_status":"closed","sticky":false,"template":"","format":"standard","meta":{"_bbp_topic_count":0,"_bbp_reply_count":0,"_bbp_total_topic_count":0,"_bbp_total_reply_count":0,"_bbp_voice_count":0,"_bbp_anonymous_reply_count":0,"_bbp_topic_count_hidden":0,"_bbp_reply_count_hidden":0,"_bbp_forum_subforum_count":0,"site-sidebar-layout":"default","site-content-layout":"","ast-site-content-layout":"","site-content-style":"default","site-sidebar-style":"default","ast-global-header-display":"","ast-banner-title-visibility":"","ast-main-header-display":"","ast-hfb-above-header-display":"","ast-hfb-below-header-display":"","ast-hfb-mobile-header-display":"","site-post-title":"","ast-breadcrumbs-content":"","ast-featured-img":"","footer-sml-layout":"","theme-transparent-header-meta":"","adv-header-id-meta":"","stick-header-meta":"","header-above-stick-meta":"","header-main-stick-meta":"","header-below-stick-meta":"","astra-migrate-meta-layouts":"default","ast-page-background-enabled":"default","ast-page-background-meta":{"desktop":{"background-color":"var(--ast-global-color-4)","background-image":"","background-repeat":"repeat","background-position":"center center","background-size":"auto","background-attachment":"scroll","background-type":"","background-media":"","overlay-type":"","overlay-color":"","overlay-opacity":"","overlay-gradient":""},"tablet":{"background-color":"","background-image":"","background-repeat":"repeat","background-position":"center center","background-size":"auto","background-attachment":"scroll","background-type":"","background-media":"","overlay-type":"","overlay-color":"","overlay-opacity":"","overlay-gradient":""},"mobile":{"background-color":"","background-image":"","background-repeat":"repeat","background-position":"center center","background-size":"auto","background-attachment":"scroll","background-type":"","background-media":"","overlay-type":"","overlay-color":"","overlay-opacity":"","overlay-gradient":""}},"ast-content-background-meta":{"desktop":{"background-color":"var(--ast-global-color-5)","background-image":"","background-repeat":"repeat","background-position":"center center","background-size":"auto","background-attachment":"scroll","background-type":"","background-media":"","overlay-type":"","overlay-color":"","overlay-opacity":"","overlay-gradient":""},"tablet":{"background-color":"var(--ast-global-color-5)","background-image":"","background-repeat":"repeat","background-position":"center center","background-size":"auto","background-attachment":"scroll","background-type":"","background-media":"","overlay-type":"","overlay-color":"","overlay-opacity":"","overlay-gradient":""},"mobile":{"background-color":"var(--ast-global-color-5)","background-image":"","background-repeat":"repeat","background-position":"center center","background-size":"auto","background-attachment":"scroll","background-type":"","background-media":"","overlay-type":"","overlay-color":"","overlay-opacity":"","overlay-gradient":""}},"footnotes":""},"categories":[3,1,29],"tags":[221,208],"class_list":["post-2764","post","type-post","status-publish","format-standard","has-post-thumbnail","hentry","category-eso","category-general","category-portada","tag-8m","tag-feminisme"],"post_mailing_queue_ids":[],"_links":{"self":[{"href":"https:\/\/agora.xtec.cat\/insdesantacoloma\/wp-json\/wp\/v2\/posts\/2764","targetHints":{"allow":["GET"]}}],"collection":[{"href":"https:\/\/agora.xtec.cat\/insdesantacoloma\/wp-json\/wp\/v2\/posts"}],"about":[{"href":"https:\/\/agora.xtec.cat\/insdesantacoloma\/wp-json\/wp\/v2\/types\/post"}],"author":[{"embeddable":true,"href":"https:\/\/agora.xtec.cat\/insdesantacoloma\/wp-json\/wp\/v2\/users\/1"}],"replies":[{"embeddable":true,"href":"https:\/\/agora.xtec.cat\/insdesantacoloma\/wp-json\/wp\/v2\/comments?post=2764"}],"version-history":[{"count":3,"href":"https:\/\/agora.xtec.cat\/insdesantacoloma\/wp-json\/wp\/v2\/posts\/2764\/revisions"}],"predecessor-version":[{"id":2785,"href":"https:\/\/agora.xtec.cat\/insdesantacoloma\/wp-json\/wp\/v2\/posts\/2764\/revisions\/2785"}],"wp:featuredmedia":[{"embeddable":true,"href":"https:\/\/agora.xtec.cat\/insdesantacoloma\/wp-json\/wp\/v2\/media\/2786"}],"wp:attachment":[{"href":"https:\/\/agora.xtec.cat\/insdesantacoloma\/wp-json\/wp\/v2\/media?parent=2764"}],"wp:term":[{"taxonomy":"category","embeddable":true,"href":"https:\/\/agora.xtec.cat\/insdesantacoloma\/wp-json\/wp\/v2\/categories?post=2764"},{"taxonomy":"post_tag","embeddable":true,"href":"https:\/\/agora.xtec.cat\/insdesantacoloma\/wp-json\/wp\/v2\/tags?post=2764"}],"curies":[{"name":"wp","href":"https:\/\/api.w.org\/{rel}","templated":true}]}}