{"id":2740,"date":"2022-03-03T18:05:25","date_gmt":"2022-03-03T17:05:25","guid":{"rendered":"https:\/\/agora.xtec.cat\/insdesantacoloma\/?p=2740"},"modified":"2022-03-20T00:10:08","modified_gmt":"2022-03-19T23:10:08","slug":"historyflix-la-serie-documental-creada-per-lalumnat-de-3r","status":"publish","type":"post","link":"https:\/\/agora.xtec.cat\/insdesantacoloma\/general\/historyflix-la-serie-documental-creada-per-lalumnat-de-3r\/","title":{"rendered":"Historyflix: la s\u00e8rie documental creada per l&#8217;alumnat de 3r d&#8217;ESO"},"content":{"rendered":"<p dir=\"ltr\">Despr\u00e9s d\u2019estudiar el tema <em>Absolutisme, monarquia hisp\u00e0nica, contrareforma i Inquisici\u00f3<\/em>, l\u2019alumnat es converteix en protagonista i creador d\u2019una s\u00e8rie documental: <strong>Historyflix<\/strong>.<\/p>\n<p dir=\"ltr\">Amb una presentaci\u00f3 caracteritzada com si fos una plataforma de s\u00e8ries, aconseguim que l\u2019alumnat hagi de treballar i coordinar-se en grup, hi ha moltes tasques a fer: el gui\u00f3, el vestuari, la interpretaci\u00f3 i la realitzaci\u00f3 del v\u00eddeo.<\/p>\n<p dir=\"ltr\">Sempre amb una mica d\u2019humor, hi ha hagut resultats veritablement incre\u00efbles.<\/p>\n<p dir=\"ltr\">A continuaci\u00f3 podeu veure les fotos del proc\u00e9s de creaci\u00f3.<\/p>\n<div id='gallery-1' class='gallery galleryid-2740 gallery-columns-3 gallery-size-medium'><figure class='gallery-item'>\n\t\t\t<div class='gallery-icon portrait'>\n\t\t\t\t<a href='https:\/\/agora.xtec.cat\/insdesantacoloma\/general\/historyflix-la-serie-documental-creada-per-lalumnat-de-3r\/attachment\/captura-de-pantalla-2022-03-03-a-les-22-19-45\/'><img loading=\"lazy\" decoding=\"async\" width=\"222\" height=\"300\" src=\"https:\/\/agora.xtec.cat\/insdesantacoloma\/wp-content\/uploads\/usu1849\/2022\/03\/Captura-de-pantalla-2022-03-03-a-les-22.19.45-222x300.png\" class=\"attachment-medium size-medium\" alt=\"Historyflix. Absolutisme, monarquia hisp\u00e0nica, contrareforma i Inquisici\u00f3. Safata d&#039;entrada\" srcset=\"https:\/\/agora.xtec.cat\/insdesantacoloma\/wp-content\/uploads\/usu1849\/2022\/03\/Captura-de-pantalla-2022-03-03-a-les-22.19.45-222x300.png 222w, https:\/\/agora.xtec.cat\/insdesantacoloma\/wp-content\/uploads\/usu1849\/2022\/03\/Captura-de-pantalla-2022-03-03-a-les-22.19.45.png 384w\" sizes=\"auto, (max-width: 222px) 100vw, 222px\" \/><\/a>\n\t\t\t<\/div><\/figure><figure class='gallery-item'>\n\t\t\t<div class='gallery-icon landscape'>\n\t\t\t\t<a href='https:\/\/agora.xtec.cat\/insdesantacoloma\/general\/historyflix-la-serie-documental-creada-per-lalumnat-de-3r\/attachment\/captura-de-pantalla-2022-03-03-a-les-22-19-36\/'><img loading=\"lazy\" decoding=\"async\" width=\"300\" height=\"223\" src=\"https:\/\/agora.xtec.cat\/insdesantacoloma\/wp-content\/uploads\/usu1849\/2022\/03\/Captura-de-pantalla-2022-03-03-a-les-22.19.36-300x223.png\" class=\"attachment-medium size-medium\" alt=\"Historyflix. Absolutisme, monarquia hisp\u00e0nica, contrareforma i Inquisici\u00f3. Safata d&#039;entrada\" srcset=\"https:\/\/agora.xtec.cat\/insdesantacoloma\/wp-content\/uploads\/usu1849\/2022\/03\/Captura-de-pantalla-2022-03-03-a-les-22.19.36-300x223.png 300w, https:\/\/agora.xtec.cat\/insdesantacoloma\/wp-content\/uploads\/usu1849\/2022\/03\/Captura-de-pantalla-2022-03-03-a-les-22.19.36-200x150.png 200w, https:\/\/agora.xtec.cat\/insdesantacoloma\/wp-content\/uploads\/usu1849\/2022\/03\/Captura-de-pantalla-2022-03-03-a-les-22.19.36.png 697w\" sizes=\"auto, (max-width: 300px) 100vw, 300px\" \/><\/a>\n\t\t\t<\/div><\/figure><figure class='gallery-item'>\n\t\t\t<div class='gallery-icon landscape'>\n\t\t\t\t<a href='https:\/\/agora.xtec.cat\/insdesantacoloma\/general\/historyflix-la-serie-documental-creada-per-lalumnat-de-3r\/attachment\/captura-de-pantalla-2022-03-03-a-les-22-19-25\/'><img loading=\"lazy\" decoding=\"async\" width=\"300\" height=\"224\" src=\"https:\/\/agora.xtec.cat\/insdesantacoloma\/wp-content\/uploads\/usu1849\/2022\/03\/Captura-de-pantalla-2022-03-03-a-les-22.19.25-300x224.png\" class=\"attachment-medium size-medium\" alt=\"Historyflix. Absolutisme, monarquia hisp\u00e0nica, contrareforma i Inquisici\u00f3. Safata d&#039;entrada\" srcset=\"https:\/\/agora.xtec.cat\/insdesantacoloma\/wp-content\/uploads\/usu1849\/2022\/03\/Captura-de-pantalla-2022-03-03-a-les-22.19.25-300x224.png 300w, https:\/\/agora.xtec.cat\/insdesantacoloma\/wp-content\/uploads\/usu1849\/2022\/03\/Captura-de-pantalla-2022-03-03-a-les-22.19.25-200x150.png 200w, https:\/\/agora.xtec.cat\/insdesantacoloma\/wp-content\/uploads\/usu1849\/2022\/03\/Captura-de-pantalla-2022-03-03-a-les-22.19.25.png 698w\" sizes=\"auto, (max-width: 300px) 100vw, 300px\" \/><\/a>\n\t\t\t<\/div><\/figure><figure class='gallery-item'>\n\t\t\t<div class='gallery-icon landscape'>\n\t\t\t\t<a href='https:\/\/agora.xtec.cat\/insdesantacoloma\/general\/historyflix-la-serie-documental-creada-per-lalumnat-de-3r\/attachment\/pasted-image-0-8\/'><img loading=\"lazy\" decoding=\"async\" width=\"300\" height=\"225\" src=\"https:\/\/agora.xtec.cat\/insdesantacoloma\/wp-content\/uploads\/usu1849\/2022\/03\/pasted-image-0-8-300x225.png\" class=\"attachment-medium size-medium\" alt=\"Historyflix. Absolutisme, monarquia hisp\u00e0nica, contrareforma i Inquisici\u00f3. Safata d&#039;entrada\" srcset=\"https:\/\/agora.xtec.cat\/insdesantacoloma\/wp-content\/uploads\/usu1849\/2022\/03\/pasted-image-0-8-300x225.png 300w, https:\/\/agora.xtec.cat\/insdesantacoloma\/wp-content\/uploads\/usu1849\/2022\/03\/pasted-image-0-8-1024x768.png 1024w, https:\/\/agora.xtec.cat\/insdesantacoloma\/wp-content\/uploads\/usu1849\/2022\/03\/pasted-image-0-8-768x576.png 768w, https:\/\/agora.xtec.cat\/insdesantacoloma\/wp-content\/uploads\/usu1849\/2022\/03\/pasted-image-0-8-200x150.png 200w, https:\/\/agora.xtec.cat\/insdesantacoloma\/wp-content\/uploads\/usu1849\/2022\/03\/pasted-image-0-8.png 1280w\" sizes=\"auto, (max-width: 300px) 100vw, 300px\" \/><\/a>\n\t\t\t<\/div><\/figure><figure class='gallery-item'>\n\t\t\t<div class='gallery-icon landscape'>\n\t\t\t\t<a href='https:\/\/agora.xtec.cat\/insdesantacoloma\/general\/historyflix-la-serie-documental-creada-per-lalumnat-de-3r\/attachment\/pasted-image-0-7\/'><img loading=\"lazy\" decoding=\"async\" width=\"300\" height=\"225\" src=\"https:\/\/agora.xtec.cat\/insdesantacoloma\/wp-content\/uploads\/usu1849\/2022\/03\/pasted-image-0-7-300x225.png\" class=\"attachment-medium size-medium\" alt=\"Historyflix. Absolutisme, monarquia hisp\u00e0nica, contrareforma i Inquisici\u00f3. Safata d&#039;entrada\" srcset=\"https:\/\/agora.xtec.cat\/insdesantacoloma\/wp-content\/uploads\/usu1849\/2022\/03\/pasted-image-0-7-300x225.png 300w, https:\/\/agora.xtec.cat\/insdesantacoloma\/wp-content\/uploads\/usu1849\/2022\/03\/pasted-image-0-7-1024x768.png 1024w, https:\/\/agora.xtec.cat\/insdesantacoloma\/wp-content\/uploads\/usu1849\/2022\/03\/pasted-image-0-7-768x576.png 768w, https:\/\/agora.xtec.cat\/insdesantacoloma\/wp-content\/uploads\/usu1849\/2022\/03\/pasted-image-0-7-200x150.png 200w, https:\/\/agora.xtec.cat\/insdesantacoloma\/wp-content\/uploads\/usu1849\/2022\/03\/pasted-image-0-7.png 1280w\" sizes=\"auto, (max-width: 300px) 100vw, 300px\" \/><\/a>\n\t\t\t<\/div><\/figure><figure class='gallery-item'>\n\t\t\t<div class='gallery-icon landscape'>\n\t\t\t\t<a href='https:\/\/agora.xtec.cat\/insdesantacoloma\/general\/historyflix-la-serie-documental-creada-per-lalumnat-de-3r\/attachment\/imatge\/'><img loading=\"lazy\" decoding=\"async\" width=\"300\" height=\"169\" src=\"https:\/\/agora.xtec.cat\/insdesantacoloma\/wp-content\/uploads\/usu1849\/2022\/03\/imatge-300x169.png\" class=\"attachment-medium size-medium\" alt=\"Historyflix. Absolutisme, monarquia hisp\u00e0nica, contrareforma i Inquisici\u00f3. Safata d&#039;entrada\" srcset=\"https:\/\/agora.xtec.cat\/insdesantacoloma\/wp-content\/uploads\/usu1849\/2022\/03\/imatge-300x169.png 300w, https:\/\/agora.xtec.cat\/insdesantacoloma\/wp-content\/uploads\/usu1849\/2022\/03\/imatge-1024x576.png 1024w, https:\/\/agora.xtec.cat\/insdesantacoloma\/wp-content\/uploads\/usu1849\/2022\/03\/imatge-768x432.png 768w, https:\/\/agora.xtec.cat\/insdesantacoloma\/wp-content\/uploads\/usu1849\/2022\/03\/imatge-1536x864.png 1536w, https:\/\/agora.xtec.cat\/insdesantacoloma\/wp-content\/uploads\/usu1849\/2022\/03\/imatge.png 1920w\" sizes=\"auto, (max-width: 300px) 100vw, 300px\" \/><\/a>\n\t\t\t<\/div><\/figure><figure class='gallery-item'>\n\t\t\t<div class='gallery-icon landscape'>\n\t\t\t\t<a href='https:\/\/agora.xtec.cat\/insdesantacoloma\/general\/historyflix-la-serie-documental-creada-per-lalumnat-de-3r\/attachment\/captura-de-pantalla-2022-03-03-a-les-22-21-37\/'><img loading=\"lazy\" decoding=\"async\" width=\"300\" height=\"169\" src=\"https:\/\/agora.xtec.cat\/insdesantacoloma\/wp-content\/uploads\/usu1849\/2022\/03\/Captura-de-pantalla-2022-03-03-a-les-22.21.37-300x169.png\" class=\"attachment-medium size-medium\" alt=\"Historyflix. Absolutisme, monarquia hisp\u00e0nica, contrareforma i Inquisici\u00f3. Safata d&#039;entrada\" srcset=\"https:\/\/agora.xtec.cat\/insdesantacoloma\/wp-content\/uploads\/usu1849\/2022\/03\/Captura-de-pantalla-2022-03-03-a-les-22.21.37-300x169.png 300w, https:\/\/agora.xtec.cat\/insdesantacoloma\/wp-content\/uploads\/usu1849\/2022\/03\/Captura-de-pantalla-2022-03-03-a-les-22.21.37-768x432.png 768w, https:\/\/agora.xtec.cat\/insdesantacoloma\/wp-content\/uploads\/usu1849\/2022\/03\/Captura-de-pantalla-2022-03-03-a-les-22.21.37.png 943w\" sizes=\"auto, (max-width: 300px) 100vw, 300px\" \/><\/a>\n\t\t\t<\/div><\/figure><figure class='gallery-item'>\n\t\t\t<div class='gallery-icon landscape'>\n\t\t\t\t<a href='https:\/\/agora.xtec.cat\/insdesantacoloma\/general\/historyflix-la-serie-documental-creada-per-lalumnat-de-3r\/attachment\/pasted-image-0-5\/'><img loading=\"lazy\" decoding=\"async\" width=\"300\" height=\"169\" src=\"https:\/\/agora.xtec.cat\/insdesantacoloma\/wp-content\/uploads\/usu1849\/2022\/03\/pasted-image-0-5-300x169.png\" class=\"attachment-medium size-medium\" alt=\"Historyflix. Absolutisme, monarquia hisp\u00e0nica, contrareforma i Inquisici\u00f3. Safata d&#039;entrada\" srcset=\"https:\/\/agora.xtec.cat\/insdesantacoloma\/wp-content\/uploads\/usu1849\/2022\/03\/pasted-image-0-5-300x169.png 300w, https:\/\/agora.xtec.cat\/insdesantacoloma\/wp-content\/uploads\/usu1849\/2022\/03\/pasted-image-0-5-1024x576.png 1024w, https:\/\/agora.xtec.cat\/insdesantacoloma\/wp-content\/uploads\/usu1849\/2022\/03\/pasted-image-0-5-768x432.png 768w, https:\/\/agora.xtec.cat\/insdesantacoloma\/wp-content\/uploads\/usu1849\/2022\/03\/pasted-image-0-5-1536x864.png 1536w, https:\/\/agora.xtec.cat\/insdesantacoloma\/wp-content\/uploads\/usu1849\/2022\/03\/pasted-image-0-5.png 1920w\" sizes=\"auto, (max-width: 300px) 100vw, 300px\" \/><\/a>\n\t\t\t<\/div><\/figure><figure class='gallery-item'>\n\t\t\t<div class='gallery-icon landscape'>\n\t\t\t\t<a href='https:\/\/agora.xtec.cat\/insdesantacoloma\/general\/historyflix-la-serie-documental-creada-per-lalumnat-de-3r\/attachment\/pasted-image-0-14\/'><img loading=\"lazy\" decoding=\"async\" width=\"300\" height=\"169\" src=\"https:\/\/agora.xtec.cat\/insdesantacoloma\/wp-content\/uploads\/usu1849\/2022\/03\/pasted-image-0-14-300x169.png\" class=\"attachment-medium size-medium\" alt=\"\" srcset=\"https:\/\/agora.xtec.cat\/insdesantacoloma\/wp-content\/uploads\/usu1849\/2022\/03\/pasted-image-0-14-300x169.png 300w, https:\/\/agora.xtec.cat\/insdesantacoloma\/wp-content\/uploads\/usu1849\/2022\/03\/pasted-image-0-14-1024x576.png 1024w, https:\/\/agora.xtec.cat\/insdesantacoloma\/wp-content\/uploads\/usu1849\/2022\/03\/pasted-image-0-14-768x432.png 768w, https:\/\/agora.xtec.cat\/insdesantacoloma\/wp-content\/uploads\/usu1849\/2022\/03\/pasted-image-0-14-1536x864.png 1536w, https:\/\/agora.xtec.cat\/insdesantacoloma\/wp-content\/uploads\/usu1849\/2022\/03\/pasted-image-0-14.png 1920w\" sizes=\"auto, (max-width: 300px) 100vw, 300px\" \/><\/a>\n\t\t\t<\/div><\/figure>\n\t\t<\/div>\n\n<p dir=\"ltr\">I tamb\u00e9 us deixem alguns cap\u00edtols de la s\u00e8rie!<\/p>\n<p dir=\"ltr\"><iframe loading=\"lazy\" src=\"\/\/www.youtube.com\/embed\/x0T0mTGebFE\" width=\"560\" height=\"314\" allowfullscreen=\"allowfullscreen\"><\/iframe><\/p>\n<p dir=\"ltr\"><iframe loading=\"lazy\" src=\"\/\/www.youtube.com\/embed\/0-41vKKdx1Q\" width=\"560\" height=\"314\" allowfullscreen=\"allowfullscreen\"><\/iframe><\/p>\n","protected":false},"excerpt":{"rendered":"<p>Despr\u00e9s d\u2019estudiar el tema Absolutisme, monarquia hisp\u00e0nica, contrareforma i Inquisici\u00f3, l\u2019alumnat es converteix en protagonista i creador d\u2019una s\u00e8rie documental: [&hellip;]<\/p>\n","protected":false},"author":1,"featured_media":2751,"comment_status":"open","ping_status":"closed","sticky":false,"template":"","format":"standard","meta":{"_bbp_topic_count":0,"_bbp_reply_count":0,"_bbp_total_topic_count":0,"_bbp_total_reply_count":0,"_bbp_voice_count":0,"_bbp_anonymous_reply_count":0,"_bbp_topic_count_hidden":0,"_bbp_reply_count_hidden":0,"_bbp_forum_subforum_count":0,"site-sidebar-layout":"default","site-content-layout":"","ast-site-content-layout":"","site-content-style":"default","site-sidebar-style":"default","ast-global-header-display":"","ast-banner-title-visibility":"","ast-main-header-display":"","ast-hfb-above-header-display":"","ast-hfb-below-header-display":"","ast-hfb-mobile-header-display":"","site-post-title":"","ast-breadcrumbs-content":"","ast-featured-img":"","footer-sml-layout":"","theme-transparent-header-meta":"","adv-header-id-meta":"","stick-header-meta":"","header-above-stick-meta":"","header-main-stick-meta":"","header-below-stick-meta":"","astra-migrate-meta-layouts":"default","ast-page-background-enabled":"default","ast-page-background-meta":{"desktop":{"background-color":"var(--ast-global-color-4)","background-image":"","background-repeat":"repeat","background-position":"center center","background-size":"auto","background-attachment":"scroll","background-type":"","background-media":"","overlay-type":"","overlay-color":"","overlay-opacity":"","overlay-gradient":""},"tablet":{"background-color":"","background-image":"","background-repeat":"repeat","background-position":"center center","background-size":"auto","background-attachment":"scroll","background-type":"","background-media":"","overlay-type":"","overlay-color":"","overlay-opacity":"","overlay-gradient":""},"mobile":{"background-color":"","background-image":"","background-repeat":"repeat","background-position":"center center","background-size":"auto","background-attachment":"scroll","background-type":"","background-media":"","overlay-type":"","overlay-color":"","overlay-opacity":"","overlay-gradient":""}},"ast-content-background-meta":{"desktop":{"background-color":"var(--ast-global-color-5)","background-image":"","background-repeat":"repeat","background-position":"center center","background-size":"auto","background-attachment":"scroll","background-type":"","background-media":"","overlay-type":"","overlay-color":"","overlay-opacity":"","overlay-gradient":""},"tablet":{"background-color":"var(--ast-global-color-5)","background-image":"","background-repeat":"repeat","background-position":"center center","background-size":"auto","background-attachment":"scroll","background-type":"","background-media":"","overlay-type":"","overlay-color":"","overlay-opacity":"","overlay-gradient":""},"mobile":{"background-color":"var(--ast-global-color-5)","background-image":"","background-repeat":"repeat","background-position":"center center","background-size":"auto","background-attachment":"scroll","background-type":"","background-media":"","overlay-type":"","overlay-color":"","overlay-opacity":"","overlay-gradient":""}},"footnotes":""},"categories":[3,6,1,29],"tags":[219],"class_list":["post-2740","post","type-post","status-publish","format-standard","has-post-thumbnail","hentry","category-eso","category-eso-3","category-general","category-portada","tag-historia"],"post_mailing_queue_ids":[],"_links":{"self":[{"href":"https:\/\/agora.xtec.cat\/insdesantacoloma\/wp-json\/wp\/v2\/posts\/2740","targetHints":{"allow":["GET"]}}],"collection":[{"href":"https:\/\/agora.xtec.cat\/insdesantacoloma\/wp-json\/wp\/v2\/posts"}],"about":[{"href":"https:\/\/agora.xtec.cat\/insdesantacoloma\/wp-json\/wp\/v2\/types\/post"}],"author":[{"embeddable":true,"href":"https:\/\/agora.xtec.cat\/insdesantacoloma\/wp-json\/wp\/v2\/users\/1"}],"replies":[{"embeddable":true,"href":"https:\/\/agora.xtec.cat\/insdesantacoloma\/wp-json\/wp\/v2\/comments?post=2740"}],"version-history":[{"count":3,"href":"https:\/\/agora.xtec.cat\/insdesantacoloma\/wp-json\/wp\/v2\/posts\/2740\/revisions"}],"predecessor-version":[{"id":2817,"href":"https:\/\/agora.xtec.cat\/insdesantacoloma\/wp-json\/wp\/v2\/posts\/2740\/revisions\/2817"}],"wp:featuredmedia":[{"embeddable":true,"href":"https:\/\/agora.xtec.cat\/insdesantacoloma\/wp-json\/wp\/v2\/media\/2751"}],"wp:attachment":[{"href":"https:\/\/agora.xtec.cat\/insdesantacoloma\/wp-json\/wp\/v2\/media?parent=2740"}],"wp:term":[{"taxonomy":"category","embeddable":true,"href":"https:\/\/agora.xtec.cat\/insdesantacoloma\/wp-json\/wp\/v2\/categories?post=2740"},{"taxonomy":"post_tag","embeddable":true,"href":"https:\/\/agora.xtec.cat\/insdesantacoloma\/wp-json\/wp\/v2\/tags?post=2740"}],"curies":[{"name":"wp","href":"https:\/\/api.w.org\/{rel}","templated":true}]}}