{"id":2639,"date":"2022-02-04T12:00:50","date_gmt":"2022-02-04T11:00:50","guid":{"rendered":"https:\/\/agora.xtec.cat\/insdesantacoloma\/?p=2639"},"modified":"2022-03-19T22:19:37","modified_gmt":"2022-03-19T21:19:37","slug":"matricula-eso-curs-22-23-sessions-informatives","status":"publish","type":"post","link":"https:\/\/agora.xtec.cat\/insdesantacoloma\/general\/matricula-eso-curs-22-23-sessions-informatives\/","title":{"rendered":"Matr\u00edcula ESO curs 22\/23: Sessions informatives"},"content":{"rendered":"<p>Si esteu interessats a con\u00e8ixer el projecte educatiu del nostre institut, ens plau convidar-vos a les <strong>Jornades de Portes Obertes<\/strong>.<\/p>\n<p>Aquestes sessions informatives a c\u00e0rrec de l&#8217;equip directiu del centre tindran lloc <strong>dimecres 23 i dijous 24 de febrer<\/strong> a partir de les 17.00 h i <strong>dissabte 5 de mar\u00e7<\/strong> a partir de les 10.00 h.<\/p>\n<p>Organitzarem visites en grups redu\u00efts d&#8217;unes 10 &#8211; 15 persones per poder-vos explicar com treballem i atendre els vostres dubtes d&#8217;una manera m\u00e9s propera i personalitzada.<\/p>\n<p>Per apuntar-vos a aquestes visites, <strong>us demanem que reserveu la vostra pla\u00e7a amb antelaci\u00f3<\/strong>. Podeu trucar-nos als tel\u00e8fons seg\u00fcents: 938 564 660 o 667 076 691. O escriure un correu electr\u00f2nic a l&#8217;equip de direcci\u00f3 de l&#8217;institut: <a href=\"mailto:institut9@institut9.cat\">institut9@institut9.cat<\/a>.<\/p>\n<p>&nbsp;<\/p>\n<p><a href=\"https:\/\/agora.xtec.cat\/insdesantacoloma\/wp-content\/uploads\/usu1849\/2022\/02\/story-def-portes-obertes.jpg\"><img loading=\"lazy\" decoding=\"async\" class=\"aligncenter wp-image-2641 size-large\" src=\"https:\/\/agora.xtec.cat\/insdesantacoloma\/wp-content\/uploads\/usu1849\/2022\/02\/story-def-portes-obertes-e1644099714294-853x1024.jpg\" alt=\"\" width=\"853\" height=\"1024\" srcset=\"https:\/\/agora.xtec.cat\/insdesantacoloma\/wp-content\/uploads\/usu1849\/2022\/02\/story-def-portes-obertes-e1644099714294-853x1024.jpg 853w, https:\/\/agora.xtec.cat\/insdesantacoloma\/wp-content\/uploads\/usu1849\/2022\/02\/story-def-portes-obertes-e1644099714294-250x300.jpg 250w, https:\/\/agora.xtec.cat\/insdesantacoloma\/wp-content\/uploads\/usu1849\/2022\/02\/story-def-portes-obertes-e1644099714294-768x922.jpg 768w, https:\/\/agora.xtec.cat\/insdesantacoloma\/wp-content\/uploads\/usu1849\/2022\/02\/story-def-portes-obertes-e1644099714294.jpg 1080w\" sizes=\"auto, (max-width: 853px) 100vw, 853px\" \/><\/a><\/p>\n<p>&nbsp;<\/p>\n<p>&nbsp;<\/p>\n","protected":false},"excerpt":{"rendered":"<p>Si esteu interessats a con\u00e8ixer el projecte educatiu del nostre institut, ens plau convidar-vos a les Jornades de Portes Obertes. [&hellip;]<\/p>\n","protected":false},"author":1,"featured_media":2641,"comment_status":"open","ping_status":"closed","sticky":false,"template":"","format":"standard","meta":{"_bbp_topic_count":0,"_bbp_reply_count":0,"_bbp_total_topic_count":0,"_bbp_total_reply_count":0,"_bbp_voice_count":0,"_bbp_anonymous_reply_count":0,"_bbp_topic_count_hidden":0,"_bbp_reply_count_hidden":0,"_bbp_forum_subforum_count":0,"site-sidebar-layout":"default","site-content-layout":"","ast-site-content-layout":"","site-content-style":"default","site-sidebar-style":"default","ast-global-header-display":"","ast-banner-title-visibility":"","ast-main-header-display":"","ast-hfb-above-header-display":"","ast-hfb-below-header-display":"","ast-hfb-mobile-header-display":"","site-post-title":"","ast-breadcrumbs-content":"","ast-featured-img":"","footer-sml-layout":"","theme-transparent-header-meta":"","adv-header-id-meta":"","stick-header-meta":"","header-above-stick-meta":"","header-main-stick-meta":"","header-below-stick-meta":"","astra-migrate-meta-layouts":"default","ast-page-background-enabled":"default","ast-page-background-meta":{"desktop":{"background-color":"var(--ast-global-color-4)","background-image":"","background-repeat":"repeat","background-position":"center center","background-size":"auto","background-attachment":"scroll","background-type":"","background-media":"","overlay-type":"","overlay-color":"","overlay-opacity":"","overlay-gradient":""},"tablet":{"background-color":"","background-image":"","background-repeat":"repeat","background-position":"center center","background-size":"auto","background-attachment":"scroll","background-type":"","background-media":"","overlay-type":"","overlay-color":"","overlay-opacity":"","overlay-gradient":""},"mobile":{"background-color":"","background-image":"","background-repeat":"repeat","background-position":"center center","background-size":"auto","background-attachment":"scroll","background-type":"","background-media":"","overlay-type":"","overlay-color":"","overlay-opacity":"","overlay-gradient":""}},"ast-content-background-meta":{"desktop":{"background-color":"var(--ast-global-color-5)","background-image":"","background-repeat":"repeat","background-position":"center center","background-size":"auto","background-attachment":"scroll","background-type":"","background-media":"","overlay-type":"","overlay-color":"","overlay-opacity":"","overlay-gradient":""},"tablet":{"background-color":"var(--ast-global-color-5)","background-image":"","background-repeat":"repeat","background-position":"center center","background-size":"auto","background-attachment":"scroll","background-type":"","background-media":"","overlay-type":"","overlay-color":"","overlay-opacity":"","overlay-gradient":""},"mobile":{"background-color":"var(--ast-global-color-5)","background-image":"","background-repeat":"repeat","background-position":"center center","background-size":"auto","background-attachment":"scroll","background-type":"","background-media":"","overlay-type":"","overlay-color":"","overlay-opacity":"","overlay-gradient":""}},"footnotes":""},"categories":[3,1,29],"tags":[105],"class_list":["post-2639","post","type-post","status-publish","format-standard","has-post-thumbnail","hentry","category-eso","category-general","category-portada","tag-portes-obertes"],"post_mailing_queue_ids":[],"_links":{"self":[{"href":"https:\/\/agora.xtec.cat\/insdesantacoloma\/wp-json\/wp\/v2\/posts\/2639","targetHints":{"allow":["GET"]}}],"collection":[{"href":"https:\/\/agora.xtec.cat\/insdesantacoloma\/wp-json\/wp\/v2\/posts"}],"about":[{"href":"https:\/\/agora.xtec.cat\/insdesantacoloma\/wp-json\/wp\/v2\/types\/post"}],"author":[{"embeddable":true,"href":"https:\/\/agora.xtec.cat\/insdesantacoloma\/wp-json\/wp\/v2\/users\/1"}],"replies":[{"embeddable":true,"href":"https:\/\/agora.xtec.cat\/insdesantacoloma\/wp-json\/wp\/v2\/comments?post=2639"}],"version-history":[{"count":3,"href":"https:\/\/agora.xtec.cat\/insdesantacoloma\/wp-json\/wp\/v2\/posts\/2639\/revisions"}],"predecessor-version":[{"id":2655,"href":"https:\/\/agora.xtec.cat\/insdesantacoloma\/wp-json\/wp\/v2\/posts\/2639\/revisions\/2655"}],"wp:featuredmedia":[{"embeddable":true,"href":"https:\/\/agora.xtec.cat\/insdesantacoloma\/wp-json\/wp\/v2\/media\/2641"}],"wp:attachment":[{"href":"https:\/\/agora.xtec.cat\/insdesantacoloma\/wp-json\/wp\/v2\/media?parent=2639"}],"wp:term":[{"taxonomy":"category","embeddable":true,"href":"https:\/\/agora.xtec.cat\/insdesantacoloma\/wp-json\/wp\/v2\/categories?post=2639"},{"taxonomy":"post_tag","embeddable":true,"href":"https:\/\/agora.xtec.cat\/insdesantacoloma\/wp-json\/wp\/v2\/tags?post=2639"}],"curies":[{"name":"wp","href":"https:\/\/api.w.org\/{rel}","templated":true}]}}