{"id":2600,"date":"2022-01-17T09:00:12","date_gmt":"2022-01-17T08:00:12","guid":{"rendered":"https:\/\/agora.xtec.cat\/insdesantacoloma\/?p=2600"},"modified":"2022-04-09T09:46:05","modified_gmt":"2022-04-09T07:46:05","slug":"volem-continuitat-volem-batxillerat","status":"publish","type":"post","link":"https:\/\/agora.xtec.cat\/insdesantacoloma\/general\/volem-continuitat-volem-batxillerat\/","title":{"rendered":"Volem continu\u00eftat, volem Batxillerat!"},"content":{"rendered":"<p>Perilla la continu\u00eftat dels estudis a l&#8217;Institut 9 de Santa Coloma de Gramenet, un centre de m\u00e0xima complexitat, que malgrat les diferents adversitats amb les quals ens hem trobat des dels nostres inicis, sempre hem ofert un bon projecte educatiu i innovador: participant en els programes pioners STEAM i Avancem, treballant per projectes i de manera competencial, teixint vincles i col\u00b7laborant amb l&#8217;entorn de la ciutat, amb voluntat de ser un centre obert i que s&#8217;ha guanyat el reconeixement de la comunitat local i educativa.<\/p>\n<p>Malgrat la petici\u00f3 de l&#8217;equip directiu, el claustre, les fam\u00edlies i el Consell Escolar Municipal i sabent que diferents autoritats han reconegut el bon projecte que oferim, encara no sabem si el proper curs el nostre alumnat podr\u00e0 seguir estudiant al centre, at\u00e8s que no ens acaben de garantir l&#8217;oferta d&#8217;educaci\u00f3 postobligat\u00f2ria al nostre institut.<\/p>\n<p>Se&#8217;ns va dir que ser\u00edem un centre 3-2, amb 3 l\u00ednies d&#8217;ESO i 2 de batxillerat i sempre hem treballat amb aquesta idea. Volem que el nostre alumnat, d&#8217;un centre de m\u00e0xima complexitat, tingui les mateixes oportunitats que els\/les alumnes dels altres instituts de la ciutat.<\/p>\n<p>VOLEM CONTINU\u00cfTAT, VOLEM BATXILLERAT!<\/p>\n<p><em> Si doneu suport a la causa, compartiu aquesta informaci\u00f3 a les vostres xarxes socials.\u00a0<\/em><\/p>\n","protected":false},"excerpt":{"rendered":"<p>Perilla la continu\u00eftat dels estudis a l&#8217;Institut 9 de Santa Coloma de Gramenet, un centre de m\u00e0xima complexitat, que malgrat [&hellip;]<\/p>\n","protected":false},"author":1,"featured_media":0,"comment_status":"open","ping_status":"closed","sticky":false,"template":"","format":"standard","meta":{"_bbp_topic_count":0,"_bbp_reply_count":0,"_bbp_total_topic_count":0,"_bbp_total_reply_count":0,"_bbp_voice_count":0,"_bbp_anonymous_reply_count":0,"_bbp_topic_count_hidden":0,"_bbp_reply_count_hidden":0,"_bbp_forum_subforum_count":0,"site-sidebar-layout":"default","site-content-layout":"","ast-site-content-layout":"","site-content-style":"default","site-sidebar-style":"default","ast-global-header-display":"","ast-banner-title-visibility":"","ast-main-header-display":"","ast-hfb-above-header-display":"","ast-hfb-below-header-display":"","ast-hfb-mobile-header-display":"","site-post-title":"","ast-breadcrumbs-content":"","ast-featured-img":"","footer-sml-layout":"","theme-transparent-header-meta":"","adv-header-id-meta":"","stick-header-meta":"","header-above-stick-meta":"","header-main-stick-meta":"","header-below-stick-meta":"","astra-migrate-meta-layouts":"default","ast-page-background-enabled":"default","ast-page-background-meta":{"desktop":{"background-color":"var(--ast-global-color-4)","background-image":"","background-repeat":"repeat","background-position":"center center","background-size":"auto","background-attachment":"scroll","background-type":"","background-media":"","overlay-type":"","overlay-color":"","overlay-opacity":"","overlay-gradient":""},"tablet":{"background-color":"","background-image":"","background-repeat":"repeat","background-position":"center center","background-size":"auto","background-attachment":"scroll","background-type":"","background-media":"","overlay-type":"","overlay-color":"","overlay-opacity":"","overlay-gradient":""},"mobile":{"background-color":"","background-image":"","background-repeat":"repeat","background-position":"center center","background-size":"auto","background-attachment":"scroll","background-type":"","background-media":"","overlay-type":"","overlay-color":"","overlay-opacity":"","overlay-gradient":""}},"ast-content-background-meta":{"desktop":{"background-color":"var(--ast-global-color-5)","background-image":"","background-repeat":"repeat","background-position":"center center","background-size":"auto","background-attachment":"scroll","background-type":"","background-media":"","overlay-type":"","overlay-color":"","overlay-opacity":"","overlay-gradient":""},"tablet":{"background-color":"var(--ast-global-color-5)","background-image":"","background-repeat":"repeat","background-position":"center center","background-size":"auto","background-attachment":"scroll","background-type":"","background-media":"","overlay-type":"","overlay-color":"","overlay-opacity":"","overlay-gradient":""},"mobile":{"background-color":"var(--ast-global-color-5)","background-image":"","background-repeat":"repeat","background-position":"center center","background-size":"auto","background-attachment":"scroll","background-type":"","background-media":"","overlay-type":"","overlay-color":"","overlay-opacity":"","overlay-gradient":""}},"footnotes":""},"categories":[31,1],"tags":[211],"class_list":["post-2600","post","type-post","status-publish","format-standard","hentry","category-ampa","category-general","tag-batxillerat"],"post_mailing_queue_ids":[],"_links":{"self":[{"href":"https:\/\/agora.xtec.cat\/insdesantacoloma\/wp-json\/wp\/v2\/posts\/2600","targetHints":{"allow":["GET"]}}],"collection":[{"href":"https:\/\/agora.xtec.cat\/insdesantacoloma\/wp-json\/wp\/v2\/posts"}],"about":[{"href":"https:\/\/agora.xtec.cat\/insdesantacoloma\/wp-json\/wp\/v2\/types\/post"}],"author":[{"embeddable":true,"href":"https:\/\/agora.xtec.cat\/insdesantacoloma\/wp-json\/wp\/v2\/users\/1"}],"replies":[{"embeddable":true,"href":"https:\/\/agora.xtec.cat\/insdesantacoloma\/wp-json\/wp\/v2\/comments?post=2600"}],"version-history":[{"count":3,"href":"https:\/\/agora.xtec.cat\/insdesantacoloma\/wp-json\/wp\/v2\/posts\/2600\/revisions"}],"predecessor-version":[{"id":2603,"href":"https:\/\/agora.xtec.cat\/insdesantacoloma\/wp-json\/wp\/v2\/posts\/2600\/revisions\/2603"}],"wp:attachment":[{"href":"https:\/\/agora.xtec.cat\/insdesantacoloma\/wp-json\/wp\/v2\/media?parent=2600"}],"wp:term":[{"taxonomy":"category","embeddable":true,"href":"https:\/\/agora.xtec.cat\/insdesantacoloma\/wp-json\/wp\/v2\/categories?post=2600"},{"taxonomy":"post_tag","embeddable":true,"href":"https:\/\/agora.xtec.cat\/insdesantacoloma\/wp-json\/wp\/v2\/tags?post=2600"}],"curies":[{"name":"wp","href":"https:\/\/api.w.org\/{rel}","templated":true}]}}