{"id":2544,"date":"2021-12-20T19:48:01","date_gmt":"2021-12-20T18:48:01","guid":{"rendered":"https:\/\/agora.xtec.cat\/insdesantacoloma\/?p=2544"},"modified":"2022-03-20T00:08:59","modified_gmt":"2022-03-19T23:08:59","slug":"forns-solars-per-entendre-lefecte-hivernacle","status":"publish","type":"post","link":"https:\/\/agora.xtec.cat\/insdesantacoloma\/general\/forns-solars-per-entendre-lefecte-hivernacle\/","title":{"rendered":"Forns solars per entendre l&#8217;efecte hivernacle"},"content":{"rendered":"<p>Segur que heu sentit a parlar de l&#8217;efecte hivernacle, per\u00f2 sabr\u00edeu explicar qu\u00e8 \u00e9s?<br \/>\nEls nois i noies de 1r d&#8217;ESO us ho poden explicar amb facilitat gr\u00e0cies a una activitat transversal entre Tecnologia i Ci\u00e8ncies.<br \/>\nEn el marc de l&#8217;assignatura de Tecnologia, han fet una recerca per dissenyar i muntar ells mateixos un forn solar. Despr\u00e9s, a Ci\u00e8ncies, n&#8217;han observat el funcionament i han pogut extreure conclusions per comprendre l&#8217;efecte hivernacle.<\/p>\n<div id='gallery-1' class='gallery galleryid-2544 gallery-columns-3 gallery-size-medium'><figure class='gallery-item'>\n\t\t\t<div class='gallery-icon landscape'>\n\t\t\t\t<a href='https:\/\/agora.xtec.cat\/insdesantacoloma\/general\/forns-solars-per-entendre-lefecte-hivernacle\/attachment\/whatsapp-image-2021-12-20-at-15-55-34-1\/'><img loading=\"lazy\" decoding=\"async\" width=\"300\" height=\"169\" src=\"https:\/\/agora.xtec.cat\/insdesantacoloma\/wp-content\/uploads\/usu1849\/2021\/12\/WhatsApp-Image-2021-12-20-at-15.55.34-1-300x169.jpeg\" class=\"attachment-medium size-medium\" alt=\"Forn solar\" srcset=\"https:\/\/agora.xtec.cat\/insdesantacoloma\/wp-content\/uploads\/usu1849\/2021\/12\/WhatsApp-Image-2021-12-20-at-15.55.34-1-300x169.jpeg 300w, https:\/\/agora.xtec.cat\/insdesantacoloma\/wp-content\/uploads\/usu1849\/2021\/12\/WhatsApp-Image-2021-12-20-at-15.55.34-1-1024x576.jpeg 1024w, https:\/\/agora.xtec.cat\/insdesantacoloma\/wp-content\/uploads\/usu1849\/2021\/12\/WhatsApp-Image-2021-12-20-at-15.55.34-1-768x432.jpeg 768w, https:\/\/agora.xtec.cat\/insdesantacoloma\/wp-content\/uploads\/usu1849\/2021\/12\/WhatsApp-Image-2021-12-20-at-15.55.34-1-1536x864.jpeg 1536w, https:\/\/agora.xtec.cat\/insdesantacoloma\/wp-content\/uploads\/usu1849\/2021\/12\/WhatsApp-Image-2021-12-20-at-15.55.34-1.jpeg 2048w\" sizes=\"auto, (max-width: 300px) 100vw, 300px\" \/><\/a>\n\t\t\t<\/div><\/figure><figure class='gallery-item'>\n\t\t\t<div class='gallery-icon landscape'>\n\t\t\t\t<a href='https:\/\/agora.xtec.cat\/insdesantacoloma\/general\/forns-solars-per-entendre-lefecte-hivernacle\/attachment\/whatsapp-image-2021-12-20-at-15-55-34\/'><img loading=\"lazy\" decoding=\"async\" width=\"300\" height=\"169\" src=\"https:\/\/agora.xtec.cat\/insdesantacoloma\/wp-content\/uploads\/usu1849\/2021\/12\/WhatsApp-Image-2021-12-20-at-15.55.34-300x169.jpeg\" class=\"attachment-medium size-medium\" alt=\"Forn solar\" srcset=\"https:\/\/agora.xtec.cat\/insdesantacoloma\/wp-content\/uploads\/usu1849\/2021\/12\/WhatsApp-Image-2021-12-20-at-15.55.34-300x169.jpeg 300w, https:\/\/agora.xtec.cat\/insdesantacoloma\/wp-content\/uploads\/usu1849\/2021\/12\/WhatsApp-Image-2021-12-20-at-15.55.34-1024x576.jpeg 1024w, https:\/\/agora.xtec.cat\/insdesantacoloma\/wp-content\/uploads\/usu1849\/2021\/12\/WhatsApp-Image-2021-12-20-at-15.55.34-768x432.jpeg 768w, https:\/\/agora.xtec.cat\/insdesantacoloma\/wp-content\/uploads\/usu1849\/2021\/12\/WhatsApp-Image-2021-12-20-at-15.55.34-1536x864.jpeg 1536w, https:\/\/agora.xtec.cat\/insdesantacoloma\/wp-content\/uploads\/usu1849\/2021\/12\/WhatsApp-Image-2021-12-20-at-15.55.34.jpeg 2048w\" sizes=\"auto, (max-width: 300px) 100vw, 300px\" \/><\/a>\n\t\t\t<\/div><\/figure><figure class='gallery-item'>\n\t\t\t<div class='gallery-icon portrait'>\n\t\t\t\t<a href='https:\/\/agora.xtec.cat\/insdesantacoloma\/general\/forns-solars-per-entendre-lefecte-hivernacle\/attachment\/whatsapp-image-2021-12-20-at-15-08-10\/'><img loading=\"lazy\" decoding=\"async\" width=\"225\" height=\"300\" src=\"https:\/\/agora.xtec.cat\/insdesantacoloma\/wp-content\/uploads\/usu1849\/2021\/12\/WhatsApp-Image-2021-12-20-at-15.08.10-225x300.jpeg\" class=\"attachment-medium size-medium\" alt=\"Forn solar\" srcset=\"https:\/\/agora.xtec.cat\/insdesantacoloma\/wp-content\/uploads\/usu1849\/2021\/12\/WhatsApp-Image-2021-12-20-at-15.08.10-225x300.jpeg 225w, https:\/\/agora.xtec.cat\/insdesantacoloma\/wp-content\/uploads\/usu1849\/2021\/12\/WhatsApp-Image-2021-12-20-at-15.08.10-768x1024.jpeg 768w, https:\/\/agora.xtec.cat\/insdesantacoloma\/wp-content\/uploads\/usu1849\/2021\/12\/WhatsApp-Image-2021-12-20-at-15.08.10-1152x1536.jpeg 1152w, https:\/\/agora.xtec.cat\/insdesantacoloma\/wp-content\/uploads\/usu1849\/2021\/12\/WhatsApp-Image-2021-12-20-at-15.08.10.jpeg 1536w\" sizes=\"auto, (max-width: 225px) 100vw, 225px\" \/><\/a>\n\t\t\t<\/div><\/figure><figure class='gallery-item'>\n\t\t\t<div class='gallery-icon portrait'>\n\t\t\t\t<a href='https:\/\/agora.xtec.cat\/insdesantacoloma\/general\/forns-solars-per-entendre-lefecte-hivernacle\/attachment\/whatsapp-image-2021-12-20-at-15-08-17\/'><img loading=\"lazy\" decoding=\"async\" width=\"225\" height=\"300\" src=\"https:\/\/agora.xtec.cat\/insdesantacoloma\/wp-content\/uploads\/usu1849\/2021\/12\/WhatsApp-Image-2021-12-20-at-15.08.17-225x300.jpeg\" class=\"attachment-medium size-medium\" alt=\"Forn solar\" srcset=\"https:\/\/agora.xtec.cat\/insdesantacoloma\/wp-content\/uploads\/usu1849\/2021\/12\/WhatsApp-Image-2021-12-20-at-15.08.17-225x300.jpeg 225w, https:\/\/agora.xtec.cat\/insdesantacoloma\/wp-content\/uploads\/usu1849\/2021\/12\/WhatsApp-Image-2021-12-20-at-15.08.17-768x1024.jpeg 768w, https:\/\/agora.xtec.cat\/insdesantacoloma\/wp-content\/uploads\/usu1849\/2021\/12\/WhatsApp-Image-2021-12-20-at-15.08.17-1152x1536.jpeg 1152w, https:\/\/agora.xtec.cat\/insdesantacoloma\/wp-content\/uploads\/usu1849\/2021\/12\/WhatsApp-Image-2021-12-20-at-15.08.17.jpeg 1536w\" sizes=\"auto, (max-width: 225px) 100vw, 225px\" \/><\/a>\n\t\t\t<\/div><\/figure><figure class='gallery-item'>\n\t\t\t<div class='gallery-icon portrait'>\n\t\t\t\t<a href='https:\/\/agora.xtec.cat\/insdesantacoloma\/general\/forns-solars-per-entendre-lefecte-hivernacle\/attachment\/whatsapp-image-2021-12-20-at-15-08-07\/'><img loading=\"lazy\" decoding=\"async\" width=\"225\" height=\"300\" src=\"https:\/\/agora.xtec.cat\/insdesantacoloma\/wp-content\/uploads\/usu1849\/2021\/12\/WhatsApp-Image-2021-12-20-at-15.08.07-225x300.jpeg\" class=\"attachment-medium size-medium\" alt=\"Forn solar\" srcset=\"https:\/\/agora.xtec.cat\/insdesantacoloma\/wp-content\/uploads\/usu1849\/2021\/12\/WhatsApp-Image-2021-12-20-at-15.08.07-225x300.jpeg 225w, https:\/\/agora.xtec.cat\/insdesantacoloma\/wp-content\/uploads\/usu1849\/2021\/12\/WhatsApp-Image-2021-12-20-at-15.08.07-768x1024.jpeg 768w, https:\/\/agora.xtec.cat\/insdesantacoloma\/wp-content\/uploads\/usu1849\/2021\/12\/WhatsApp-Image-2021-12-20-at-15.08.07-1152x1536.jpeg 1152w, https:\/\/agora.xtec.cat\/insdesantacoloma\/wp-content\/uploads\/usu1849\/2021\/12\/WhatsApp-Image-2021-12-20-at-15.08.07.jpeg 1536w\" sizes=\"auto, (max-width: 225px) 100vw, 225px\" \/><\/a>\n\t\t\t<\/div><\/figure>\n\t\t<\/div>\n\n","protected":false},"excerpt":{"rendered":"<p>Segur que heu sentit a parlar de l&#8217;efecte hivernacle, per\u00f2 sabr\u00edeu explicar qu\u00e8 \u00e9s? Els nois i noies de 1r [&hellip;]<\/p>\n","protected":false},"author":1,"featured_media":2545,"comment_status":"open","ping_status":"closed","sticky":false,"template":"","format":"standard","meta":{"_bbp_topic_count":0,"_bbp_reply_count":0,"_bbp_total_topic_count":0,"_bbp_total_reply_count":0,"_bbp_voice_count":0,"_bbp_anonymous_reply_count":0,"_bbp_topic_count_hidden":0,"_bbp_reply_count_hidden":0,"_bbp_forum_subforum_count":0,"site-sidebar-layout":"default","site-content-layout":"","ast-site-content-layout":"","site-content-style":"default","site-sidebar-style":"default","ast-global-header-display":"","ast-banner-title-visibility":"","ast-main-header-display":"","ast-hfb-above-header-display":"","ast-hfb-below-header-display":"","ast-hfb-mobile-header-display":"","site-post-title":"","ast-breadcrumbs-content":"","ast-featured-img":"","footer-sml-layout":"","theme-transparent-header-meta":"","adv-header-id-meta":"","stick-header-meta":"","header-above-stick-meta":"","header-main-stick-meta":"","header-below-stick-meta":"","astra-migrate-meta-layouts":"default","ast-page-background-enabled":"default","ast-page-background-meta":{"desktop":{"background-color":"var(--ast-global-color-4)","background-image":"","background-repeat":"repeat","background-position":"center center","background-size":"auto","background-attachment":"scroll","background-type":"","background-media":"","overlay-type":"","overlay-color":"","overlay-opacity":"","overlay-gradient":""},"tablet":{"background-color":"","background-image":"","background-repeat":"repeat","background-position":"center center","background-size":"auto","background-attachment":"scroll","background-type":"","background-media":"","overlay-type":"","overlay-color":"","overlay-opacity":"","overlay-gradient":""},"mobile":{"background-color":"","background-image":"","background-repeat":"repeat","background-position":"center center","background-size":"auto","background-attachment":"scroll","background-type":"","background-media":"","overlay-type":"","overlay-color":"","overlay-opacity":"","overlay-gradient":""}},"ast-content-background-meta":{"desktop":{"background-color":"var(--ast-global-color-5)","background-image":"","background-repeat":"repeat","background-position":"center center","background-size":"auto","background-attachment":"scroll","background-type":"","background-media":"","overlay-type":"","overlay-color":"","overlay-opacity":"","overlay-gradient":""},"tablet":{"background-color":"var(--ast-global-color-5)","background-image":"","background-repeat":"repeat","background-position":"center center","background-size":"auto","background-attachment":"scroll","background-type":"","background-media":"","overlay-type":"","overlay-color":"","overlay-opacity":"","overlay-gradient":""},"mobile":{"background-color":"var(--ast-global-color-5)","background-image":"","background-repeat":"repeat","background-position":"center center","background-size":"auto","background-attachment":"scroll","background-type":"","background-media":"","overlay-type":"","overlay-color":"","overlay-opacity":"","overlay-gradient":""}},"footnotes":""},"categories":[3,4,1,29],"tags":[],"class_list":["post-2544","post","type-post","status-publish","format-standard","has-post-thumbnail","hentry","category-eso","category-eso-1","category-general","category-portada"],"post_mailing_queue_ids":[],"_links":{"self":[{"href":"https:\/\/agora.xtec.cat\/insdesantacoloma\/wp-json\/wp\/v2\/posts\/2544","targetHints":{"allow":["GET"]}}],"collection":[{"href":"https:\/\/agora.xtec.cat\/insdesantacoloma\/wp-json\/wp\/v2\/posts"}],"about":[{"href":"https:\/\/agora.xtec.cat\/insdesantacoloma\/wp-json\/wp\/v2\/types\/post"}],"author":[{"embeddable":true,"href":"https:\/\/agora.xtec.cat\/insdesantacoloma\/wp-json\/wp\/v2\/users\/1"}],"replies":[{"embeddable":true,"href":"https:\/\/agora.xtec.cat\/insdesantacoloma\/wp-json\/wp\/v2\/comments?post=2544"}],"version-history":[{"count":2,"href":"https:\/\/agora.xtec.cat\/insdesantacoloma\/wp-json\/wp\/v2\/posts\/2544\/revisions"}],"predecessor-version":[{"id":2814,"href":"https:\/\/agora.xtec.cat\/insdesantacoloma\/wp-json\/wp\/v2\/posts\/2544\/revisions\/2814"}],"wp:featuredmedia":[{"embeddable":true,"href":"https:\/\/agora.xtec.cat\/insdesantacoloma\/wp-json\/wp\/v2\/media\/2545"}],"wp:attachment":[{"href":"https:\/\/agora.xtec.cat\/insdesantacoloma\/wp-json\/wp\/v2\/media?parent=2544"}],"wp:term":[{"taxonomy":"category","embeddable":true,"href":"https:\/\/agora.xtec.cat\/insdesantacoloma\/wp-json\/wp\/v2\/categories?post=2544"},{"taxonomy":"post_tag","embeddable":true,"href":"https:\/\/agora.xtec.cat\/insdesantacoloma\/wp-json\/wp\/v2\/tags?post=2544"}],"curies":[{"name":"wp","href":"https:\/\/api.w.org\/{rel}","templated":true}]}}