{"id":2536,"date":"2021-12-18T19:11:36","date_gmt":"2021-12-18T18:11:36","guid":{"rendered":"https:\/\/agora.xtec.cat\/insdesantacoloma\/?p=2536"},"modified":"2022-03-20T00:09:28","modified_gmt":"2022-03-19T23:09:28","slug":"dona-sapiens-treball-globalitzat-de-2n","status":"publish","type":"post","link":"https:\/\/agora.xtec.cat\/insdesantacoloma\/general\/dona-sapiens-treball-globalitzat-de-2n\/","title":{"rendered":"&#8220;Dona Sapiens&#8221;, treball globalitzat de 2n d&#8217;ESO"},"content":{"rendered":"<p>Els nois i noies de 2n d&#8217;ESO que participen en el projecte d&#8217;aprenentatge integrat de lleng\u00fces, Avancem, aquest trimestre s&#8217;han posat les ulleres violeta per analitzar el seu entorn amb perspectiva de g\u00e8nere.<\/p>\n<p>Una de les activitats que han fet ha estat observar els noms dels carrers, places i avingudes de la nostra ciutat i s&#8217;han adonat que els carrers amb nom de dona s\u00f3n una minoria. A m\u00e9s, majorit\u00e0riament els carrers amb nom de dona corresponen a una santa del santoral cat\u00f2lic. Aix\u00ed doncs, la mem\u00f2ria de la ciutat que queda recollida en els noms que donem als espais de la ciutat s&#8217;ha oblidat de les dones. B\u00e0sicament, els carrers rememoren homes blancs, burgesos i occidentals.<\/p>\n<p><span style=\"font-weight: 400;\">Hem conegut tamb\u00e9 el concepte de &#8220;Herstoria&#8221; per<\/span><span style=\"font-weight: 400;\"> revisar la Hist\u00f2ria amb una perspectiva feminista i transformadora i <\/span><span style=\"font-weight: 400;\">recuperar la Hist\u00f2ria invisibilitzada de les dones. Per comen\u00e7ar hem treballat la nostra Hist\u00f2ria m\u00e9s propera i hem fet un homenatge a les dones que han tingut cura de nosaltres, at\u00e8s que un dels eixos fonamentals del feminisme \u00e9s reivindicar l&#8217;esfor\u00e7 de sustentar la vida i cuidar uns dels altres, una responsabilitat que sempre ha recaigut en les dones i que s&#8217;ha invisibilitzat.\u00a0<\/span><\/p>\n<div id='gallery-1' class='gallery galleryid-2536 gallery-columns-2 gallery-size-medium'><figure class='gallery-item'>\n\t\t\t<div class='gallery-icon landscape'>\n\t\t\t\t<a href='https:\/\/agora.xtec.cat\/insdesantacoloma\/general\/dona-sapiens-treball-globalitzat-de-2n\/attachment\/whatsapp-image-2021-12-03-at-16-40-22-1\/'><img loading=\"lazy\" decoding=\"async\" width=\"300\" height=\"139\" src=\"https:\/\/agora.xtec.cat\/insdesantacoloma\/wp-content\/uploads\/usu1849\/2021\/12\/WhatsApp-Image-2021-12-03-at-16.40.22-1-300x139.jpeg\" class=\"attachment-medium size-medium\" alt=\"Projecte de 2n\" srcset=\"https:\/\/agora.xtec.cat\/insdesantacoloma\/wp-content\/uploads\/usu1849\/2021\/12\/WhatsApp-Image-2021-12-03-at-16.40.22-1-300x139.jpeg 300w, https:\/\/agora.xtec.cat\/insdesantacoloma\/wp-content\/uploads\/usu1849\/2021\/12\/WhatsApp-Image-2021-12-03-at-16.40.22-1-1024x473.jpeg 1024w, https:\/\/agora.xtec.cat\/insdesantacoloma\/wp-content\/uploads\/usu1849\/2021\/12\/WhatsApp-Image-2021-12-03-at-16.40.22-1-768x355.jpeg 768w, https:\/\/agora.xtec.cat\/insdesantacoloma\/wp-content\/uploads\/usu1849\/2021\/12\/WhatsApp-Image-2021-12-03-at-16.40.22-1-1536x710.jpeg 1536w, https:\/\/agora.xtec.cat\/insdesantacoloma\/wp-content\/uploads\/usu1849\/2021\/12\/WhatsApp-Image-2021-12-03-at-16.40.22-1.jpeg 2048w\" sizes=\"auto, (max-width: 300px) 100vw, 300px\" \/><\/a>\n\t\t\t<\/div><\/figure><figure class='gallery-item'>\n\t\t\t<div class='gallery-icon landscape'>\n\t\t\t\t<a href='https:\/\/agora.xtec.cat\/insdesantacoloma\/general\/dona-sapiens-treball-globalitzat-de-2n\/attachment\/captura-de-pantalla-2021-12-23-a-les-19-36-30\/'><img loading=\"lazy\" decoding=\"async\" width=\"300\" height=\"210\" src=\"https:\/\/agora.xtec.cat\/insdesantacoloma\/wp-content\/uploads\/usu1849\/2021\/12\/Captura-de-pantalla-2021-12-23-a-les-19.36.30-300x210.png\" class=\"attachment-medium size-medium\" alt=\"Pl\u00e0nol de Sta Coloma\" srcset=\"https:\/\/agora.xtec.cat\/insdesantacoloma\/wp-content\/uploads\/usu1849\/2021\/12\/Captura-de-pantalla-2021-12-23-a-les-19.36.30-300x210.png 300w, https:\/\/agora.xtec.cat\/insdesantacoloma\/wp-content\/uploads\/usu1849\/2021\/12\/Captura-de-pantalla-2021-12-23-a-les-19.36.30-768x538.png 768w, https:\/\/agora.xtec.cat\/insdesantacoloma\/wp-content\/uploads\/usu1849\/2021\/12\/Captura-de-pantalla-2021-12-23-a-les-19.36.30.png 943w\" sizes=\"auto, (max-width: 300px) 100vw, 300px\" \/><\/a>\n\t\t\t<\/div><\/figure><figure class='gallery-item'>\n\t\t\t<div class='gallery-icon portrait'>\n\t\t\t\t<a href='https:\/\/agora.xtec.cat\/insdesantacoloma\/general\/dona-sapiens-treball-globalitzat-de-2n\/attachment\/whatsapp-image-2021-12-16-at-21-36-27\/'><img loading=\"lazy\" decoding=\"async\" width=\"225\" height=\"300\" src=\"https:\/\/agora.xtec.cat\/insdesantacoloma\/wp-content\/uploads\/usu1849\/2021\/12\/WhatsApp-Image-2021-12-16-at-21.36.27-225x300.jpeg\" class=\"attachment-medium size-medium\" alt=\"Projecte de 2n\" srcset=\"https:\/\/agora.xtec.cat\/insdesantacoloma\/wp-content\/uploads\/usu1849\/2021\/12\/WhatsApp-Image-2021-12-16-at-21.36.27-225x300.jpeg 225w, https:\/\/agora.xtec.cat\/insdesantacoloma\/wp-content\/uploads\/usu1849\/2021\/12\/WhatsApp-Image-2021-12-16-at-21.36.27-768x1024.jpeg 768w, https:\/\/agora.xtec.cat\/insdesantacoloma\/wp-content\/uploads\/usu1849\/2021\/12\/WhatsApp-Image-2021-12-16-at-21.36.27-1152x1536.jpeg 1152w, https:\/\/agora.xtec.cat\/insdesantacoloma\/wp-content\/uploads\/usu1849\/2021\/12\/WhatsApp-Image-2021-12-16-at-21.36.27.jpeg 1500w\" sizes=\"auto, (max-width: 225px) 100vw, 225px\" \/><\/a>\n\t\t\t<\/div><\/figure><figure class='gallery-item'>\n\t\t\t<div class='gallery-icon portrait'>\n\t\t\t\t<a href='https:\/\/agora.xtec.cat\/insdesantacoloma\/general\/dona-sapiens-treball-globalitzat-de-2n\/attachment\/whatsapp-image-2021-12-16-at-21-36-37\/'><img loading=\"lazy\" decoding=\"async\" width=\"225\" height=\"300\" src=\"https:\/\/agora.xtec.cat\/insdesantacoloma\/wp-content\/uploads\/usu1849\/2021\/12\/WhatsApp-Image-2021-12-16-at-21.36.37-225x300.jpeg\" class=\"attachment-medium size-medium\" alt=\"Projecte de 2n\" srcset=\"https:\/\/agora.xtec.cat\/insdesantacoloma\/wp-content\/uploads\/usu1849\/2021\/12\/WhatsApp-Image-2021-12-16-at-21.36.37-225x300.jpeg 225w, https:\/\/agora.xtec.cat\/insdesantacoloma\/wp-content\/uploads\/usu1849\/2021\/12\/WhatsApp-Image-2021-12-16-at-21.36.37-768x1024.jpeg 768w, https:\/\/agora.xtec.cat\/insdesantacoloma\/wp-content\/uploads\/usu1849\/2021\/12\/WhatsApp-Image-2021-12-16-at-21.36.37-1152x1536.jpeg 1152w, https:\/\/agora.xtec.cat\/insdesantacoloma\/wp-content\/uploads\/usu1849\/2021\/12\/WhatsApp-Image-2021-12-16-at-21.36.37.jpeg 1500w\" sizes=\"auto, (max-width: 225px) 100vw, 225px\" \/><\/a>\n\t\t\t<\/div><\/figure><figure class='gallery-item'>\n\t\t\t<div class='gallery-icon portrait'>\n\t\t\t\t<a href='https:\/\/agora.xtec.cat\/insdesantacoloma\/general\/dona-sapiens-treball-globalitzat-de-2n\/attachment\/whatsapp-image-2021-12-16-at-21-36-21\/'><img loading=\"lazy\" decoding=\"async\" width=\"225\" height=\"300\" src=\"https:\/\/agora.xtec.cat\/insdesantacoloma\/wp-content\/uploads\/usu1849\/2021\/12\/WhatsApp-Image-2021-12-16-at-21.36.21-225x300.jpeg\" class=\"attachment-medium size-medium\" alt=\"Projecte de 2n\" srcset=\"https:\/\/agora.xtec.cat\/insdesantacoloma\/wp-content\/uploads\/usu1849\/2021\/12\/WhatsApp-Image-2021-12-16-at-21.36.21-225x300.jpeg 225w, https:\/\/agora.xtec.cat\/insdesantacoloma\/wp-content\/uploads\/usu1849\/2021\/12\/WhatsApp-Image-2021-12-16-at-21.36.21-768x1024.jpeg 768w, https:\/\/agora.xtec.cat\/insdesantacoloma\/wp-content\/uploads\/usu1849\/2021\/12\/WhatsApp-Image-2021-12-16-at-21.36.21-1152x1536.jpeg 1152w, https:\/\/agora.xtec.cat\/insdesantacoloma\/wp-content\/uploads\/usu1849\/2021\/12\/WhatsApp-Image-2021-12-16-at-21.36.21.jpeg 1500w\" sizes=\"auto, (max-width: 225px) 100vw, 225px\" \/><\/a>\n\t\t\t<\/div><\/figure>\n\t\t<\/div>\n\n","protected":false},"excerpt":{"rendered":"<p>Els nois i noies de 2n d&#8217;ESO que participen en el projecte d&#8217;aprenentatge integrat de lleng\u00fces, Avancem, aquest trimestre s&#8217;han [&hellip;]<\/p>\n","protected":false},"author":1,"featured_media":2549,"comment_status":"open","ping_status":"closed","sticky":false,"template":"","format":"standard","meta":{"_bbp_topic_count":0,"_bbp_reply_count":0,"_bbp_total_topic_count":0,"_bbp_total_reply_count":0,"_bbp_voice_count":0,"_bbp_anonymous_reply_count":0,"_bbp_topic_count_hidden":0,"_bbp_reply_count_hidden":0,"_bbp_forum_subforum_count":0,"site-sidebar-layout":"default","site-content-layout":"","ast-site-content-layout":"","site-content-style":"default","site-sidebar-style":"default","ast-global-header-display":"","ast-banner-title-visibility":"","ast-main-header-display":"","ast-hfb-above-header-display":"","ast-hfb-below-header-display":"","ast-hfb-mobile-header-display":"","site-post-title":"","ast-breadcrumbs-content":"","ast-featured-img":"","footer-sml-layout":"","theme-transparent-header-meta":"","adv-header-id-meta":"","stick-header-meta":"","header-above-stick-meta":"","header-main-stick-meta":"","header-below-stick-meta":"","astra-migrate-meta-layouts":"default","ast-page-background-enabled":"default","ast-page-background-meta":{"desktop":{"background-color":"var(--ast-global-color-4)","background-image":"","background-repeat":"repeat","background-position":"center center","background-size":"auto","background-attachment":"scroll","background-type":"","background-media":"","overlay-type":"","overlay-color":"","overlay-opacity":"","overlay-gradient":""},"tablet":{"background-color":"","background-image":"","background-repeat":"repeat","background-position":"center center","background-size":"auto","background-attachment":"scroll","background-type":"","background-media":"","overlay-type":"","overlay-color":"","overlay-opacity":"","overlay-gradient":""},"mobile":{"background-color":"","background-image":"","background-repeat":"repeat","background-position":"center center","background-size":"auto","background-attachment":"scroll","background-type":"","background-media":"","overlay-type":"","overlay-color":"","overlay-opacity":"","overlay-gradient":""}},"ast-content-background-meta":{"desktop":{"background-color":"var(--ast-global-color-5)","background-image":"","background-repeat":"repeat","background-position":"center center","background-size":"auto","background-attachment":"scroll","background-type":"","background-media":"","overlay-type":"","overlay-color":"","overlay-opacity":"","overlay-gradient":""},"tablet":{"background-color":"var(--ast-global-color-5)","background-image":"","background-repeat":"repeat","background-position":"center center","background-size":"auto","background-attachment":"scroll","background-type":"","background-media":"","overlay-type":"","overlay-color":"","overlay-opacity":"","overlay-gradient":""},"mobile":{"background-color":"var(--ast-global-color-5)","background-image":"","background-repeat":"repeat","background-position":"center center","background-size":"auto","background-attachment":"scroll","background-type":"","background-media":"","overlay-type":"","overlay-color":"","overlay-opacity":"","overlay-gradient":""}},"footnotes":""},"categories":[3,5,1,29],"tags":[209,208,204,207],"class_list":["post-2536","post","type-post","status-publish","format-standard","has-post-thumbnail","hentry","category-eso","category-eso-2","category-general","category-portada","tag-avancem","tag-feminisme","tag-tg","tag-treball-globalitzat"],"post_mailing_queue_ids":[],"_links":{"self":[{"href":"https:\/\/agora.xtec.cat\/insdesantacoloma\/wp-json\/wp\/v2\/posts\/2536","targetHints":{"allow":["GET"]}}],"collection":[{"href":"https:\/\/agora.xtec.cat\/insdesantacoloma\/wp-json\/wp\/v2\/posts"}],"about":[{"href":"https:\/\/agora.xtec.cat\/insdesantacoloma\/wp-json\/wp\/v2\/types\/post"}],"author":[{"embeddable":true,"href":"https:\/\/agora.xtec.cat\/insdesantacoloma\/wp-json\/wp\/v2\/users\/1"}],"replies":[{"embeddable":true,"href":"https:\/\/agora.xtec.cat\/insdesantacoloma\/wp-json\/wp\/v2\/comments?post=2536"}],"version-history":[{"count":3,"href":"https:\/\/agora.xtec.cat\/insdesantacoloma\/wp-json\/wp\/v2\/posts\/2536\/revisions"}],"predecessor-version":[{"id":2815,"href":"https:\/\/agora.xtec.cat\/insdesantacoloma\/wp-json\/wp\/v2\/posts\/2536\/revisions\/2815"}],"wp:featuredmedia":[{"embeddable":true,"href":"https:\/\/agora.xtec.cat\/insdesantacoloma\/wp-json\/wp\/v2\/media\/2549"}],"wp:attachment":[{"href":"https:\/\/agora.xtec.cat\/insdesantacoloma\/wp-json\/wp\/v2\/media?parent=2536"}],"wp:term":[{"taxonomy":"category","embeddable":true,"href":"https:\/\/agora.xtec.cat\/insdesantacoloma\/wp-json\/wp\/v2\/categories?post=2536"},{"taxonomy":"post_tag","embeddable":true,"href":"https:\/\/agora.xtec.cat\/insdesantacoloma\/wp-json\/wp\/v2\/tags?post=2536"}],"curies":[{"name":"wp","href":"https:\/\/api.w.org\/{rel}","templated":true}]}}