{"id":2515,"date":"2021-12-21T21:27:14","date_gmt":"2021-12-21T20:27:14","guid":{"rendered":"https:\/\/agora.xtec.cat\/insdesantacoloma\/?p=2515"},"modified":"2022-03-20T00:07:57","modified_gmt":"2022-03-19T23:07:57","slug":"canviem-el-mon-treball-globalitzat-de-4t","status":"publish","type":"post","link":"https:\/\/agora.xtec.cat\/insdesantacoloma\/general\/canviem-el-mon-treball-globalitzat-de-4t\/","title":{"rendered":"&#8220;Canviem el m\u00f3n&#8221;, Treball Globalitzat de 4t d&#8217;ESO"},"content":{"rendered":"<p>Durant poc m\u00e9s d&#8217;una setmana, l&#8217;alumnat de 4t d&#8217;ESO ha dut a terme el seu TG <strong>&#8220;Canviem el m\u00f3n&#8221;<\/strong>. En aquest projecte se&#8217;ls ha engrescat per tal de formar part activa en la millora de la sostenibilitat. Havien de prendre consci\u00e8ncia d&#8217;alguna problem\u00e0tica mediambiental, calcular el seu impacte i proposar un producte m\u00e9s sostenible creat per ells mateixos.<\/p>\n<p>Per arribar a aquest objectiu, han hagut de passar per tot un proc\u00e9s de recerca de nous materials, d&#8217;innovaci\u00f3 tecnol\u00f2gica, d&#8217;emprenedoria, de disseny i de comunicaci\u00f3 i publicitat que ha finalitzat avui amb la presentaci\u00f3 a la resta de companys i companyes de les seves creacions. Aquestes han estat molt variades, envasos de bamb\u00fa amb xamp\u00fa o pasta de dents ecol\u00f2gica, cistelles de v\u00edmet refrigerades per reduir les safates de porexpan de la carn, bossetes de te de lli reutilitzables, plastilina 100% natural i comestible o motxilles impermeables\u00a0 fetes de suro.<\/p>\n<p>Aquest projecte ha superat les nostres expectatives i estem segurs que amb aquestes noves generacions, el futur del planeta est\u00e0 en bones mans. Enhorabona per l&#8217;esfor\u00e7!<\/p>\n<div id='gallery-1' class='gallery galleryid-2515 gallery-columns-2 gallery-size-medium'><figure class='gallery-item'>\n\t\t\t<div class='gallery-icon landscape'>\n\t\t\t\t<a href='https:\/\/agora.xtec.cat\/insdesantacoloma\/general\/canviem-el-mon-treball-globalitzat-de-4t\/attachment\/img_20211217_100219\/'><img loading=\"lazy\" decoding=\"async\" width=\"300\" height=\"225\" src=\"https:\/\/agora.xtec.cat\/insdesantacoloma\/wp-content\/uploads\/usu1849\/2021\/12\/IMG_20211217_100219-300x225.jpg\" class=\"attachment-medium size-medium\" alt=\"Tg 4t\" srcset=\"https:\/\/agora.xtec.cat\/insdesantacoloma\/wp-content\/uploads\/usu1849\/2021\/12\/IMG_20211217_100219-300x225.jpg 300w, https:\/\/agora.xtec.cat\/insdesantacoloma\/wp-content\/uploads\/usu1849\/2021\/12\/IMG_20211217_100219-1024x768.jpg 1024w, https:\/\/agora.xtec.cat\/insdesantacoloma\/wp-content\/uploads\/usu1849\/2021\/12\/IMG_20211217_100219-768x576.jpg 768w, https:\/\/agora.xtec.cat\/insdesantacoloma\/wp-content\/uploads\/usu1849\/2021\/12\/IMG_20211217_100219-1536x1152.jpg 1536w, https:\/\/agora.xtec.cat\/insdesantacoloma\/wp-content\/uploads\/usu1849\/2021\/12\/IMG_20211217_100219-2048x1536.jpg 2048w, https:\/\/agora.xtec.cat\/insdesantacoloma\/wp-content\/uploads\/usu1849\/2021\/12\/IMG_20211217_100219-200x150.jpg 200w\" sizes=\"auto, (max-width: 300px) 100vw, 300px\" \/><\/a>\n\t\t\t<\/div><\/figure><figure class='gallery-item'>\n\t\t\t<div class='gallery-icon landscape'>\n\t\t\t\t<a href='https:\/\/agora.xtec.cat\/insdesantacoloma\/general\/canviem-el-mon-treball-globalitzat-de-4t\/attachment\/img_20211221_105019-1\/'><img loading=\"lazy\" decoding=\"async\" width=\"300\" height=\"222\" src=\"https:\/\/agora.xtec.cat\/insdesantacoloma\/wp-content\/uploads\/usu1849\/2021\/12\/IMG_20211221_105019-1-scaled-e1640118328264-300x222.jpg\" class=\"attachment-medium size-medium\" alt=\"Tg 4t\" srcset=\"https:\/\/agora.xtec.cat\/insdesantacoloma\/wp-content\/uploads\/usu1849\/2021\/12\/IMG_20211221_105019-1-scaled-e1640118328264-300x222.jpg 300w, https:\/\/agora.xtec.cat\/insdesantacoloma\/wp-content\/uploads\/usu1849\/2021\/12\/IMG_20211221_105019-1-scaled-e1640118328264-1024x756.jpg 1024w, https:\/\/agora.xtec.cat\/insdesantacoloma\/wp-content\/uploads\/usu1849\/2021\/12\/IMG_20211221_105019-1-scaled-e1640118328264-768x567.jpg 768w, https:\/\/agora.xtec.cat\/insdesantacoloma\/wp-content\/uploads\/usu1849\/2021\/12\/IMG_20211221_105019-1-scaled-e1640118328264-1536x1135.jpg 1536w, https:\/\/agora.xtec.cat\/insdesantacoloma\/wp-content\/uploads\/usu1849\/2021\/12\/IMG_20211221_105019-1-scaled-e1640118328264-2048x1513.jpg 2048w\" sizes=\"auto, (max-width: 300px) 100vw, 300px\" \/><\/a>\n\t\t\t<\/div><\/figure><figure class='gallery-item'>\n\t\t\t<div class='gallery-icon landscape'>\n\t\t\t\t<a href='https:\/\/agora.xtec.cat\/insdesantacoloma\/general\/canviem-el-mon-treball-globalitzat-de-4t\/attachment\/img-20211221-wa0011\/'><img loading=\"lazy\" decoding=\"async\" width=\"300\" height=\"271\" src=\"https:\/\/agora.xtec.cat\/insdesantacoloma\/wp-content\/uploads\/usu1849\/2021\/12\/IMG-20211221-WA0011-e1640118232790-300x271.jpg\" class=\"attachment-medium size-medium\" alt=\"Tg 4t\" srcset=\"https:\/\/agora.xtec.cat\/insdesantacoloma\/wp-content\/uploads\/usu1849\/2021\/12\/IMG-20211221-WA0011-e1640118232790-300x271.jpg 300w, https:\/\/agora.xtec.cat\/insdesantacoloma\/wp-content\/uploads\/usu1849\/2021\/12\/IMG-20211221-WA0011-e1640118232790-1024x925.jpg 1024w, https:\/\/agora.xtec.cat\/insdesantacoloma\/wp-content\/uploads\/usu1849\/2021\/12\/IMG-20211221-WA0011-e1640118232790-768x694.jpg 768w, https:\/\/agora.xtec.cat\/insdesantacoloma\/wp-content\/uploads\/usu1849\/2021\/12\/IMG-20211221-WA0011-e1640118232790.jpg 1076w\" sizes=\"auto, (max-width: 300px) 100vw, 300px\" \/><\/a>\n\t\t\t<\/div><\/figure><figure class='gallery-item'>\n\t\t\t<div class='gallery-icon landscape'>\n\t\t\t\t<a href='https:\/\/agora.xtec.cat\/insdesantacoloma\/general\/canviem-el-mon-treball-globalitzat-de-4t\/attachment\/img_20211221_094610\/'><img loading=\"lazy\" decoding=\"async\" width=\"300\" height=\"266\" src=\"https:\/\/agora.xtec.cat\/insdesantacoloma\/wp-content\/uploads\/usu1849\/2021\/12\/IMG_20211221_094610-scaled-e1640118272778-300x266.jpg\" class=\"attachment-medium size-medium\" alt=\"\" srcset=\"https:\/\/agora.xtec.cat\/insdesantacoloma\/wp-content\/uploads\/usu1849\/2021\/12\/IMG_20211221_094610-scaled-e1640118272778-300x266.jpg 300w, https:\/\/agora.xtec.cat\/insdesantacoloma\/wp-content\/uploads\/usu1849\/2021\/12\/IMG_20211221_094610-scaled-e1640118272778-1024x906.jpg 1024w, https:\/\/agora.xtec.cat\/insdesantacoloma\/wp-content\/uploads\/usu1849\/2021\/12\/IMG_20211221_094610-scaled-e1640118272778-768x680.jpg 768w, https:\/\/agora.xtec.cat\/insdesantacoloma\/wp-content\/uploads\/usu1849\/2021\/12\/IMG_20211221_094610-scaled-e1640118272778-1536x1360.jpg 1536w, https:\/\/agora.xtec.cat\/insdesantacoloma\/wp-content\/uploads\/usu1849\/2021\/12\/IMG_20211221_094610-scaled-e1640118272778.jpg 1785w\" sizes=\"auto, (max-width: 300px) 100vw, 300px\" \/><\/a>\n\t\t\t<\/div><\/figure>\n\t\t<\/div>\n\n<p>En aquest enlla\u00e7 hi trobareu m\u00e9s fotografies del projecte: <a href=\"https:\/\/drive.google.com\/drive\/u\/0\/folders\/1Wa48u21AyOjfRKKsqsS6Onch3nhmGhWM\" target=\"_blank\" rel=\"noopener\" data-saferedirecturl=\"https:\/\/www.google.com\/url?q=https:\/\/drive.google.com\/drive\/u\/0\/folders\/1Wa48u21AyOjfRKKsqsS6Onch3nhmGhWM&amp;source=gmail&amp;ust=1640203031673000&amp;usg=AOvVaw3sr1haPeVD48a3COuFl8iG\">\u00a0TG 4t Canviem el m\u00f3n<\/a><\/p>\n","protected":false},"excerpt":{"rendered":"<p>Durant poc m\u00e9s d&#8217;una setmana, l&#8217;alumnat de 4t d&#8217;ESO ha dut a terme el seu TG &#8220;Canviem el m\u00f3n&#8221;. En [&hellip;]<\/p>\n","protected":false},"author":1,"featured_media":2520,"comment_status":"open","ping_status":"closed","sticky":false,"template":"","format":"standard","meta":{"_bbp_topic_count":0,"_bbp_reply_count":0,"_bbp_total_topic_count":0,"_bbp_total_reply_count":0,"_bbp_voice_count":0,"_bbp_anonymous_reply_count":0,"_bbp_topic_count_hidden":0,"_bbp_reply_count_hidden":0,"_bbp_forum_subforum_count":0,"site-sidebar-layout":"default","site-content-layout":"","ast-site-content-layout":"","site-content-style":"default","site-sidebar-style":"default","ast-global-header-display":"","ast-banner-title-visibility":"","ast-main-header-display":"","ast-hfb-above-header-display":"","ast-hfb-below-header-display":"","ast-hfb-mobile-header-display":"","site-post-title":"","ast-breadcrumbs-content":"","ast-featured-img":"","footer-sml-layout":"","theme-transparent-header-meta":"","adv-header-id-meta":"","stick-header-meta":"","header-above-stick-meta":"","header-main-stick-meta":"","header-below-stick-meta":"","astra-migrate-meta-layouts":"default","ast-page-background-enabled":"default","ast-page-background-meta":{"desktop":{"background-color":"var(--ast-global-color-4)","background-image":"","background-repeat":"repeat","background-position":"center center","background-size":"auto","background-attachment":"scroll","background-type":"","background-media":"","overlay-type":"","overlay-color":"","overlay-opacity":"","overlay-gradient":""},"tablet":{"background-color":"","background-image":"","background-repeat":"repeat","background-position":"center center","background-size":"auto","background-attachment":"scroll","background-type":"","background-media":"","overlay-type":"","overlay-color":"","overlay-opacity":"","overlay-gradient":""},"mobile":{"background-color":"","background-image":"","background-repeat":"repeat","background-position":"center center","background-size":"auto","background-attachment":"scroll","background-type":"","background-media":"","overlay-type":"","overlay-color":"","overlay-opacity":"","overlay-gradient":""}},"ast-content-background-meta":{"desktop":{"background-color":"var(--ast-global-color-5)","background-image":"","background-repeat":"repeat","background-position":"center center","background-size":"auto","background-attachment":"scroll","background-type":"","background-media":"","overlay-type":"","overlay-color":"","overlay-opacity":"","overlay-gradient":""},"tablet":{"background-color":"var(--ast-global-color-5)","background-image":"","background-repeat":"repeat","background-position":"center center","background-size":"auto","background-attachment":"scroll","background-type":"","background-media":"","overlay-type":"","overlay-color":"","overlay-opacity":"","overlay-gradient":""},"mobile":{"background-color":"var(--ast-global-color-5)","background-image":"","background-repeat":"repeat","background-position":"center center","background-size":"auto","background-attachment":"scroll","background-type":"","background-media":"","overlay-type":"","overlay-color":"","overlay-opacity":"","overlay-gradient":""}},"footnotes":""},"categories":[3,7,1,29],"tags":[205,204],"class_list":["post-2515","post","type-post","status-publish","format-standard","has-post-thumbnail","hentry","category-eso","category-eso-4","category-general","category-portada","tag-sostenibilitat","tag-tg"],"post_mailing_queue_ids":[],"_links":{"self":[{"href":"https:\/\/agora.xtec.cat\/insdesantacoloma\/wp-json\/wp\/v2\/posts\/2515","targetHints":{"allow":["GET"]}}],"collection":[{"href":"https:\/\/agora.xtec.cat\/insdesantacoloma\/wp-json\/wp\/v2\/posts"}],"about":[{"href":"https:\/\/agora.xtec.cat\/insdesantacoloma\/wp-json\/wp\/v2\/types\/post"}],"author":[{"embeddable":true,"href":"https:\/\/agora.xtec.cat\/insdesantacoloma\/wp-json\/wp\/v2\/users\/1"}],"replies":[{"embeddable":true,"href":"https:\/\/agora.xtec.cat\/insdesantacoloma\/wp-json\/wp\/v2\/comments?post=2515"}],"version-history":[{"count":2,"href":"https:\/\/agora.xtec.cat\/insdesantacoloma\/wp-json\/wp\/v2\/posts\/2515\/revisions"}],"predecessor-version":[{"id":2813,"href":"https:\/\/agora.xtec.cat\/insdesantacoloma\/wp-json\/wp\/v2\/posts\/2515\/revisions\/2813"}],"wp:featuredmedia":[{"embeddable":true,"href":"https:\/\/agora.xtec.cat\/insdesantacoloma\/wp-json\/wp\/v2\/media\/2520"}],"wp:attachment":[{"href":"https:\/\/agora.xtec.cat\/insdesantacoloma\/wp-json\/wp\/v2\/media?parent=2515"}],"wp:term":[{"taxonomy":"category","embeddable":true,"href":"https:\/\/agora.xtec.cat\/insdesantacoloma\/wp-json\/wp\/v2\/categories?post=2515"},{"taxonomy":"post_tag","embeddable":true,"href":"https:\/\/agora.xtec.cat\/insdesantacoloma\/wp-json\/wp\/v2\/tags?post=2515"}],"curies":[{"name":"wp","href":"https:\/\/api.w.org\/{rel}","templated":true}]}}