{"id":2414,"date":"2021-10-29T19:35:05","date_gmt":"2021-10-29T17:35:05","guid":{"rendered":"https:\/\/agora.xtec.cat\/insdesantacoloma\/?p=2414"},"modified":"2022-03-19T23:17:53","modified_gmt":"2022-03-19T22:17:53","slug":"celebrem-el-castaween","status":"publish","type":"post","link":"https:\/\/agora.xtec.cat\/insdesantacoloma\/general\/celebrem-el-castaween\/","title":{"rendered":"Celebrem el Castaween!"},"content":{"rendered":"<p>El Castaween d&#8217;enguany ha estat impressionant! L&#8217;alumnat de 4t amb l&#8217;ajuda del seu equip de professors ha fet una feinada admirable perqu\u00e8 puguem celebrar un Castaween espectacular. Ens han preparat un t\u00fanel del terror inspirat en el Circ amb tota mena de personatges esfere\u00efdors i unes paradetes de crepes, crispetes, llaminadures i castanyes (no hi podien faltar!) per fer-nos passar la por. A m\u00e9s, tamb\u00e9 hi havia l&#8217;opci\u00f3 de participar en un taller de malabars i maquillatge!<\/p>\n<p>Els decorats tan treballats i ben pintats que s&#8217;han fet pel Circ del Terror s\u00f3n una bona mostra del treball en equip entre alumnat i professorat.<\/p>\n<div id='gallery-1' class='gallery galleryid-2414 gallery-columns-5 gallery-size-thumbnail'><figure class='gallery-item'>\n\t\t\t<div class='gallery-icon landscape'>\n\t\t\t\t<a href='https:\/\/agora.xtec.cat\/insdesantacoloma\/general\/celebrem-el-castaween\/attachment\/whatsapp-image-2021-10-30-at-10-49-53\/'><img loading=\"lazy\" decoding=\"async\" width=\"150\" height=\"150\" src=\"https:\/\/agora.xtec.cat\/insdesantacoloma\/wp-content\/uploads\/usu1849\/2021\/11\/WhatsApp-Image-2021-10-30-at-10.49.53-e1635962632743-150x150.jpeg\" class=\"attachment-thumbnail size-thumbnail\" alt=\"Circ del Terror 6\" \/><\/a>\n\t\t\t<\/div><\/figure><figure class='gallery-item'>\n\t\t\t<div class='gallery-icon landscape'>\n\t\t\t\t<a href='https:\/\/agora.xtec.cat\/insdesantacoloma\/general\/celebrem-el-castaween\/attachment\/captura-de-pantalla-2021-11-03-a-les-18-46-51\/'><img loading=\"lazy\" decoding=\"async\" width=\"150\" height=\"150\" src=\"https:\/\/agora.xtec.cat\/insdesantacoloma\/wp-content\/uploads\/usu1849\/2021\/11\/Captura-de-pantalla-2021-11-03-a-les-18.46.51-150x150.png\" class=\"attachment-thumbnail size-thumbnail\" alt=\"\" \/><\/a>\n\t\t\t<\/div><\/figure><figure class='gallery-item'>\n\t\t\t<div class='gallery-icon portrait'>\n\t\t\t\t<a href='https:\/\/agora.xtec.cat\/insdesantacoloma\/general\/celebrem-el-castaween\/attachment\/1635584024752\/'><img loading=\"lazy\" decoding=\"async\" width=\"150\" height=\"150\" src=\"https:\/\/agora.xtec.cat\/insdesantacoloma\/wp-content\/uploads\/usu1849\/2021\/11\/1635584024752-e1635961475968-150x150.jpg\" class=\"attachment-thumbnail size-thumbnail\" alt=\"Circ del Terror 3\" \/><\/a>\n\t\t\t<\/div><\/figure><figure class='gallery-item'>\n\t\t\t<div class='gallery-icon landscape'>\n\t\t\t\t<a href='https:\/\/agora.xtec.cat\/insdesantacoloma\/general\/celebrem-el-castaween\/attachment\/captura-de-pantalla-2021-11-03-a-les-18-47-13\/'><img loading=\"lazy\" decoding=\"async\" width=\"150\" height=\"150\" src=\"https:\/\/agora.xtec.cat\/insdesantacoloma\/wp-content\/uploads\/usu1849\/2021\/11\/Captura-de-pantalla-2021-11-03-a-les-18.47.13-e1635962002452-150x150.png\" class=\"attachment-thumbnail size-thumbnail\" alt=\"\" \/><\/a>\n\t\t\t<\/div><\/figure><figure class='gallery-item'>\n\t\t\t<div class='gallery-icon portrait'>\n\t\t\t\t<a href='https:\/\/agora.xtec.cat\/insdesantacoloma\/general\/celebrem-el-castaween\/attachment\/img-20211028-wa0068\/'><img loading=\"lazy\" decoding=\"async\" width=\"150\" height=\"150\" src=\"https:\/\/agora.xtec.cat\/insdesantacoloma\/wp-content\/uploads\/usu1849\/2021\/11\/IMG-20211028-WA0068-150x150.jpg\" class=\"attachment-thumbnail size-thumbnail\" alt=\"Circ del Terror 1\" \/><\/a>\n\t\t\t<\/div><\/figure><figure class='gallery-item'>\n\t\t\t<div class='gallery-icon portrait'>\n\t\t\t\t<a href='https:\/\/agora.xtec.cat\/insdesantacoloma\/general\/celebrem-el-castaween\/attachment\/img-20211028-wa0038\/'><img loading=\"lazy\" decoding=\"async\" width=\"150\" height=\"150\" src=\"https:\/\/agora.xtec.cat\/insdesantacoloma\/wp-content\/uploads\/usu1849\/2021\/11\/IMG-20211028-WA0038-150x150.jpg\" class=\"attachment-thumbnail size-thumbnail\" alt=\"Circ del Terror 2\" \/><\/a>\n\t\t\t<\/div><\/figure><figure class='gallery-item'>\n\t\t\t<div class='gallery-icon portrait'>\n\t\t\t\t<a href='https:\/\/agora.xtec.cat\/insdesantacoloma\/general\/celebrem-el-castaween\/attachment\/captura-de-pantalla-2021-11-03-a-les-18-47-30\/'><img loading=\"lazy\" decoding=\"async\" width=\"150\" height=\"150\" src=\"https:\/\/agora.xtec.cat\/insdesantacoloma\/wp-content\/uploads\/usu1849\/2021\/11\/Captura-de-pantalla-2021-11-03-a-les-18.47.30-150x150.png\" class=\"attachment-thumbnail size-thumbnail\" alt=\"\" \/><\/a>\n\t\t\t<\/div><\/figure><figure class='gallery-item'>\n\t\t\t<div class='gallery-icon landscape'>\n\t\t\t\t<a href='https:\/\/agora.xtec.cat\/insdesantacoloma\/general\/celebrem-el-castaween\/attachment\/captura-de-pantalla-2021-11-03-a-les-18-59-26\/'><img loading=\"lazy\" decoding=\"async\" width=\"150\" height=\"150\" src=\"https:\/\/agora.xtec.cat\/insdesantacoloma\/wp-content\/uploads\/usu1849\/2021\/11\/Captura-de-pantalla-2021-11-03-a-les-18.59.26-150x150.png\" class=\"attachment-thumbnail size-thumbnail\" alt=\"Circ del Terror 8\" \/><\/a>\n\t\t\t<\/div><\/figure><figure class='gallery-item'>\n\t\t\t<div class='gallery-icon landscape'>\n\t\t\t\t<a href='https:\/\/agora.xtec.cat\/insdesantacoloma\/general\/celebrem-el-castaween\/attachment\/captura-de-pantalla-2021-11-03-a-les-18-56-16\/'><img loading=\"lazy\" decoding=\"async\" width=\"150\" height=\"150\" src=\"https:\/\/agora.xtec.cat\/insdesantacoloma\/wp-content\/uploads\/usu1849\/2021\/11\/Captura-de-pantalla-2021-11-03-a-les-18.56.16-150x150.png\" class=\"attachment-thumbnail size-thumbnail\" alt=\"Circ del Terror 7\" \/><\/a>\n\t\t\t<\/div><\/figure><figure class='gallery-item'>\n\t\t\t<div class='gallery-icon portrait'>\n\t\t\t\t<a href='https:\/\/agora.xtec.cat\/insdesantacoloma\/general\/celebrem-el-castaween\/attachment\/img-20211028-wa0056\/'><img loading=\"lazy\" decoding=\"async\" width=\"150\" height=\"150\" src=\"https:\/\/agora.xtec.cat\/insdesantacoloma\/wp-content\/uploads\/usu1849\/2021\/11\/IMG-20211028-WA0056-e1635963038221-150x150.jpg\" class=\"attachment-thumbnail size-thumbnail\" alt=\"Circ del Terror 9\" \/><\/a>\n\t\t\t<\/div><\/figure>\n\t\t<\/div>\n\n<p>&nbsp;<\/p>\n<p><img loading=\"lazy\" decoding=\"async\" class=\"wp-image-2418 size-medium alignleft\" src=\"https:\/\/agora.xtec.cat\/insdesantacoloma\/wp-content\/uploads\/usu1849\/2021\/11\/IMG-20211028-WA0017-e1635962300621-300x150.jpg\" alt=\"Parades menjar Castaween\" width=\"300\" height=\"150\" \/><\/p>\n<p>No us podem ensenyar les castanyes, crispetes i creps perqu\u00e8 no en va quedar ni rastre, per\u00f2 tamb\u00e9 hem d&#8217;aplaudir molt els cuiners, que van estar tres hores llargues al peu dels fogons sense un minut de descans.<\/p>\n<p>&nbsp;<\/p>\n<p>&nbsp;<\/p>\n<p>&nbsp;<\/p>\n<p>Acomiadem la gran festa de la tardor a l&#8217;institut amb un v\u00eddeo magn\u00edfic editat per la J\u00falia Serrano, a qui li estem molt agra\u00efts.\u00a0 Si teniu ganes de passar una mica m\u00e9s de por, en aquest <a href=\"https:\/\/drive.google.com\/file\/d\/1qAe3y5hoI-6zbyW7EvgnOeD9D9ehwdzo\/view?usp=sharing\">enlla\u00e7<\/a> podeu veure m\u00e9s imatges.<\/p>\n<div class=\"ast-oembed-container \" style=\"height: 100%;\"><iframe loading=\"lazy\" title=\"Castaween 21\" width=\"500\" height=\"281\" src=\"https:\/\/www.youtube.com\/embed\/yWu4scK5MNw?feature=oembed\" frameborder=\"0\" allow=\"accelerometer; autoplay; clipboard-write; encrypted-media; gyroscope; picture-in-picture; web-share\" referrerpolicy=\"strict-origin-when-cross-origin\" allowfullscreen><\/iframe><\/div>\n","protected":false},"excerpt":{"rendered":"<p>El Castaween d&#8217;enguany ha estat impressionant! L&#8217;alumnat de 4t amb l&#8217;ajuda del seu equip de professors ha fet una feinada [&hellip;]<\/p>\n","protected":false},"author":1,"featured_media":2426,"comment_status":"open","ping_status":"closed","sticky":false,"template":"","format":"standard","meta":{"_bbp_topic_count":0,"_bbp_reply_count":0,"_bbp_total_topic_count":0,"_bbp_total_reply_count":0,"_bbp_voice_count":0,"_bbp_anonymous_reply_count":0,"_bbp_topic_count_hidden":0,"_bbp_reply_count_hidden":0,"_bbp_forum_subforum_count":0,"site-sidebar-layout":"default","site-content-layout":"","ast-site-content-layout":"","site-content-style":"default","site-sidebar-style":"default","ast-global-header-display":"","ast-banner-title-visibility":"","ast-main-header-display":"","ast-hfb-above-header-display":"","ast-hfb-below-header-display":"","ast-hfb-mobile-header-display":"","site-post-title":"","ast-breadcrumbs-content":"","ast-featured-img":"","footer-sml-layout":"","theme-transparent-header-meta":"","adv-header-id-meta":"","stick-header-meta":"","header-above-stick-meta":"","header-main-stick-meta":"","header-below-stick-meta":"","astra-migrate-meta-layouts":"default","ast-page-background-enabled":"default","ast-page-background-meta":{"desktop":{"background-color":"var(--ast-global-color-4)","background-image":"","background-repeat":"repeat","background-position":"center center","background-size":"auto","background-attachment":"scroll","background-type":"","background-media":"","overlay-type":"","overlay-color":"","overlay-opacity":"","overlay-gradient":""},"tablet":{"background-color":"","background-image":"","background-repeat":"repeat","background-position":"center center","background-size":"auto","background-attachment":"scroll","background-type":"","background-media":"","overlay-type":"","overlay-color":"","overlay-opacity":"","overlay-gradient":""},"mobile":{"background-color":"","background-image":"","background-repeat":"repeat","background-position":"center center","background-size":"auto","background-attachment":"scroll","background-type":"","background-media":"","overlay-type":"","overlay-color":"","overlay-opacity":"","overlay-gradient":""}},"ast-content-background-meta":{"desktop":{"background-color":"var(--ast-global-color-5)","background-image":"","background-repeat":"repeat","background-position":"center center","background-size":"auto","background-attachment":"scroll","background-type":"","background-media":"","overlay-type":"","overlay-color":"","overlay-opacity":"","overlay-gradient":""},"tablet":{"background-color":"var(--ast-global-color-5)","background-image":"","background-repeat":"repeat","background-position":"center center","background-size":"auto","background-attachment":"scroll","background-type":"","background-media":"","overlay-type":"","overlay-color":"","overlay-opacity":"","overlay-gradient":""},"mobile":{"background-color":"var(--ast-global-color-5)","background-image":"","background-repeat":"repeat","background-position":"center center","background-size":"auto","background-attachment":"scroll","background-type":"","background-media":"","overlay-type":"","overlay-color":"","overlay-opacity":"","overlay-gradient":""}},"footnotes":""},"categories":[31,3,1,197,29],"tags":[174],"class_list":["post-2414","post","type-post","status-publish","format-standard","has-post-thumbnail","hentry","category-ampa","category-eso","category-general","category-inici-curs-21-22","category-portada","tag-castaween"],"post_mailing_queue_ids":[],"_links":{"self":[{"href":"https:\/\/agora.xtec.cat\/insdesantacoloma\/wp-json\/wp\/v2\/posts\/2414","targetHints":{"allow":["GET"]}}],"collection":[{"href":"https:\/\/agora.xtec.cat\/insdesantacoloma\/wp-json\/wp\/v2\/posts"}],"about":[{"href":"https:\/\/agora.xtec.cat\/insdesantacoloma\/wp-json\/wp\/v2\/types\/post"}],"author":[{"embeddable":true,"href":"https:\/\/agora.xtec.cat\/insdesantacoloma\/wp-json\/wp\/v2\/users\/1"}],"replies":[{"embeddable":true,"href":"https:\/\/agora.xtec.cat\/insdesantacoloma\/wp-json\/wp\/v2\/comments?post=2414"}],"version-history":[{"count":3,"href":"https:\/\/agora.xtec.cat\/insdesantacoloma\/wp-json\/wp\/v2\/posts\/2414\/revisions"}],"predecessor-version":[{"id":2436,"href":"https:\/\/agora.xtec.cat\/insdesantacoloma\/wp-json\/wp\/v2\/posts\/2414\/revisions\/2436"}],"wp:featuredmedia":[{"embeddable":true,"href":"https:\/\/agora.xtec.cat\/insdesantacoloma\/wp-json\/wp\/v2\/media\/2426"}],"wp:attachment":[{"href":"https:\/\/agora.xtec.cat\/insdesantacoloma\/wp-json\/wp\/v2\/media?parent=2414"}],"wp:term":[{"taxonomy":"category","embeddable":true,"href":"https:\/\/agora.xtec.cat\/insdesantacoloma\/wp-json\/wp\/v2\/categories?post=2414"},{"taxonomy":"post_tag","embeddable":true,"href":"https:\/\/agora.xtec.cat\/insdesantacoloma\/wp-json\/wp\/v2\/tags?post=2414"}],"curies":[{"name":"wp","href":"https:\/\/api.w.org\/{rel}","templated":true}]}}