{"id":2285,"date":"2021-09-19T18:00:05","date_gmt":"2021-09-19T16:00:05","guid":{"rendered":"https:\/\/agora.xtec.cat\/insdesantacoloma\/?p=2285"},"modified":"2022-03-19T23:25:17","modified_gmt":"2022-03-19T22:25:17","slug":"benvinguda-al-curs-21-22","status":"publish","type":"post","link":"https:\/\/agora.xtec.cat\/insdesantacoloma\/general\/benvinguda-al-curs-21-22\/","title":{"rendered":"Benvinguda al curs 21\/22"},"content":{"rendered":"<p>Dilluns dia 13 vam comen\u00e7ar el nou curs amb energies renovades i moltes ganes de retrobar-nos. Tamb\u00e9 ens feia molta il\u00b7lusi\u00f3 con\u00e8ixer els nous nois i noies que a partir d&#8217;ara formaran part del 9!<br \/>\nL&#8217;institut no para de cr\u00e9ixer i, per tant, tamb\u00e9 ho ha fet l&#8217;equip docent. Tenim tot el curs per endavant per anar-nos coneixent, per\u00f2 vol\u00edem comen\u00e7ar presentant-nos amb una gran festa per celebrar l&#8217;inici del curs!<\/p>\n<div class=\"ast-oembed-container \" style=\"height: 100%;\"><iframe loading=\"lazy\" title=\"Inici del curs 21\/22\" width=\"500\" height=\"281\" src=\"https:\/\/www.youtube.com\/embed\/wRtR6UmuJ4s?feature=oembed\" frameborder=\"0\" allow=\"accelerometer; autoplay; clipboard-write; encrypted-media; gyroscope; picture-in-picture; web-share\" referrerpolicy=\"strict-origin-when-cross-origin\" allowfullscreen><\/iframe><\/div>\n<p>Voleu veure m\u00e9s imatges del primer dia? Cliqueu <a href=\"https:\/\/drive.google.com\/drive\/folders\/1bqZ8K159rcpB0g_K9M5cTC-5XAuTsjcb?usp=sharing\">aqu\u00ed<\/a>.<\/p>\n<h3><strong>Activitats de cohesi\u00f3 per a tots els nivells de l&#8217;ESO<\/strong><\/h3>\n<p>Amb l&#8217;inici del curs l&#8217;institut s&#8217;ha tornat a omplir de vida i aquesta primera setmana l&#8217;hem volguda dedicar a fomentar la cohesi\u00f3 de cada grup i a teixir vincles amb els nous companys amb qui conviurem cada dia a classe.<\/p>\n<p>Aix\u00ed doncs, ha estat una setmana ben intensa!<\/p>\n<h3>Rebuda de l&#8217;alumnat de 1r d&#8217;ESO<\/h3>\n<p>Amb els nois i noies de 1r hem anat al riu a fer jocs per memoritzar els noms dels nous companys, hem fet teatre per anticipar-nos i reflexionar sobre com respondre a possibles conflictes. Tamb\u00e9 hem fet una gimcana per explorar l&#8217;institut, ens hem presentat amb l&#8217;ajuda d&#8217;un objecte important per a nosaltres, hem pactat normes de conviv\u00e8ncia&#8230; i hem acabat la setmana quedant-nos ben xops amb els jocs d&#8217;aigua. L&#8217;equip docent estem molt contents per l&#8217;energia que desprenen els alumnes de 1r!<\/p>\n<div id='gallery-1' class='gallery galleryid-2285 gallery-columns-3 gallery-size-medium'><figure class='gallery-item'>\n\t\t\t<div class='gallery-icon landscape'>\n\t\t\t\t<a href='https:\/\/agora.xtec.cat\/insdesantacoloma\/whatsapp-image-2021-09-14-at-19-36-41\/'><img loading=\"lazy\" decoding=\"async\" width=\"300\" height=\"225\" src=\"https:\/\/agora.xtec.cat\/insdesantacoloma\/wp-content\/uploads\/usu1849\/2021\/09\/WhatsApp-Image-2021-09-14-at-19.36.41-300x225.jpeg\" class=\"attachment-medium size-medium\" alt=\"Jocs al riu\" srcset=\"https:\/\/agora.xtec.cat\/insdesantacoloma\/wp-content\/uploads\/usu1849\/2021\/09\/WhatsApp-Image-2021-09-14-at-19.36.41-300x225.jpeg 300w, https:\/\/agora.xtec.cat\/insdesantacoloma\/wp-content\/uploads\/usu1849\/2021\/09\/WhatsApp-Image-2021-09-14-at-19.36.41-768x576.jpeg 768w, https:\/\/agora.xtec.cat\/insdesantacoloma\/wp-content\/uploads\/usu1849\/2021\/09\/WhatsApp-Image-2021-09-14-at-19.36.41-200x150.jpeg 200w, https:\/\/agora.xtec.cat\/insdesantacoloma\/wp-content\/uploads\/usu1849\/2021\/09\/WhatsApp-Image-2021-09-14-at-19.36.41.jpeg 1024w\" sizes=\"auto, (max-width: 300px) 100vw, 300px\" \/><\/a>\n\t\t\t<\/div><\/figure><figure class='gallery-item'>\n\t\t\t<div class='gallery-icon landscape'>\n\t\t\t\t<a href='https:\/\/agora.xtec.cat\/insdesantacoloma\/whatsapp-image-2021-09-16-at-14-02-47\/'><img loading=\"lazy\" decoding=\"async\" width=\"300\" height=\"225\" src=\"https:\/\/agora.xtec.cat\/insdesantacoloma\/wp-content\/uploads\/usu1849\/2021\/09\/WhatsApp-Image-2021-09-16-at-14.02.47-300x225.jpeg\" class=\"attachment-medium size-medium\" alt=\"Teatre Can Zam 1r ESO\" srcset=\"https:\/\/agora.xtec.cat\/insdesantacoloma\/wp-content\/uploads\/usu1849\/2021\/09\/WhatsApp-Image-2021-09-16-at-14.02.47-300x225.jpeg 300w, https:\/\/agora.xtec.cat\/insdesantacoloma\/wp-content\/uploads\/usu1849\/2021\/09\/WhatsApp-Image-2021-09-16-at-14.02.47-1024x768.jpeg 1024w, https:\/\/agora.xtec.cat\/insdesantacoloma\/wp-content\/uploads\/usu1849\/2021\/09\/WhatsApp-Image-2021-09-16-at-14.02.47-768x576.jpeg 768w, https:\/\/agora.xtec.cat\/insdesantacoloma\/wp-content\/uploads\/usu1849\/2021\/09\/WhatsApp-Image-2021-09-16-at-14.02.47-1536x1152.jpeg 1536w, https:\/\/agora.xtec.cat\/insdesantacoloma\/wp-content\/uploads\/usu1849\/2021\/09\/WhatsApp-Image-2021-09-16-at-14.02.47-200x150.jpeg 200w, https:\/\/agora.xtec.cat\/insdesantacoloma\/wp-content\/uploads\/usu1849\/2021\/09\/WhatsApp-Image-2021-09-16-at-14.02.47.jpeg 2048w\" sizes=\"auto, (max-width: 300px) 100vw, 300px\" \/><\/a>\n\t\t\t<\/div><\/figure><figure class='gallery-item'>\n\t\t\t<div class='gallery-icon landscape'>\n\t\t\t\t<a href='https:\/\/agora.xtec.cat\/insdesantacoloma\/whatsapp-image-2021-09-17-at-16-46-57\/'><img loading=\"lazy\" decoding=\"async\" width=\"300\" height=\"225\" src=\"https:\/\/agora.xtec.cat\/insdesantacoloma\/wp-content\/uploads\/usu1849\/2021\/09\/WhatsApp-Image-2021-09-17-at-16.46.57-300x225.jpeg\" class=\"attachment-medium size-medium\" alt=\"Jocs d&#039;aigua 1r ESO\" srcset=\"https:\/\/agora.xtec.cat\/insdesantacoloma\/wp-content\/uploads\/usu1849\/2021\/09\/WhatsApp-Image-2021-09-17-at-16.46.57-300x225.jpeg 300w, https:\/\/agora.xtec.cat\/insdesantacoloma\/wp-content\/uploads\/usu1849\/2021\/09\/WhatsApp-Image-2021-09-17-at-16.46.57-768x576.jpeg 768w, https:\/\/agora.xtec.cat\/insdesantacoloma\/wp-content\/uploads\/usu1849\/2021\/09\/WhatsApp-Image-2021-09-17-at-16.46.57-200x150.jpeg 200w, https:\/\/agora.xtec.cat\/insdesantacoloma\/wp-content\/uploads\/usu1849\/2021\/09\/WhatsApp-Image-2021-09-17-at-16.46.57.jpeg 1024w\" sizes=\"auto, (max-width: 300px) 100vw, 300px\" \/><\/a>\n\t\t\t<\/div><\/figure>\n\t\t<\/div>\n\n<p>Podeu veure m\u00e9s imatges en aquest <a href=\"https:\/\/drive.google.com\/drive\/folders\/1H0PEaui6feOfiDnZ1Ywerq-dDuco0ut8?usp=sharing\">enlla\u00e7<\/a>.<\/p>\n<p>&nbsp;<\/p>\n<h3>Al mar amb l&#8217;alumnat de 2n d&#8217;ESO<\/h3>\n<p>Per acabar la setmana vam acomiadar-nos definitivament de les vacances amb un bon bany al mar. Vam anar a passar el mat\u00ed a Badalona i vam tenir la sort de gaudir d&#8217;un dia radiant de platja. El record d&#8217;aquest dia espl\u00e8ndid ens acompanyar\u00e0 tot el curs!<\/p>\n<p>Aqu\u00ed teniu un tastet d&#8217;imatges i en aquest <a href=\"https:\/\/drive.google.com\/drive\/folders\/1603tBQaJ2beaPLtn_JMVJi2G25qCXR-8?usp=sharing\">enlla\u00e7<\/a> en podreu veure m\u00e9s.<\/p>\n<div id='gallery-2' class='gallery galleryid-2285 gallery-columns-3 gallery-size-medium'><figure class='gallery-item'>\n\t\t\t<div class='gallery-icon landscape'>\n\t\t\t\t<a href='https:\/\/agora.xtec.cat\/insdesantacoloma\/whatsapp-image-2021-09-17-at-13-03-36\/'><img loading=\"lazy\" decoding=\"async\" width=\"300\" height=\"225\" src=\"https:\/\/agora.xtec.cat\/insdesantacoloma\/wp-content\/uploads\/usu1849\/2021\/09\/WhatsApp-Image-2021-09-17-at-13.03.36-300x225.jpeg\" class=\"attachment-medium size-medium\" alt=\"Sortida a la platja 3\" srcset=\"https:\/\/agora.xtec.cat\/insdesantacoloma\/wp-content\/uploads\/usu1849\/2021\/09\/WhatsApp-Image-2021-09-17-at-13.03.36-300x225.jpeg 300w, https:\/\/agora.xtec.cat\/insdesantacoloma\/wp-content\/uploads\/usu1849\/2021\/09\/WhatsApp-Image-2021-09-17-at-13.03.36-1024x768.jpeg 1024w, https:\/\/agora.xtec.cat\/insdesantacoloma\/wp-content\/uploads\/usu1849\/2021\/09\/WhatsApp-Image-2021-09-17-at-13.03.36-768x576.jpeg 768w, https:\/\/agora.xtec.cat\/insdesantacoloma\/wp-content\/uploads\/usu1849\/2021\/09\/WhatsApp-Image-2021-09-17-at-13.03.36-1536x1152.jpeg 1536w, https:\/\/agora.xtec.cat\/insdesantacoloma\/wp-content\/uploads\/usu1849\/2021\/09\/WhatsApp-Image-2021-09-17-at-13.03.36-200x150.jpeg 200w, https:\/\/agora.xtec.cat\/insdesantacoloma\/wp-content\/uploads\/usu1849\/2021\/09\/WhatsApp-Image-2021-09-17-at-13.03.36.jpeg 2000w\" sizes=\"auto, (max-width: 300px) 100vw, 300px\" \/><\/a>\n\t\t\t<\/div><\/figure><figure class='gallery-item'>\n\t\t\t<div class='gallery-icon landscape'>\n\t\t\t\t<a href='https:\/\/agora.xtec.cat\/insdesantacoloma\/whatsapp-image-2021-09-17-at-16-39-56\/'><img loading=\"lazy\" decoding=\"async\" width=\"300\" height=\"225\" src=\"https:\/\/agora.xtec.cat\/insdesantacoloma\/wp-content\/uploads\/usu1849\/2021\/09\/WhatsApp-Image-2021-09-17-at-16.39.56-300x225.jpeg\" class=\"attachment-medium size-medium\" alt=\"Sortida a la platja 4\" srcset=\"https:\/\/agora.xtec.cat\/insdesantacoloma\/wp-content\/uploads\/usu1849\/2021\/09\/WhatsApp-Image-2021-09-17-at-16.39.56-300x225.jpeg 300w, https:\/\/agora.xtec.cat\/insdesantacoloma\/wp-content\/uploads\/usu1849\/2021\/09\/WhatsApp-Image-2021-09-17-at-16.39.56-1024x768.jpeg 1024w, https:\/\/agora.xtec.cat\/insdesantacoloma\/wp-content\/uploads\/usu1849\/2021\/09\/WhatsApp-Image-2021-09-17-at-16.39.56-768x576.jpeg 768w, https:\/\/agora.xtec.cat\/insdesantacoloma\/wp-content\/uploads\/usu1849\/2021\/09\/WhatsApp-Image-2021-09-17-at-16.39.56-1536x1152.jpeg 1536w, https:\/\/agora.xtec.cat\/insdesantacoloma\/wp-content\/uploads\/usu1849\/2021\/09\/WhatsApp-Image-2021-09-17-at-16.39.56-200x150.jpeg 200w, https:\/\/agora.xtec.cat\/insdesantacoloma\/wp-content\/uploads\/usu1849\/2021\/09\/WhatsApp-Image-2021-09-17-at-16.39.56.jpeg 1600w\" sizes=\"auto, (max-width: 300px) 100vw, 300px\" \/><\/a>\n\t\t\t<\/div><\/figure><figure class='gallery-item'>\n\t\t\t<div class='gallery-icon landscape'>\n\t\t\t\t<a href='https:\/\/agora.xtec.cat\/insdesantacoloma\/whatsapp-image-2021-09-17-at-13-06-01\/'><img loading=\"lazy\" decoding=\"async\" width=\"300\" height=\"225\" src=\"https:\/\/agora.xtec.cat\/insdesantacoloma\/wp-content\/uploads\/usu1849\/2021\/09\/WhatsApp-Image-2021-09-17-at-13.06.01-300x225.jpeg\" class=\"attachment-medium size-medium\" alt=\"Sortida a la platja 2\" srcset=\"https:\/\/agora.xtec.cat\/insdesantacoloma\/wp-content\/uploads\/usu1849\/2021\/09\/WhatsApp-Image-2021-09-17-at-13.06.01-300x225.jpeg 300w, https:\/\/agora.xtec.cat\/insdesantacoloma\/wp-content\/uploads\/usu1849\/2021\/09\/WhatsApp-Image-2021-09-17-at-13.06.01-1024x768.jpeg 1024w, https:\/\/agora.xtec.cat\/insdesantacoloma\/wp-content\/uploads\/usu1849\/2021\/09\/WhatsApp-Image-2021-09-17-at-13.06.01-768x576.jpeg 768w, https:\/\/agora.xtec.cat\/insdesantacoloma\/wp-content\/uploads\/usu1849\/2021\/09\/WhatsApp-Image-2021-09-17-at-13.06.01-1536x1152.jpeg 1536w, https:\/\/agora.xtec.cat\/insdesantacoloma\/wp-content\/uploads\/usu1849\/2021\/09\/WhatsApp-Image-2021-09-17-at-13.06.01-200x150.jpeg 200w, https:\/\/agora.xtec.cat\/insdesantacoloma\/wp-content\/uploads\/usu1849\/2021\/09\/WhatsApp-Image-2021-09-17-at-13.06.01.jpeg 2000w\" sizes=\"auto, (max-width: 300px) 100vw, 300px\" \/><\/a>\n\t\t\t<\/div><\/figure><figure class='gallery-item'>\n\t\t\t<div class='gallery-icon landscape'>\n\t\t\t\t<a href='https:\/\/agora.xtec.cat\/insdesantacoloma\/whatsapp-image-2021-09-17-at-13-25-31\/'><img loading=\"lazy\" decoding=\"async\" width=\"300\" height=\"225\" src=\"https:\/\/agora.xtec.cat\/insdesantacoloma\/wp-content\/uploads\/usu1849\/2021\/09\/WhatsApp-Image-2021-09-17-at-13.25.31-300x225.jpeg\" class=\"attachment-medium size-medium\" alt=\"Sortida a la platja 6\" srcset=\"https:\/\/agora.xtec.cat\/insdesantacoloma\/wp-content\/uploads\/usu1849\/2021\/09\/WhatsApp-Image-2021-09-17-at-13.25.31-300x225.jpeg 300w, https:\/\/agora.xtec.cat\/insdesantacoloma\/wp-content\/uploads\/usu1849\/2021\/09\/WhatsApp-Image-2021-09-17-at-13.25.31-1024x768.jpeg 1024w, https:\/\/agora.xtec.cat\/insdesantacoloma\/wp-content\/uploads\/usu1849\/2021\/09\/WhatsApp-Image-2021-09-17-at-13.25.31-768x576.jpeg 768w, https:\/\/agora.xtec.cat\/insdesantacoloma\/wp-content\/uploads\/usu1849\/2021\/09\/WhatsApp-Image-2021-09-17-at-13.25.31-200x150.jpeg 200w, https:\/\/agora.xtec.cat\/insdesantacoloma\/wp-content\/uploads\/usu1849\/2021\/09\/WhatsApp-Image-2021-09-17-at-13.25.31.jpeg 1288w\" sizes=\"auto, (max-width: 300px) 100vw, 300px\" \/><\/a>\n\t\t\t<\/div><\/figure><figure class='gallery-item'>\n\t\t\t<div class='gallery-icon landscape'>\n\t\t\t\t<a href='https:\/\/agora.xtec.cat\/insdesantacoloma\/whatsapp-image-2021-09-17-at-11-31-11\/'><img loading=\"lazy\" decoding=\"async\" width=\"300\" height=\"169\" src=\"https:\/\/agora.xtec.cat\/insdesantacoloma\/wp-content\/uploads\/usu1849\/2021\/09\/WhatsApp-Image-2021-09-17-at-11.31.11-300x169.jpeg\" class=\"attachment-medium size-medium\" alt=\"Sortida a la platja 1\" srcset=\"https:\/\/agora.xtec.cat\/insdesantacoloma\/wp-content\/uploads\/usu1849\/2021\/09\/WhatsApp-Image-2021-09-17-at-11.31.11-300x169.jpeg 300w, https:\/\/agora.xtec.cat\/insdesantacoloma\/wp-content\/uploads\/usu1849\/2021\/09\/WhatsApp-Image-2021-09-17-at-11.31.11-1024x576.jpeg 1024w, https:\/\/agora.xtec.cat\/insdesantacoloma\/wp-content\/uploads\/usu1849\/2021\/09\/WhatsApp-Image-2021-09-17-at-11.31.11-768x432.jpeg 768w, https:\/\/agora.xtec.cat\/insdesantacoloma\/wp-content\/uploads\/usu1849\/2021\/09\/WhatsApp-Image-2021-09-17-at-11.31.11-1536x864.jpeg 1536w, https:\/\/agora.xtec.cat\/insdesantacoloma\/wp-content\/uploads\/usu1849\/2021\/09\/WhatsApp-Image-2021-09-17-at-11.31.11.jpeg 2000w\" sizes=\"auto, (max-width: 300px) 100vw, 300px\" \/><\/a>\n\t\t\t<\/div><\/figure>\n\t\t<\/div>\n\n<h3>Jocs, esport i esmorzar saludable amb l&#8217;alumnat de 3r d&#8217;ESO<\/h3>\n<p>Durant aquesta setmana a l&#8217;alumnat de 3r no nom\u00e9s els hem presentat els objectius del curs que tenen per endavant, sin\u00f3 que tamb\u00e9 hem aprofitat per enfortir els vincles amb tot el grup fent din\u00e0miques de cooperaci\u00f3. Finalment vam tancar la setmana una magn\u00edfica excursi\u00f3!<\/p>\n<p>Aqu\u00ed teniu una mostra de tot el que hem fet. Si voleu veure m\u00e9s imatges, cliqueu en aquest <a href=\"https:\/\/drive.google.com\/drive\/folders\/1RrQGk51SlfdsDFB4UZhFVF0HtZDtQ1jp?usp=sharing\">enlla\u00e7<\/a>.<\/p>\n<div id='gallery-3' class='gallery galleryid-2285 gallery-columns-3 gallery-size-medium'><figure class='gallery-item'>\n\t\t\t<div class='gallery-icon landscape'>\n\t\t\t\t<a href='https:\/\/agora.xtec.cat\/insdesantacoloma\/whatsapp-image-2021-09-16-at-11-30-26\/'><img loading=\"lazy\" decoding=\"async\" width=\"300\" height=\"169\" src=\"https:\/\/agora.xtec.cat\/insdesantacoloma\/wp-content\/uploads\/usu1849\/2021\/09\/WhatsApp-Image-2021-09-16-at-11.30.26-300x169.jpeg\" class=\"attachment-medium size-medium\" alt=\"Inici curs 3r\" srcset=\"https:\/\/agora.xtec.cat\/insdesantacoloma\/wp-content\/uploads\/usu1849\/2021\/09\/WhatsApp-Image-2021-09-16-at-11.30.26-300x169.jpeg 300w, https:\/\/agora.xtec.cat\/insdesantacoloma\/wp-content\/uploads\/usu1849\/2021\/09\/WhatsApp-Image-2021-09-16-at-11.30.26-1024x576.jpeg 1024w, https:\/\/agora.xtec.cat\/insdesantacoloma\/wp-content\/uploads\/usu1849\/2021\/09\/WhatsApp-Image-2021-09-16-at-11.30.26-768x432.jpeg 768w, https:\/\/agora.xtec.cat\/insdesantacoloma\/wp-content\/uploads\/usu1849\/2021\/09\/WhatsApp-Image-2021-09-16-at-11.30.26-1536x864.jpeg 1536w, https:\/\/agora.xtec.cat\/insdesantacoloma\/wp-content\/uploads\/usu1849\/2021\/09\/WhatsApp-Image-2021-09-16-at-11.30.26.jpeg 2000w\" sizes=\"auto, (max-width: 300px) 100vw, 300px\" \/><\/a>\n\t\t\t<\/div><\/figure><figure class='gallery-item'>\n\t\t\t<div class='gallery-icon landscape'>\n\t\t\t\t<a href='https:\/\/agora.xtec.cat\/insdesantacoloma\/whatsapp-image-2021-09-16-at-11-30-28\/'><img loading=\"lazy\" decoding=\"async\" width=\"300\" height=\"272\" src=\"https:\/\/agora.xtec.cat\/insdesantacoloma\/wp-content\/uploads\/usu1849\/2021\/09\/WhatsApp-Image-2021-09-16-at-11.30.28-e1632072379934-300x272.jpeg\" class=\"attachment-medium size-medium\" alt=\"Inici curs 3r\" srcset=\"https:\/\/agora.xtec.cat\/insdesantacoloma\/wp-content\/uploads\/usu1849\/2021\/09\/WhatsApp-Image-2021-09-16-at-11.30.28-e1632072379934-300x272.jpeg 300w, https:\/\/agora.xtec.cat\/insdesantacoloma\/wp-content\/uploads\/usu1849\/2021\/09\/WhatsApp-Image-2021-09-16-at-11.30.28-e1632072379934-1024x929.jpeg 1024w, https:\/\/agora.xtec.cat\/insdesantacoloma\/wp-content\/uploads\/usu1849\/2021\/09\/WhatsApp-Image-2021-09-16-at-11.30.28-e1632072379934-768x697.jpeg 768w, https:\/\/agora.xtec.cat\/insdesantacoloma\/wp-content\/uploads\/usu1849\/2021\/09\/WhatsApp-Image-2021-09-16-at-11.30.28-e1632072379934.jpeg 1240w\" sizes=\"auto, (max-width: 300px) 100vw, 300px\" \/><\/a>\n\t\t\t<\/div><\/figure><figure class='gallery-item'>\n\t\t\t<div class='gallery-icon landscape'>\n\t\t\t\t<a href='https:\/\/agora.xtec.cat\/insdesantacoloma\/whatsapp-image-2021-09-16-at-12-48-46\/'><img loading=\"lazy\" decoding=\"async\" width=\"300\" height=\"146\" src=\"https:\/\/agora.xtec.cat\/insdesantacoloma\/wp-content\/uploads\/usu1849\/2021\/09\/WhatsApp-Image-2021-09-16-at-12.48.46-300x146.jpeg\" class=\"attachment-medium size-medium\" alt=\"Inici curs 3r\" srcset=\"https:\/\/agora.xtec.cat\/insdesantacoloma\/wp-content\/uploads\/usu1849\/2021\/09\/WhatsApp-Image-2021-09-16-at-12.48.46-300x146.jpeg 300w, https:\/\/agora.xtec.cat\/insdesantacoloma\/wp-content\/uploads\/usu1849\/2021\/09\/WhatsApp-Image-2021-09-16-at-12.48.46-1024x497.jpeg 1024w, https:\/\/agora.xtec.cat\/insdesantacoloma\/wp-content\/uploads\/usu1849\/2021\/09\/WhatsApp-Image-2021-09-16-at-12.48.46-768x373.jpeg 768w, https:\/\/agora.xtec.cat\/insdesantacoloma\/wp-content\/uploads\/usu1849\/2021\/09\/WhatsApp-Image-2021-09-16-at-12.48.46-1536x746.jpeg 1536w, https:\/\/agora.xtec.cat\/insdesantacoloma\/wp-content\/uploads\/usu1849\/2021\/09\/WhatsApp-Image-2021-09-16-at-12.48.46.jpeg 1600w\" sizes=\"auto, (max-width: 300px) 100vw, 300px\" \/><\/a>\n\t\t\t<\/div><\/figure><figure class='gallery-item'>\n\t\t\t<div class='gallery-icon landscape'>\n\t\t\t\t<a href='https:\/\/agora.xtec.cat\/insdesantacoloma\/whatsapp-image-2021-09-16-at-11-33-23\/'><img loading=\"lazy\" decoding=\"async\" width=\"300\" height=\"139\" src=\"https:\/\/agora.xtec.cat\/insdesantacoloma\/wp-content\/uploads\/usu1849\/2021\/09\/WhatsApp-Image-2021-09-16-at-11.33.23-300x139.jpeg\" class=\"attachment-medium size-medium\" alt=\"Inici curs 3r\" srcset=\"https:\/\/agora.xtec.cat\/insdesantacoloma\/wp-content\/uploads\/usu1849\/2021\/09\/WhatsApp-Image-2021-09-16-at-11.33.23-300x139.jpeg 300w, https:\/\/agora.xtec.cat\/insdesantacoloma\/wp-content\/uploads\/usu1849\/2021\/09\/WhatsApp-Image-2021-09-16-at-11.33.23-1024x473.jpeg 1024w, https:\/\/agora.xtec.cat\/insdesantacoloma\/wp-content\/uploads\/usu1849\/2021\/09\/WhatsApp-Image-2021-09-16-at-11.33.23-768x355.jpeg 768w, https:\/\/agora.xtec.cat\/insdesantacoloma\/wp-content\/uploads\/usu1849\/2021\/09\/WhatsApp-Image-2021-09-16-at-11.33.23-1536x710.jpeg 1536w, https:\/\/agora.xtec.cat\/insdesantacoloma\/wp-content\/uploads\/usu1849\/2021\/09\/WhatsApp-Image-2021-09-16-at-11.33.23.jpeg 2048w\" sizes=\"auto, (max-width: 300px) 100vw, 300px\" \/><\/a>\n\t\t\t<\/div><\/figure><figure class='gallery-item'>\n\t\t\t<div class='gallery-icon landscape'>\n\t\t\t\t<a href='https:\/\/agora.xtec.cat\/insdesantacoloma\/whatsapp-image-2021-09-16-at-11-33-23-1\/'><img loading=\"lazy\" decoding=\"async\" width=\"300\" height=\"139\" src=\"https:\/\/agora.xtec.cat\/insdesantacoloma\/wp-content\/uploads\/usu1849\/2021\/09\/WhatsApp-Image-2021-09-16-at-11.33.23-1-300x139.jpeg\" class=\"attachment-medium size-medium\" alt=\"Inici curs 3r\" srcset=\"https:\/\/agora.xtec.cat\/insdesantacoloma\/wp-content\/uploads\/usu1849\/2021\/09\/WhatsApp-Image-2021-09-16-at-11.33.23-1-300x139.jpeg 300w, https:\/\/agora.xtec.cat\/insdesantacoloma\/wp-content\/uploads\/usu1849\/2021\/09\/WhatsApp-Image-2021-09-16-at-11.33.23-1-1024x473.jpeg 1024w, https:\/\/agora.xtec.cat\/insdesantacoloma\/wp-content\/uploads\/usu1849\/2021\/09\/WhatsApp-Image-2021-09-16-at-11.33.23-1-768x355.jpeg 768w, https:\/\/agora.xtec.cat\/insdesantacoloma\/wp-content\/uploads\/usu1849\/2021\/09\/WhatsApp-Image-2021-09-16-at-11.33.23-1-1536x710.jpeg 1536w, https:\/\/agora.xtec.cat\/insdesantacoloma\/wp-content\/uploads\/usu1849\/2021\/09\/WhatsApp-Image-2021-09-16-at-11.33.23-1.jpeg 2048w\" sizes=\"auto, (max-width: 300px) 100vw, 300px\" \/><\/a>\n\t\t\t<\/div><\/figure><figure class='gallery-item'>\n\t\t\t<div class='gallery-icon landscape'>\n\t\t\t\t<a href='https:\/\/agora.xtec.cat\/insdesantacoloma\/whatsapp-image-2021-09-17-at-10-22-15-1\/'><img loading=\"lazy\" decoding=\"async\" width=\"300\" height=\"169\" src=\"https:\/\/agora.xtec.cat\/insdesantacoloma\/wp-content\/uploads\/usu1849\/2021\/09\/WhatsApp-Image-2021-09-17-at-10.22.15-1-300x169.jpeg\" class=\"attachment-medium size-medium\" alt=\"Inici curs 3r\" srcset=\"https:\/\/agora.xtec.cat\/insdesantacoloma\/wp-content\/uploads\/usu1849\/2021\/09\/WhatsApp-Image-2021-09-17-at-10.22.15-1-300x169.jpeg 300w, https:\/\/agora.xtec.cat\/insdesantacoloma\/wp-content\/uploads\/usu1849\/2021\/09\/WhatsApp-Image-2021-09-17-at-10.22.15-1-1024x576.jpeg 1024w, https:\/\/agora.xtec.cat\/insdesantacoloma\/wp-content\/uploads\/usu1849\/2021\/09\/WhatsApp-Image-2021-09-17-at-10.22.15-1-768x432.jpeg 768w, https:\/\/agora.xtec.cat\/insdesantacoloma\/wp-content\/uploads\/usu1849\/2021\/09\/WhatsApp-Image-2021-09-17-at-10.22.15-1-1536x864.jpeg 1536w, https:\/\/agora.xtec.cat\/insdesantacoloma\/wp-content\/uploads\/usu1849\/2021\/09\/WhatsApp-Image-2021-09-17-at-10.22.15-1.jpeg 2000w\" sizes=\"auto, (max-width: 300px) 100vw, 300px\" \/><\/a>\n\t\t\t<\/div><\/figure><figure class='gallery-item'>\n\t\t\t<div class='gallery-icon landscape'>\n\t\t\t\t<a href='https:\/\/agora.xtec.cat\/insdesantacoloma\/whatsapp-image-2021-09-17-at-14-39-16-1-2\/'><img loading=\"lazy\" decoding=\"async\" width=\"300\" height=\"169\" src=\"https:\/\/agora.xtec.cat\/insdesantacoloma\/wp-content\/uploads\/usu1849\/2021\/09\/WhatsApp-Image-2021-09-17-at-14.39.16-1-1-300x169.jpeg\" class=\"attachment-medium size-medium\" alt=\"Inici curs 3r\" srcset=\"https:\/\/agora.xtec.cat\/insdesantacoloma\/wp-content\/uploads\/usu1849\/2021\/09\/WhatsApp-Image-2021-09-17-at-14.39.16-1-1-300x169.jpeg 300w, https:\/\/agora.xtec.cat\/insdesantacoloma\/wp-content\/uploads\/usu1849\/2021\/09\/WhatsApp-Image-2021-09-17-at-14.39.16-1-1-1024x576.jpeg 1024w, https:\/\/agora.xtec.cat\/insdesantacoloma\/wp-content\/uploads\/usu1849\/2021\/09\/WhatsApp-Image-2021-09-17-at-14.39.16-1-1-768x432.jpeg 768w, https:\/\/agora.xtec.cat\/insdesantacoloma\/wp-content\/uploads\/usu1849\/2021\/09\/WhatsApp-Image-2021-09-17-at-14.39.16-1-1-1536x864.jpeg 1536w, https:\/\/agora.xtec.cat\/insdesantacoloma\/wp-content\/uploads\/usu1849\/2021\/09\/WhatsApp-Image-2021-09-17-at-14.39.16-1-1.jpeg 2000w\" sizes=\"auto, (max-width: 300px) 100vw, 300px\" \/><\/a>\n\t\t\t<\/div><\/figure><figure class='gallery-item'>\n\t\t\t<div class='gallery-icon landscape'>\n\t\t\t\t<a href='https:\/\/agora.xtec.cat\/insdesantacoloma\/whatsapp-image-2021-09-17-at-14-39-15-1-2\/'><img loading=\"lazy\" decoding=\"async\" width=\"300\" height=\"169\" src=\"https:\/\/agora.xtec.cat\/insdesantacoloma\/wp-content\/uploads\/usu1849\/2021\/09\/WhatsApp-Image-2021-09-17-at-14.39.15-1-1-300x169.jpeg\" class=\"attachment-medium size-medium\" alt=\"Inici curs 3r\" srcset=\"https:\/\/agora.xtec.cat\/insdesantacoloma\/wp-content\/uploads\/usu1849\/2021\/09\/WhatsApp-Image-2021-09-17-at-14.39.15-1-1-300x169.jpeg 300w, https:\/\/agora.xtec.cat\/insdesantacoloma\/wp-content\/uploads\/usu1849\/2021\/09\/WhatsApp-Image-2021-09-17-at-14.39.15-1-1-1024x576.jpeg 1024w, https:\/\/agora.xtec.cat\/insdesantacoloma\/wp-content\/uploads\/usu1849\/2021\/09\/WhatsApp-Image-2021-09-17-at-14.39.15-1-1-768x432.jpeg 768w, https:\/\/agora.xtec.cat\/insdesantacoloma\/wp-content\/uploads\/usu1849\/2021\/09\/WhatsApp-Image-2021-09-17-at-14.39.15-1-1-1536x864.jpeg 1536w, https:\/\/agora.xtec.cat\/insdesantacoloma\/wp-content\/uploads\/usu1849\/2021\/09\/WhatsApp-Image-2021-09-17-at-14.39.15-1-1.jpeg 2000w\" sizes=\"auto, (max-width: 300px) 100vw, 300px\" \/><\/a>\n\t\t\t<\/div><\/figure><figure class='gallery-item'>\n\t\t\t<div class='gallery-icon portrait'>\n\t\t\t\t<a href='https:\/\/agora.xtec.cat\/insdesantacoloma\/whatsapp-image-2021-09-17-at-11-46-25-1-2\/'><img loading=\"lazy\" decoding=\"async\" width=\"169\" height=\"300\" src=\"https:\/\/agora.xtec.cat\/insdesantacoloma\/wp-content\/uploads\/usu1849\/2021\/09\/WhatsApp-Image-2021-09-17-at-11.46.25-1-1-169x300.jpeg\" class=\"attachment-medium size-medium\" alt=\"Inici curs 3r\" srcset=\"https:\/\/agora.xtec.cat\/insdesantacoloma\/wp-content\/uploads\/usu1849\/2021\/09\/WhatsApp-Image-2021-09-17-at-11.46.25-1-1-169x300.jpeg 169w, https:\/\/agora.xtec.cat\/insdesantacoloma\/wp-content\/uploads\/usu1849\/2021\/09\/WhatsApp-Image-2021-09-17-at-11.46.25-1-1-576x1024.jpeg 576w, https:\/\/agora.xtec.cat\/insdesantacoloma\/wp-content\/uploads\/usu1849\/2021\/09\/WhatsApp-Image-2021-09-17-at-11.46.25-1-1-768x1365.jpeg 768w, https:\/\/agora.xtec.cat\/insdesantacoloma\/wp-content\/uploads\/usu1849\/2021\/09\/WhatsApp-Image-2021-09-17-at-11.46.25-1-1-864x1536.jpeg 864w, https:\/\/agora.xtec.cat\/insdesantacoloma\/wp-content\/uploads\/usu1849\/2021\/09\/WhatsApp-Image-2021-09-17-at-11.46.25-1-1.jpeg 1125w\" sizes=\"auto, (max-width: 169px) 100vw, 169px\" \/><\/a>\n\t\t\t<\/div><\/figure>\n\t\t<\/div>\n\n<p>&nbsp;<\/p>\n<h3>Visita a La Ciutadella amb 4t d&#8217;ESO<\/h3>\n<p>Les activitats per escalfar motors i iniciar aquest curs tan especial que tancar\u00e0 l&#8217;etapa de l&#8217;ESO vam concentrar-les en un dia i hem acabat la setmana gaudint d&#8217;un mat\u00ed espl\u00e8ndid al parc de la Ciutadella de Barcelona. No nom\u00e9s hem passejat pel parc, sin\u00f3 que els nois i noies de 4t han demostrat les seves habilitats amb el ping-pong, els jocs d&#8217;equilibri i, sobretot, com a barquers!<\/p>\n<div id='gallery-4' class='gallery galleryid-2285 gallery-columns-3 gallery-size-medium'><figure class='gallery-item'>\n\t\t\t<div class='gallery-icon landscape'>\n\t\t\t\t<a href='https:\/\/agora.xtec.cat\/insdesantacoloma\/whatsapp-image-2021-09-17-at-12-51-48\/'><img loading=\"lazy\" decoding=\"async\" width=\"300\" height=\"225\" src=\"https:\/\/agora.xtec.cat\/insdesantacoloma\/wp-content\/uploads\/usu1849\/2021\/09\/WhatsApp-Image-2021-09-17-at-12.51.48-300x225.jpeg\" class=\"attachment-medium size-medium\" alt=\"4t Visita La Ciutadella 5\" srcset=\"https:\/\/agora.xtec.cat\/insdesantacoloma\/wp-content\/uploads\/usu1849\/2021\/09\/WhatsApp-Image-2021-09-17-at-12.51.48-300x225.jpeg 300w, https:\/\/agora.xtec.cat\/insdesantacoloma\/wp-content\/uploads\/usu1849\/2021\/09\/WhatsApp-Image-2021-09-17-at-12.51.48-1024x768.jpeg 1024w, https:\/\/agora.xtec.cat\/insdesantacoloma\/wp-content\/uploads\/usu1849\/2021\/09\/WhatsApp-Image-2021-09-17-at-12.51.48-768x576.jpeg 768w, https:\/\/agora.xtec.cat\/insdesantacoloma\/wp-content\/uploads\/usu1849\/2021\/09\/WhatsApp-Image-2021-09-17-at-12.51.48-1536x1152.jpeg 1536w, https:\/\/agora.xtec.cat\/insdesantacoloma\/wp-content\/uploads\/usu1849\/2021\/09\/WhatsApp-Image-2021-09-17-at-12.51.48-200x150.jpeg 200w, https:\/\/agora.xtec.cat\/insdesantacoloma\/wp-content\/uploads\/usu1849\/2021\/09\/WhatsApp-Image-2021-09-17-at-12.51.48.jpeg 2000w\" sizes=\"auto, (max-width: 300px) 100vw, 300px\" \/><\/a>\n\t\t\t<\/div><\/figure><figure class='gallery-item'>\n\t\t\t<div class='gallery-icon landscape'>\n\t\t\t\t<a href='https:\/\/agora.xtec.cat\/insdesantacoloma\/whatsapp-image-2021-09-17-at-12-51-46\/'><img loading=\"lazy\" decoding=\"async\" width=\"300\" height=\"225\" src=\"https:\/\/agora.xtec.cat\/insdesantacoloma\/wp-content\/uploads\/usu1849\/2021\/09\/WhatsApp-Image-2021-09-17-at-12.51.46-300x225.jpeg\" class=\"attachment-medium size-medium\" alt=\"4t Visita La Ciutadella 4\" srcset=\"https:\/\/agora.xtec.cat\/insdesantacoloma\/wp-content\/uploads\/usu1849\/2021\/09\/WhatsApp-Image-2021-09-17-at-12.51.46-300x225.jpeg 300w, https:\/\/agora.xtec.cat\/insdesantacoloma\/wp-content\/uploads\/usu1849\/2021\/09\/WhatsApp-Image-2021-09-17-at-12.51.46-1024x768.jpeg 1024w, https:\/\/agora.xtec.cat\/insdesantacoloma\/wp-content\/uploads\/usu1849\/2021\/09\/WhatsApp-Image-2021-09-17-at-12.51.46-768x576.jpeg 768w, https:\/\/agora.xtec.cat\/insdesantacoloma\/wp-content\/uploads\/usu1849\/2021\/09\/WhatsApp-Image-2021-09-17-at-12.51.46-1536x1152.jpeg 1536w, https:\/\/agora.xtec.cat\/insdesantacoloma\/wp-content\/uploads\/usu1849\/2021\/09\/WhatsApp-Image-2021-09-17-at-12.51.46-200x150.jpeg 200w, https:\/\/agora.xtec.cat\/insdesantacoloma\/wp-content\/uploads\/usu1849\/2021\/09\/WhatsApp-Image-2021-09-17-at-12.51.46.jpeg 2000w\" sizes=\"auto, (max-width: 300px) 100vw, 300px\" \/><\/a>\n\t\t\t<\/div><\/figure><figure class='gallery-item'>\n\t\t\t<div class='gallery-icon landscape'>\n\t\t\t\t<a href='https:\/\/agora.xtec.cat\/insdesantacoloma\/whatsapp-image-2021-09-17-at-12-45-48\/'><img loading=\"lazy\" decoding=\"async\" width=\"300\" height=\"225\" src=\"https:\/\/agora.xtec.cat\/insdesantacoloma\/wp-content\/uploads\/usu1849\/2021\/09\/WhatsApp-Image-2021-09-17-at-12.45.48-300x225.jpeg\" class=\"attachment-medium size-medium\" alt=\"4t Visita La Ciutadella 3\" srcset=\"https:\/\/agora.xtec.cat\/insdesantacoloma\/wp-content\/uploads\/usu1849\/2021\/09\/WhatsApp-Image-2021-09-17-at-12.45.48-300x225.jpeg 300w, https:\/\/agora.xtec.cat\/insdesantacoloma\/wp-content\/uploads\/usu1849\/2021\/09\/WhatsApp-Image-2021-09-17-at-12.45.48-1024x768.jpeg 1024w, https:\/\/agora.xtec.cat\/insdesantacoloma\/wp-content\/uploads\/usu1849\/2021\/09\/WhatsApp-Image-2021-09-17-at-12.45.48-768x576.jpeg 768w, https:\/\/agora.xtec.cat\/insdesantacoloma\/wp-content\/uploads\/usu1849\/2021\/09\/WhatsApp-Image-2021-09-17-at-12.45.48-1536x1152.jpeg 1536w, https:\/\/agora.xtec.cat\/insdesantacoloma\/wp-content\/uploads\/usu1849\/2021\/09\/WhatsApp-Image-2021-09-17-at-12.45.48-200x150.jpeg 200w, https:\/\/agora.xtec.cat\/insdesantacoloma\/wp-content\/uploads\/usu1849\/2021\/09\/WhatsApp-Image-2021-09-17-at-12.45.48.jpeg 1600w\" sizes=\"auto, (max-width: 300px) 100vw, 300px\" \/><\/a>\n\t\t\t<\/div><\/figure><figure class='gallery-item'>\n\t\t\t<div class='gallery-icon landscape'>\n\t\t\t\t<a href='https:\/\/agora.xtec.cat\/insdesantacoloma\/whatsapp-image-2021-09-17-at-10-39-29\/'><img loading=\"lazy\" decoding=\"async\" width=\"300\" height=\"155\" src=\"https:\/\/agora.xtec.cat\/insdesantacoloma\/wp-content\/uploads\/usu1849\/2021\/09\/WhatsApp-Image-2021-09-17-at-10.39.29-e1632071246219-300x155.jpeg\" class=\"attachment-medium size-medium\" alt=\"4t Visita La Ciutadella 7\" srcset=\"https:\/\/agora.xtec.cat\/insdesantacoloma\/wp-content\/uploads\/usu1849\/2021\/09\/WhatsApp-Image-2021-09-17-at-10.39.29-e1632071246219-300x155.jpeg 300w, https:\/\/agora.xtec.cat\/insdesantacoloma\/wp-content\/uploads\/usu1849\/2021\/09\/WhatsApp-Image-2021-09-17-at-10.39.29-e1632071246219-1024x527.jpeg 1024w, https:\/\/agora.xtec.cat\/insdesantacoloma\/wp-content\/uploads\/usu1849\/2021\/09\/WhatsApp-Image-2021-09-17-at-10.39.29-e1632071246219-768x396.jpeg 768w, https:\/\/agora.xtec.cat\/insdesantacoloma\/wp-content\/uploads\/usu1849\/2021\/09\/WhatsApp-Image-2021-09-17-at-10.39.29-e1632071246219-1536x791.jpeg 1536w, https:\/\/agora.xtec.cat\/insdesantacoloma\/wp-content\/uploads\/usu1849\/2021\/09\/WhatsApp-Image-2021-09-17-at-10.39.29-e1632071246219.jpeg 1600w\" sizes=\"auto, (max-width: 300px) 100vw, 300px\" \/><\/a>\n\t\t\t<\/div><\/figure><figure class='gallery-item'>\n\t\t\t<div class='gallery-icon landscape'>\n\t\t\t\t<a href='https:\/\/agora.xtec.cat\/insdesantacoloma\/whatsapp-image-2021-09-17-at-10-35-23\/'><img loading=\"lazy\" decoding=\"async\" width=\"300\" height=\"156\" src=\"https:\/\/agora.xtec.cat\/insdesantacoloma\/wp-content\/uploads\/usu1849\/2021\/09\/WhatsApp-Image-2021-09-17-at-10.35.23-e1632070906106-300x156.jpeg\" class=\"attachment-medium size-medium\" alt=\"4t Visita La Ciutadella 1\" srcset=\"https:\/\/agora.xtec.cat\/insdesantacoloma\/wp-content\/uploads\/usu1849\/2021\/09\/WhatsApp-Image-2021-09-17-at-10.35.23-e1632070906106-300x156.jpeg 300w, https:\/\/agora.xtec.cat\/insdesantacoloma\/wp-content\/uploads\/usu1849\/2021\/09\/WhatsApp-Image-2021-09-17-at-10.35.23-e1632070906106-1024x532.jpeg 1024w, https:\/\/agora.xtec.cat\/insdesantacoloma\/wp-content\/uploads\/usu1849\/2021\/09\/WhatsApp-Image-2021-09-17-at-10.35.23-e1632070906106-768x399.jpeg 768w, https:\/\/agora.xtec.cat\/insdesantacoloma\/wp-content\/uploads\/usu1849\/2021\/09\/WhatsApp-Image-2021-09-17-at-10.35.23-e1632070906106.jpeg 1524w\" sizes=\"auto, (max-width: 300px) 100vw, 300px\" \/><\/a>\n\t\t\t<\/div><\/figure>\n\t\t<\/div>\n\n<p>Podeu veure m\u00e9s fotografies de la primera setmana del curs en aquest <a href=\"https:\/\/drive.google.com\/drive\/folders\/1PKrLSINFq-mBdPLR6Oomi_pejR4wDdbZ?usp=sharing\">enlla\u00e7<\/a>.<\/p>\n<p>Esperem que tot l&#8217;alumnat hagi gaudit d&#8217;aquesta setmana inicial i que durant aquests pr\u00f2xims mesos que passarem plegats, tingui l&#8217;oportunitat de fer nous amics, riure, pensar, aprendre molt i, en definitiva, esperem cr\u00e9ixer junts.<\/p>\n<p>&nbsp;<\/p>\n","protected":false},"excerpt":{"rendered":"<p>Dilluns dia 13 vam comen\u00e7ar el nou curs amb energies renovades i moltes ganes de retrobar-nos. Tamb\u00e9 ens feia molta [&hellip;]<\/p>\n","protected":false},"author":1,"featured_media":2287,"comment_status":"open","ping_status":"closed","sticky":false,"template":"","format":"standard","meta":{"_bbp_topic_count":0,"_bbp_reply_count":0,"_bbp_total_topic_count":0,"_bbp_total_reply_count":0,"_bbp_voice_count":0,"_bbp_anonymous_reply_count":0,"_bbp_topic_count_hidden":0,"_bbp_reply_count_hidden":0,"_bbp_forum_subforum_count":0,"site-sidebar-layout":"default","site-content-layout":"","ast-site-content-layout":"","site-content-style":"default","site-sidebar-style":"default","ast-global-header-display":"","ast-banner-title-visibility":"","ast-main-header-display":"","ast-hfb-above-header-display":"","ast-hfb-below-header-display":"","ast-hfb-mobile-header-display":"","site-post-title":"","ast-breadcrumbs-content":"","ast-featured-img":"","footer-sml-layout":"","theme-transparent-header-meta":"","adv-header-id-meta":"","stick-header-meta":"","header-above-stick-meta":"","header-main-stick-meta":"","header-below-stick-meta":"","astra-migrate-meta-layouts":"default","ast-page-background-enabled":"default","ast-page-background-meta":{"desktop":{"background-color":"var(--ast-global-color-4)","background-image":"","background-repeat":"repeat","background-position":"center center","background-size":"auto","background-attachment":"scroll","background-type":"","background-media":"","overlay-type":"","overlay-color":"","overlay-opacity":"","overlay-gradient":""},"tablet":{"background-color":"","background-image":"","background-repeat":"repeat","background-position":"center center","background-size":"auto","background-attachment":"scroll","background-type":"","background-media":"","overlay-type":"","overlay-color":"","overlay-opacity":"","overlay-gradient":""},"mobile":{"background-color":"","background-image":"","background-repeat":"repeat","background-position":"center center","background-size":"auto","background-attachment":"scroll","background-type":"","background-media":"","overlay-type":"","overlay-color":"","overlay-opacity":"","overlay-gradient":""}},"ast-content-background-meta":{"desktop":{"background-color":"var(--ast-global-color-5)","background-image":"","background-repeat":"repeat","background-position":"center center","background-size":"auto","background-attachment":"scroll","background-type":"","background-media":"","overlay-type":"","overlay-color":"","overlay-opacity":"","overlay-gradient":""},"tablet":{"background-color":"var(--ast-global-color-5)","background-image":"","background-repeat":"repeat","background-position":"center center","background-size":"auto","background-attachment":"scroll","background-type":"","background-media":"","overlay-type":"","overlay-color":"","overlay-opacity":"","overlay-gradient":""},"mobile":{"background-color":"var(--ast-global-color-5)","background-image":"","background-repeat":"repeat","background-position":"center center","background-size":"auto","background-attachment":"scroll","background-type":"","background-media":"","overlay-type":"","overlay-color":"","overlay-opacity":"","overlay-gradient":""}},"footnotes":""},"categories":[3,4,5,6,7,1,197,29],"tags":[],"class_list":["post-2285","post","type-post","status-publish","format-standard","has-post-thumbnail","hentry","category-eso","category-eso-1","category-eso-2","category-eso-3","category-eso-4","category-general","category-inici-curs-21-22","category-portada"],"post_mailing_queue_ids":[],"_links":{"self":[{"href":"https:\/\/agora.xtec.cat\/insdesantacoloma\/wp-json\/wp\/v2\/posts\/2285","targetHints":{"allow":["GET"]}}],"collection":[{"href":"https:\/\/agora.xtec.cat\/insdesantacoloma\/wp-json\/wp\/v2\/posts"}],"about":[{"href":"https:\/\/agora.xtec.cat\/insdesantacoloma\/wp-json\/wp\/v2\/types\/post"}],"author":[{"embeddable":true,"href":"https:\/\/agora.xtec.cat\/insdesantacoloma\/wp-json\/wp\/v2\/users\/1"}],"replies":[{"embeddable":true,"href":"https:\/\/agora.xtec.cat\/insdesantacoloma\/wp-json\/wp\/v2\/comments?post=2285"}],"version-history":[{"count":3,"href":"https:\/\/agora.xtec.cat\/insdesantacoloma\/wp-json\/wp\/v2\/posts\/2285\/revisions"}],"predecessor-version":[{"id":2361,"href":"https:\/\/agora.xtec.cat\/insdesantacoloma\/wp-json\/wp\/v2\/posts\/2285\/revisions\/2361"}],"wp:featuredmedia":[{"embeddable":true,"href":"https:\/\/agora.xtec.cat\/insdesantacoloma\/wp-json\/wp\/v2\/media\/2287"}],"wp:attachment":[{"href":"https:\/\/agora.xtec.cat\/insdesantacoloma\/wp-json\/wp\/v2\/media?parent=2285"}],"wp:term":[{"taxonomy":"category","embeddable":true,"href":"https:\/\/agora.xtec.cat\/insdesantacoloma\/wp-json\/wp\/v2\/categories?post=2285"},{"taxonomy":"post_tag","embeddable":true,"href":"https:\/\/agora.xtec.cat\/insdesantacoloma\/wp-json\/wp\/v2\/tags?post=2285"}],"curies":[{"name":"wp","href":"https:\/\/api.w.org\/{rel}","templated":true}]}}