{"id":2219,"date":"2021-06-28T12:48:29","date_gmt":"2021-06-28T10:48:29","guid":{"rendered":"http:\/\/agora.xtec.cat\/insdesantacoloma\/?p=2219"},"modified":"2021-07-02T10:32:41","modified_gmt":"2021-07-02T08:32:41","slug":"cloenda-del-curs-20-21","status":"publish","type":"post","link":"https:\/\/agora.xtec.cat\/insdesantacoloma\/general\/cloenda-del-curs-20-21\/","title":{"rendered":"CLOENDA DEL CURS 20\/21"},"content":{"rendered":"<p style=\"text-align: justify;\">El darrer dia de classes, el dia 22 de juny, vam gaudir d&#8217;una jornada plena d&#8217;activitats i moments molt entranyables per a tot el centre. Vam comen\u00e7ar el dia fent una reflexi\u00f3 cada grup classe amb el seu tutor\/a per valorar com ha estat aquest curs escolar. A m\u00e9s de valorar-lo amb les notes i la part m\u00e9s acad\u00e8mica, \u00e9s essencial poder fer una cloenda sobre com hem estat a l&#8217;institut, qu\u00e8 hem viscut i de quina manera hem anat superant, de mica en mica, cada petit repte que se&#8217;ns ha presentat, com per exemple el confinament d&#8217;alguns grups durant el curs.<\/p>\n<p style=\"text-align: justify;\">Hem de felicitar a tot l&#8217;alumnat perqu\u00e8 han anat adaptant-se al dia a dia i a les situacions noves que hem anat passant durant aquest curs, sempre amb una bona predisposici\u00f3 i comprim\u00eds per l&#8217;educaci\u00f3 i l&#8217;aprenentatge.<\/p>\n<p style=\"text-align: justify;\">Com que alguns companys i companyes no estaran el pr\u00f2xim curs, vol\u00edem fer un comiat per a ells i elles. Potser no ho sembla, per\u00f2 es fan lla\u00e7os molt importants i intensos durant tot el curs amb els companys\/es i vam donar un espai per compartir i comunicar aquestes noves emocions que es desperten en l&#8217;alumnat, part important pel nostre desenvolupament personal i social.<\/p>\n<p><a href=\"https:\/\/agora.xtec.cat\/insdesantacoloma\/wp-content\/uploads\/usu1849\/2021\/06\/comiat.png\"><img loading=\"lazy\" decoding=\"async\" class=\"alignnone size-full wp-image-2223\" src=\"https:\/\/agora.xtec.cat\/insdesantacoloma\/wp-content\/uploads\/usu1849\/2021\/06\/comiat.png\" alt=\"\" width=\"1315\" height=\"598\" srcset=\"https:\/\/agora.xtec.cat\/insdesantacoloma\/wp-content\/uploads\/usu1849\/2021\/06\/comiat.png 1315w, https:\/\/agora.xtec.cat\/insdesantacoloma\/wp-content\/uploads\/usu1849\/2021\/06\/comiat-300x136.png 300w, https:\/\/agora.xtec.cat\/insdesantacoloma\/wp-content\/uploads\/usu1849\/2021\/06\/comiat-768x349.png 768w, https:\/\/agora.xtec.cat\/insdesantacoloma\/wp-content\/uploads\/usu1849\/2021\/06\/comiat-1024x466.png 1024w\" sizes=\"auto, (max-width: 1315px) 100vw, 1315px\" \/><\/a><\/p>\n<p style=\"text-align: justify;\">A partir d&#8217;aquest comiat, ens ho vam passar genial! Vam gaudir de diferents tallers: Batucada, Hip-hop i jocs al camp de futbol. Cada alumne va poder triar entre els jocs i tallers que s&#8217;oferien i aix\u00ed passar l&#8217;\u00faltim dia de classes amb els companys i companyes i passar-s&#8217;ho molt b\u00e9.<\/p>\n<p><a href=\"https:\/\/agora.xtec.cat\/insdesantacoloma\/wp-content\/uploads\/usu1849\/2021\/06\/batucada.png\"><img loading=\"lazy\" decoding=\"async\" class=\"wp-image-2224 alignleft\" src=\"https:\/\/agora.xtec.cat\/insdesantacoloma\/wp-content\/uploads\/usu1849\/2021\/06\/batucada.png\" alt=\"\" width=\"486\" height=\"368\" srcset=\"https:\/\/agora.xtec.cat\/insdesantacoloma\/wp-content\/uploads\/usu1849\/2021\/06\/batucada.png 798w, https:\/\/agora.xtec.cat\/insdesantacoloma\/wp-content\/uploads\/usu1849\/2021\/06\/batucada-300x227.png 300w, https:\/\/agora.xtec.cat\/insdesantacoloma\/wp-content\/uploads\/usu1849\/2021\/06\/batucada-768x582.png 768w, https:\/\/agora.xtec.cat\/insdesantacoloma\/wp-content\/uploads\/usu1849\/2021\/06\/batucada-200x150.png 200w\" sizes=\"auto, (max-width: 486px) 100vw, 486px\" \/><\/a> <a href=\"https:\/\/agora.xtec.cat\/insdesantacoloma\/wp-content\/uploads\/usu1849\/2021\/06\/hiphop.png\"><img loading=\"lazy\" decoding=\"async\" class=\" wp-image-2225 alignright\" src=\"https:\/\/agora.xtec.cat\/insdesantacoloma\/wp-content\/uploads\/usu1849\/2021\/06\/hiphop.png\" alt=\"\" width=\"494\" height=\"370\" srcset=\"https:\/\/agora.xtec.cat\/insdesantacoloma\/wp-content\/uploads\/usu1849\/2021\/06\/hiphop.png 801w, https:\/\/agora.xtec.cat\/insdesantacoloma\/wp-content\/uploads\/usu1849\/2021\/06\/hiphop-300x225.png 300w, https:\/\/agora.xtec.cat\/insdesantacoloma\/wp-content\/uploads\/usu1849\/2021\/06\/hiphop-768x576.png 768w, https:\/\/agora.xtec.cat\/insdesantacoloma\/wp-content\/uploads\/usu1849\/2021\/06\/hiphop-200x150.png 200w\" sizes=\"auto, (max-width: 494px) 100vw, 494px\" \/><\/a><\/p>\n<p>&nbsp;<\/p>\n<p>&nbsp;<\/p>\n<p>&nbsp;<\/p>\n<p>&nbsp;<\/p>\n<p>&nbsp;<\/p>\n<p>&nbsp;<\/p>\n<p>&nbsp;<\/p>\n<p>&nbsp;<\/p>\n<p>&nbsp;<\/p>\n<p>&nbsp;<\/p>\n<p>&nbsp;<\/p>\n<p>&nbsp;<\/p>\n<p>&nbsp;<\/p>\n<p>&nbsp;<\/p>\n<p>&nbsp;<\/p>\n<p>&nbsp;<\/p>\n<p>&nbsp;<\/p>\n<p style=\"text-align: justify;\">Despr\u00e9s d&#8217;aquests tallers, hav\u00edem d&#8217;agafar forces pel que ens esperava al final del mat\u00ed: la festa de l&#8217;aigua! Vam estar tots plegats al parc de Can\u00a0<span class=\"hiddenSpellError\">Zam<\/span> esmorzant fruita, jugant i fent l&#8217;esbarjo. Quan vam deixar tot net i recollit vam tornar a l&#8217;institut a preparar-nos per la festa d&#8217;aigua i vam anar, per torns, al camp de futbol. De manera ordenada vam comen\u00e7ar, per nivells, la &#8220;guerra&#8221; d&#8217;aigua, i finalment, es van obrir els aspersors del camp per poder gaudir i refrescar-nos en un dia tan intens i calor\u00f3s.<\/p>\n<p>&nbsp;<\/p>\n<p><a href=\"https:\/\/agora.xtec.cat\/insdesantacoloma\/wp-content\/uploads\/usu1849\/2021\/06\/aigua.png\"><img loading=\"lazy\" decoding=\"async\" class=\" wp-image-2227 aligncenter\" src=\"https:\/\/agora.xtec.cat\/insdesantacoloma\/wp-content\/uploads\/usu1849\/2021\/06\/aigua.png\" alt=\"\" width=\"680\" height=\"512\" srcset=\"https:\/\/agora.xtec.cat\/insdesantacoloma\/wp-content\/uploads\/usu1849\/2021\/06\/aigua.png 795w, https:\/\/agora.xtec.cat\/insdesantacoloma\/wp-content\/uploads\/usu1849\/2021\/06\/aigua-300x226.png 300w, https:\/\/agora.xtec.cat\/insdesantacoloma\/wp-content\/uploads\/usu1849\/2021\/06\/aigua-768x579.png 768w, https:\/\/agora.xtec.cat\/insdesantacoloma\/wp-content\/uploads\/usu1849\/2021\/06\/aigua-200x150.png 200w\" sizes=\"auto, (max-width: 680px) 100vw, 680px\" \/><\/a><\/p>\n<p style=\"text-align: justify;\">Us deixem un <a href=\"https:\/\/www.youtube.com\/watch?v=ZQAgRWZrLP0\" target=\"_blank\" rel=\"noopener noreferrer\">petit v\u00eddeo per resumir<\/a> una jornada ben especial; i ens acomiadem un curs ple d&#8217;aprenentatges i creixement, tant per l&#8217;alumnat com pel professorat. Us desitgem un bon estiu per gaudir i agafar forces pel curs vinent!<\/p>\n<p>&nbsp;<\/p>\n","protected":false},"excerpt":{"rendered":"<p>El darrer dia de classes, el dia 22 de juny, vam gaudir d&#8217;una jornada plena d&#8217;activitats i moments molt entranyables [&hellip;]<\/p>\n","protected":false},"author":1,"featured_media":2223,"comment_status":"open","ping_status":"closed","sticky":false,"template":"","format":"standard","meta":{"_bbp_topic_count":0,"_bbp_reply_count":0,"_bbp_total_topic_count":0,"_bbp_total_reply_count":0,"_bbp_voice_count":0,"_bbp_anonymous_reply_count":0,"_bbp_topic_count_hidden":0,"_bbp_reply_count_hidden":0,"_bbp_forum_subforum_count":0,"site-sidebar-layout":"default","site-content-layout":"","ast-site-content-layout":"","site-content-style":"default","site-sidebar-style":"default","ast-global-header-display":"","ast-banner-title-visibility":"","ast-main-header-display":"","ast-hfb-above-header-display":"","ast-hfb-below-header-display":"","ast-hfb-mobile-header-display":"","site-post-title":"","ast-breadcrumbs-content":"","ast-featured-img":"","footer-sml-layout":"","theme-transparent-header-meta":"","adv-header-id-meta":"","stick-header-meta":"","header-above-stick-meta":"","header-main-stick-meta":"","header-below-stick-meta":"","astra-migrate-meta-layouts":"default","ast-page-background-enabled":"default","ast-page-background-meta":{"desktop":{"background-color":"var(--ast-global-color-4)","background-image":"","background-repeat":"repeat","background-position":"center center","background-size":"auto","background-attachment":"scroll","background-type":"","background-media":"","overlay-type":"","overlay-color":"","overlay-opacity":"","overlay-gradient":""},"tablet":{"background-color":"","background-image":"","background-repeat":"repeat","background-position":"center center","background-size":"auto","background-attachment":"scroll","background-type":"","background-media":"","overlay-type":"","overlay-color":"","overlay-opacity":"","overlay-gradient":""},"mobile":{"background-color":"","background-image":"","background-repeat":"repeat","background-position":"center center","background-size":"auto","background-attachment":"scroll","background-type":"","background-media":"","overlay-type":"","overlay-color":"","overlay-opacity":"","overlay-gradient":""}},"ast-content-background-meta":{"desktop":{"background-color":"var(--ast-global-color-5)","background-image":"","background-repeat":"repeat","background-position":"center center","background-size":"auto","background-attachment":"scroll","background-type":"","background-media":"","overlay-type":"","overlay-color":"","overlay-opacity":"","overlay-gradient":""},"tablet":{"background-color":"var(--ast-global-color-5)","background-image":"","background-repeat":"repeat","background-position":"center center","background-size":"auto","background-attachment":"scroll","background-type":"","background-media":"","overlay-type":"","overlay-color":"","overlay-opacity":"","overlay-gradient":""},"mobile":{"background-color":"var(--ast-global-color-5)","background-image":"","background-repeat":"repeat","background-position":"center center","background-size":"auto","background-attachment":"scroll","background-type":"","background-media":"","overlay-type":"","overlay-color":"","overlay-opacity":"","overlay-gradient":""}},"footnotes":""},"categories":[3,1,29],"tags":[],"class_list":["post-2219","post","type-post","status-publish","format-standard","has-post-thumbnail","hentry","category-eso","category-general","category-portada"],"post_mailing_queue_ids":[],"_links":{"self":[{"href":"https:\/\/agora.xtec.cat\/insdesantacoloma\/wp-json\/wp\/v2\/posts\/2219","targetHints":{"allow":["GET"]}}],"collection":[{"href":"https:\/\/agora.xtec.cat\/insdesantacoloma\/wp-json\/wp\/v2\/posts"}],"about":[{"href":"https:\/\/agora.xtec.cat\/insdesantacoloma\/wp-json\/wp\/v2\/types\/post"}],"author":[{"embeddable":true,"href":"https:\/\/agora.xtec.cat\/insdesantacoloma\/wp-json\/wp\/v2\/users\/1"}],"replies":[{"embeddable":true,"href":"https:\/\/agora.xtec.cat\/insdesantacoloma\/wp-json\/wp\/v2\/comments?post=2219"}],"version-history":[{"count":3,"href":"https:\/\/agora.xtec.cat\/insdesantacoloma\/wp-json\/wp\/v2\/posts\/2219\/revisions"}],"predecessor-version":[{"id":2262,"href":"https:\/\/agora.xtec.cat\/insdesantacoloma\/wp-json\/wp\/v2\/posts\/2219\/revisions\/2262"}],"wp:featuredmedia":[{"embeddable":true,"href":"https:\/\/agora.xtec.cat\/insdesantacoloma\/wp-json\/wp\/v2\/media\/2223"}],"wp:attachment":[{"href":"https:\/\/agora.xtec.cat\/insdesantacoloma\/wp-json\/wp\/v2\/media?parent=2219"}],"wp:term":[{"taxonomy":"category","embeddable":true,"href":"https:\/\/agora.xtec.cat\/insdesantacoloma\/wp-json\/wp\/v2\/categories?post=2219"},{"taxonomy":"post_tag","embeddable":true,"href":"https:\/\/agora.xtec.cat\/insdesantacoloma\/wp-json\/wp\/v2\/tags?post=2219"}],"curies":[{"name":"wp","href":"https:\/\/api.w.org\/{rel}","templated":true}]}}