{"id":2166,"date":"2021-05-16T17:43:59","date_gmt":"2021-05-16T15:43:59","guid":{"rendered":"http:\/\/agora.xtec.cat\/insdesantacoloma\/?p=2166"},"modified":"2021-07-02T10:30:24","modified_gmt":"2021-07-02T08:30:24","slug":"avancem-la-tribu-de-la-serra","status":"publish","type":"post","link":"https:\/\/agora.xtec.cat\/insdesantacoloma\/general\/avancem-la-tribu-de-la-serra\/","title":{"rendered":"AVANCEM: La tribu de la Serra"},"content":{"rendered":"<p>&nbsp;<\/p>\n<p>L&#8217;alumnat de 1r d&#8217;ESO ha portat a terme un projecte AVANCEM, on s&#8217;entrellacen les diferents lleng\u00fces i es treballa a partir del pluriling\u00fcisme amb la finalitat de dotar el nostre alumnat d\u2019una compet\u00e8ncia pluriling\u00fce s\u00f2lida que afavoreixi\u00a0 el seu creixement acad\u00e8mic i posterior inserci\u00f3 laboral.<\/p>\n<p>Us deixem un <a href=\"https:\/\/view.genial.ly\/60b4bd03786fe70d78c39325\/interactive-image-la-tribu-de-la-serra\" target=\"_blank\" rel=\"noopener noreferrer\">p\u00f2ster<\/a> resum de tot el projecte portat a terme i l&#8217;article creat per un grup d&#8217;alumnes que han volgut explicar-ho:<\/p>\n<p><iframe class=\"wp-embedded-content\" sandbox=\"allow-scripts\" security=\"restricted\" title=\"La tribu de la serra.\" frameborder='0' width='584' height='271' src='https:\/\/view.genially.com\/60b4bd03786fe70d78c39325#?secret=QTQLG55cnl' data-secret='QTQLG55cnl' scrolling='yes'><\/iframe><\/p>\n<p><span style=\"font-weight: 400;\">Hola, som el grup format per Gabriel, Naiara, Yasmin, Silvia, Julen i Ainoa i avui venim a explicar-vos el proc\u00e9s del <\/span><a href=\"https:\/\/docs.google.com\/presentation\/d\/1ndOoM_zvtnVncm9X2vDaJhbaLjNWH9Zqiomh35Fu1I8\/edit?usp=sharing\" target=\"_blank\" rel=\"noopener noreferrer\"><span style=\"font-weight: 400;\">nostre projecte dels Ibers.<\/span><\/a><\/p>\n<p><span style=\"font-weight: 400;\">El primer de tot que vam fer va ser investigar sobre els ibers: aspectes com la seva economia, vida, religi\u00f3, oficis, construccions de les cases, jaciments, restes arqueol\u00f2giques\u2026\u00a0 a partir d\u2019un<\/span><a href=\"https:\/\/docs.google.com\/presentation\/d\/1tTg97s0KPAhY-kQZ9ueo18f07uHbejnBLtjx_Q8fG0w\/edit?usp=sharing\" target=\"_blank\" rel=\"noopener noreferrer\"><span style=\"font-weight: 400;\"> dossier d\u2019imaginaci\u00f3<\/span><\/a><span style=\"font-weight: 400;\">.\u00a0<\/span><\/p>\n<p>&nbsp;<\/p>\n<p><span style=\"font-weight: 400;\">Seguidament, el que vam fer va ser<\/span><a href=\"https:\/\/docs.google.com\/document\/d\/1o8UocQzuOF1DXkmjBwQTm9Uu37oygov0Z1gbSGqDz_o\/edit?usp=sharing\" target=\"_blank\" rel=\"noopener noreferrer\"><span style=\"font-weight: 400;\"> crear el nostre propi personatge iber basant-nos en la cultura i <\/span><\/a><a href=\"https:\/\/docs.google.com\/document\/d\/168ff4cpQlu834TSWsNq3GqK0rgZX1eMAevwcQThI-WM\/edit?usp=sharing\" target=\"_blank\" rel=\"noopener noreferrer\"><span style=\"font-weight: 400;\">noms ibers<\/span><\/a><a href=\"https:\/\/docs.google.com\/document\/d\/1o8UocQzuOF1DXkmjBwQTm9Uu37oygov0Z1gbSGqDz_o\/edit?usp=sharing\"><span style=\"font-weight: 400;\">. <\/span><span style=\"font-weight: 400;\">Aqu\u00ed tens un<\/span><\/a><a href=\"https:\/\/drive.google.com\/file\/d\/1AX7WBA3vHxCt5M30aoJZ2i-83uxlbCFI\/view?usp=sharing\"><span style=\"font-weight: 400;\"> exemple de personatge.\u00a0<\/span><\/a><\/p>\n<p>&nbsp;<\/p>\n<p><span style=\"font-weight: 400;\">Despr\u00e9s, el que vam fer,\u00a0 va ser dividir-nos en 2 grups per fer recerca de camp: un dels grups va anar al museu Torre Balldovina i l\u2019altre va anar al poblat ib\u00e8ric. Vam fer fotos\u00a0 a totes les localitzacions i objectes especials i importants que vam veure i trobar.<\/span><\/p>\n<p><a href=\"https:\/\/agora.xtec.cat\/insdesantacoloma\/wp-content\/uploads\/usu1849\/2021\/06\/POBLAT-IBER.png\"><img loading=\"lazy\" decoding=\"async\" class=\"alignnone size-full wp-image-2173\" src=\"https:\/\/agora.xtec.cat\/insdesantacoloma\/wp-content\/uploads\/usu1849\/2021\/06\/POBLAT-IBER.png\" alt=\"\" width=\"496\" height=\"248\" srcset=\"https:\/\/agora.xtec.cat\/insdesantacoloma\/wp-content\/uploads\/usu1849\/2021\/06\/POBLAT-IBER.png 496w, https:\/\/agora.xtec.cat\/insdesantacoloma\/wp-content\/uploads\/usu1849\/2021\/06\/POBLAT-IBER-300x150.png 300w\" sizes=\"auto, (max-width: 496px) 100vw, 496px\" \/><\/a><\/p>\n<p><span style=\"font-weight: 400;\">Algunes de les q\u00fcestions que vam descobrir sobre els ibers s\u00f3n:\u00a0<\/span><\/p>\n<ul>\n<li style=\"font-weight: 400;\" aria-level=\"1\"><span style=\"font-weight: 400;\">Existien fa 2.600 anys.<\/span><\/li>\n<li style=\"font-weight: 400;\" aria-level=\"1\"><span style=\"font-weight: 400;\">El poblat Puig Castellar est\u00e0 situat al Tur\u00f3 del Pollo.<\/span><\/li>\n<li style=\"font-weight: 400;\" aria-level=\"1\"><span style=\"font-weight: 400;\">El poblat ocupava 4.000 metres quadrats aproximadament.\u00a0<\/span><\/li>\n<li style=\"font-weight: 400;\" aria-level=\"1\"><span style=\"font-weight: 400;\">Els \u00fanics habitants que portaven roba tenyida eren els rics.<\/span><\/li>\n<li style=\"font-weight: 400;\" aria-level=\"1\"><span style=\"font-weight: 400;\">Els teixits es feien amb llana i una estructura de pals.<\/span><\/li>\n<li style=\"font-weight: 400;\" aria-level=\"1\"><span style=\"font-weight: 400;\">Encara es conserva una muralla feta pels ibers.\u00a0<\/span><\/li>\n<\/ul>\n<p><a href=\"https:\/\/agora.xtec.cat\/insdesantacoloma\/wp-content\/uploads\/usu1849\/2021\/06\/POBLAT-IBERIC1.png\"><img loading=\"lazy\" decoding=\"async\" class=\"alignnone size-full wp-image-2172\" src=\"https:\/\/agora.xtec.cat\/insdesantacoloma\/wp-content\/uploads\/usu1849\/2021\/06\/POBLAT-IBERIC1.png\" alt=\"\" width=\"687\" height=\"213\" srcset=\"https:\/\/agora.xtec.cat\/insdesantacoloma\/wp-content\/uploads\/usu1849\/2021\/06\/POBLAT-IBERIC1.png 687w, https:\/\/agora.xtec.cat\/insdesantacoloma\/wp-content\/uploads\/usu1849\/2021\/06\/POBLAT-IBERIC1-300x93.png 300w\" sizes=\"auto, (max-width: 687px) 100vw, 687px\" \/><\/a><\/p>\n<p><span style=\"font-weight: 400;\">Tamb\u00e9 ens han explicat que hi ha jaciments (restes arqueol\u00f2giques) on s\u2019han trobat objectes, com per exemple:<\/span><\/p>\n<p><span style=\"font-weight: 400;\">\u00a0<\/span><\/p>\n<ul>\n<li style=\"font-weight: 400;\" aria-level=\"1\"><span style=\"font-weight: 400;\">\u00c0mfora: Serveix\u00a0 per a transportar l&#8217;oli,\u00a0 el vi i m\u00e9s l\u00edquids.<\/span><\/li>\n<li style=\"font-weight: 400;\" aria-level=\"1\"><span style=\"font-weight: 400;\">Molins: S\u00f3n dues pedres, una damunt de l\u2019altra, que servien per\u00a0 fer farina.<\/span><\/li>\n<li style=\"font-weight: 400;\" aria-level=\"1\"><span style=\"font-weight: 400;\">Pebeter : \u00c9s una figura de cer\u00e0mica de la Deessa Tanit, que servia per a fer creacions en els rituals.<\/span><\/li>\n<li style=\"font-weight: 400;\" aria-level=\"1\"><span style=\"font-weight: 400;\">El <\/span><a href=\"https:\/\/ca.wikipedia.org\/wiki\/Capfoguer_ib%C3%A8ric\" target=\"_blank\" rel=\"noopener noreferrer\"><span style=\"font-weight: 400;\">Capfoguer<\/span><\/a><span style=\"font-weight: 400;\">.\u00a0<\/span><\/li>\n<\/ul>\n<p><a href=\"https:\/\/agora.xtec.cat\/insdesantacoloma\/wp-content\/uploads\/usu1849\/2021\/06\/POBLAT-IBER2.png\" target=\"_blank\" rel=\"noopener noreferrer\"><img loading=\"lazy\" decoding=\"async\" class=\"alignnone size-full wp-image-2174\" src=\"https:\/\/agora.xtec.cat\/insdesantacoloma\/wp-content\/uploads\/usu1849\/2021\/06\/POBLAT-IBER2.png\" alt=\"\" width=\"824\" height=\"271\" srcset=\"https:\/\/agora.xtec.cat\/insdesantacoloma\/wp-content\/uploads\/usu1849\/2021\/06\/POBLAT-IBER2.png 824w, https:\/\/agora.xtec.cat\/insdesantacoloma\/wp-content\/uploads\/usu1849\/2021\/06\/POBLAT-IBER2-300x99.png 300w, https:\/\/agora.xtec.cat\/insdesantacoloma\/wp-content\/uploads\/usu1849\/2021\/06\/POBLAT-IBER2-768x253.png 768w\" sizes=\"auto, (max-width: 824px) 100vw, 824px\" \/><\/a><\/p>\n<p><b><i>I MOLTES COSES M\u00c9S, MOLT INTERESSANTS\u2026!<\/i><\/b><\/p>\n<p>&nbsp;<\/p>\n<p><span style=\"font-weight: 400;\">A continuaci\u00f3, vam fer una guia tur\u00edstica audiovisual i una guia tur\u00edstica escrita per grups. Cada grup es fa fixar en 10 elements essencials que va escollir.<\/span><\/p>\n<p><span style=\"font-weight: 400;\">Aquestes guies tur\u00edstiques s\u2019utilitzaran per saber m\u00e9s informaci\u00f3 sobre els ibers i per animar la gent a anar a visitar el poblat ib\u00e8ric i el museu!<\/span><\/p>\n<p>&nbsp;<\/p>\n<p><b><i>I aqu\u00ed us deixem el v\u00eddeo d\u2019una de les guies tur\u00edstiques que hem fet:<\/i><\/b><\/p>\n<p><a href=\"https:\/\/drive.google.com\/file\/d\/1nFRS9Hwi_CcgMcLlnzDZir_YsYUuCGlr\/view?usp=sharing\" target=\"_blank\" rel=\"noopener noreferrer\"><b><i>https:\/\/drive.google.com\/file\/d\/1nFRS9Hwi_CcgMcLlnzDZir_YsYUuCGlr\/view?usp=sharing<\/i><\/b><\/a><\/p>\n<p>&nbsp;<\/p>\n<p><span style=\"font-weight: 400;\">A continuaci\u00f3, vam veure un c\u00f2mic en diferents idiomes per inspirar-nos i fer el nostre propi c\u00f2mic sobre els ibers.\u00a0<\/span><\/p>\n<p>&nbsp;<\/p>\n<p><span style=\"font-weight: 400;\">Cada grup va inventar-se uns personatges i una hist\u00f2ria sobre els ibers per recrear la seva vida en un c\u00f2mic. Va ser un proc\u00e9s llarg, hem treballat molt junts.\u00a0 Alguns han pintat, altres han dibuixat, altres han escrit i altres han donat idees. Hem millorat bastant el nostre treball en equip!<\/span><\/p>\n<p><b><i>I AIX\u00cd ENS HEM ORGANITZAT ENTRE TOTS I TOTES PEL NOSTRE PROJECTE I ENS HA AGRADAT MOLT!<\/i><\/b><\/p>\n<p>&nbsp;<\/p>\n<p><b><i>Aix\u00ed ha quedat un dels nostres c\u00f2mics en angl\u00e8s:\u00a0<\/i><\/b><\/p>\n<p><img loading=\"lazy\" decoding=\"async\" class=\"size-full wp-image-2175 aligncenter\" src=\"https:\/\/agora.xtec.cat\/insdesantacoloma\/wp-content\/uploads\/usu1849\/2021\/06\/POBLAT-IBER3.png\" alt=\"\" width=\"644\" height=\"465\" srcset=\"https:\/\/agora.xtec.cat\/insdesantacoloma\/wp-content\/uploads\/usu1849\/2021\/06\/POBLAT-IBER3.png 644w, https:\/\/agora.xtec.cat\/insdesantacoloma\/wp-content\/uploads\/usu1849\/2021\/06\/POBLAT-IBER3-300x217.png 300w\" sizes=\"auto, (max-width: 644px) 100vw, 644px\" \/><\/p>\n<p style=\"text-align: right;\">Gabriel, Naiara, Yasmin, Silvia, Julen i Ainoa (1A)<\/p>\n","protected":false},"excerpt":{"rendered":"<p>&nbsp; L&#8217;alumnat de 1r d&#8217;ESO ha portat a terme un projecte AVANCEM, on s&#8217;entrellacen les diferents lleng\u00fces i es treballa [&hellip;]<\/p>\n","protected":false},"author":1,"featured_media":2184,"comment_status":"open","ping_status":"closed","sticky":false,"template":"","format":"standard","meta":{"_bbp_topic_count":0,"_bbp_reply_count":0,"_bbp_total_topic_count":0,"_bbp_total_reply_count":0,"_bbp_voice_count":0,"_bbp_anonymous_reply_count":0,"_bbp_topic_count_hidden":0,"_bbp_reply_count_hidden":0,"_bbp_forum_subforum_count":0,"site-sidebar-layout":"default","site-content-layout":"","ast-site-content-layout":"","site-content-style":"default","site-sidebar-style":"default","ast-global-header-display":"","ast-banner-title-visibility":"","ast-main-header-display":"","ast-hfb-above-header-display":"","ast-hfb-below-header-display":"","ast-hfb-mobile-header-display":"","site-post-title":"","ast-breadcrumbs-content":"","ast-featured-img":"","footer-sml-layout":"","theme-transparent-header-meta":"","adv-header-id-meta":"","stick-header-meta":"","header-above-stick-meta":"","header-main-stick-meta":"","header-below-stick-meta":"","astra-migrate-meta-layouts":"default","ast-page-background-enabled":"default","ast-page-background-meta":{"desktop":{"background-color":"var(--ast-global-color-4)","background-image":"","background-repeat":"repeat","background-position":"center center","background-size":"auto","background-attachment":"scroll","background-type":"","background-media":"","overlay-type":"","overlay-color":"","overlay-opacity":"","overlay-gradient":""},"tablet":{"background-color":"","background-image":"","background-repeat":"repeat","background-position":"center center","background-size":"auto","background-attachment":"scroll","background-type":"","background-media":"","overlay-type":"","overlay-color":"","overlay-opacity":"","overlay-gradient":""},"mobile":{"background-color":"","background-image":"","background-repeat":"repeat","background-position":"center center","background-size":"auto","background-attachment":"scroll","background-type":"","background-media":"","overlay-type":"","overlay-color":"","overlay-opacity":"","overlay-gradient":""}},"ast-content-background-meta":{"desktop":{"background-color":"var(--ast-global-color-5)","background-image":"","background-repeat":"repeat","background-position":"center center","background-size":"auto","background-attachment":"scroll","background-type":"","background-media":"","overlay-type":"","overlay-color":"","overlay-opacity":"","overlay-gradient":""},"tablet":{"background-color":"var(--ast-global-color-5)","background-image":"","background-repeat":"repeat","background-position":"center center","background-size":"auto","background-attachment":"scroll","background-type":"","background-media":"","overlay-type":"","overlay-color":"","overlay-opacity":"","overlay-gradient":""},"mobile":{"background-color":"var(--ast-global-color-5)","background-image":"","background-repeat":"repeat","background-position":"center center","background-size":"auto","background-attachment":"scroll","background-type":"","background-media":"","overlay-type":"","overlay-color":"","overlay-opacity":"","overlay-gradient":""}},"footnotes":""},"categories":[1,29],"tags":[],"class_list":["post-2166","post","type-post","status-publish","format-standard","has-post-thumbnail","hentry","category-general","category-portada"],"post_mailing_queue_ids":[],"_links":{"self":[{"href":"https:\/\/agora.xtec.cat\/insdesantacoloma\/wp-json\/wp\/v2\/posts\/2166","targetHints":{"allow":["GET"]}}],"collection":[{"href":"https:\/\/agora.xtec.cat\/insdesantacoloma\/wp-json\/wp\/v2\/posts"}],"about":[{"href":"https:\/\/agora.xtec.cat\/insdesantacoloma\/wp-json\/wp\/v2\/types\/post"}],"author":[{"embeddable":true,"href":"https:\/\/agora.xtec.cat\/insdesantacoloma\/wp-json\/wp\/v2\/users\/1"}],"replies":[{"embeddable":true,"href":"https:\/\/agora.xtec.cat\/insdesantacoloma\/wp-json\/wp\/v2\/comments?post=2166"}],"version-history":[{"count":4,"href":"https:\/\/agora.xtec.cat\/insdesantacoloma\/wp-json\/wp\/v2\/posts\/2166\/revisions"}],"predecessor-version":[{"id":2260,"href":"https:\/\/agora.xtec.cat\/insdesantacoloma\/wp-json\/wp\/v2\/posts\/2166\/revisions\/2260"}],"wp:featuredmedia":[{"embeddable":true,"href":"https:\/\/agora.xtec.cat\/insdesantacoloma\/wp-json\/wp\/v2\/media\/2184"}],"wp:attachment":[{"href":"https:\/\/agora.xtec.cat\/insdesantacoloma\/wp-json\/wp\/v2\/media?parent=2166"}],"wp:term":[{"taxonomy":"category","embeddable":true,"href":"https:\/\/agora.xtec.cat\/insdesantacoloma\/wp-json\/wp\/v2\/categories?post=2166"},{"taxonomy":"post_tag","embeddable":true,"href":"https:\/\/agora.xtec.cat\/insdesantacoloma\/wp-json\/wp\/v2\/tags?post=2166"}],"curies":[{"name":"wp","href":"https:\/\/api.w.org\/{rel}","templated":true}]}}