{"id":2138,"date":"2021-06-08T10:39:55","date_gmt":"2021-06-08T08:39:55","guid":{"rendered":"http:\/\/agora.xtec.cat\/insdesantacoloma\/?p=2138"},"modified":"2021-06-25T14:39:30","modified_gmt":"2021-06-25T12:39:30","slug":"retotech-educacio-i-emprenedoria-tecnologica","status":"publish","type":"post","link":"https:\/\/agora.xtec.cat\/insdesantacoloma\/general\/retotech-educacio-i-emprenedoria-tecnologica\/","title":{"rendered":"RETOTECH: Educaci\u00f3 i emprenedoria tecnol\u00f2gica"},"content":{"rendered":"<p>Benvolgudes fam\u00edlies,<\/p>\n<p>Despr\u00e9s d&#8217;haver estat seleccionats entre els 100 centres participants de tota Espanya i ser un dels 20 de tota Catalunya, ens plau compartir amb tots i totes les novetats sobre aquest projecte engrescador per l&#8217;alumnat del nostre institut.<\/p>\n<p>El grup d&#8217;alumnes que est\u00e0 treballant al projecte ha fet un v\u00eddeo promocional per donar a con\u00e8ixer quin \u00e9s el seu objectiu i qu\u00e8 est\u00e0 creant per donar soluci\u00f3 a una problem\u00e0tica actual i que ens afecta a tothom.<\/p>\n<div class=\"ast-oembed-container \" style=\"height: 100%;\"><iframe loading=\"lazy\" title=\"RetoTech 2 0 video promocional\" width=\"500\" height=\"281\" src=\"https:\/\/www.youtube.com\/embed\/vdZbuf8yVHg?feature=oembed\" frameborder=\"0\" allow=\"accelerometer; autoplay; clipboard-write; encrypted-media; gyroscope; picture-in-picture; web-share\" referrerpolicy=\"strict-origin-when-cross-origin\" allowfullscreen><\/iframe><\/div>\n<p>Encara esteu a temps de votar el v\u00eddeo promocional del nostre centre i ajudar a l&#8217;alumnat perqu\u00e8 aconsegueixi el premi!<br \/>\nEn el seg\u00fcent <a href=\"https:\/\/pr.easypromosapp.com\/voteme\/919205\/638568920?lc=spa\" target=\"_blank\" rel=\"noopener noreferrer\">enlla\u00e7<\/a> podeu accedir per votar.<\/p>\n<p>Tamb\u00e9 us compartim les fotos de la presentaci\u00f3 online del projecte. En aquesta presentaci\u00f3, a nivell estatal, es va explicar qu\u00e8 estem fent des de l&#8217;institut: una polsera t\u00e8rmica per controlar la temperatura.<\/p>\n<p><a href=\"https:\/\/agora.xtec.cat\/insdesantacoloma\/wp-content\/uploads\/usu1849\/2021\/06\/WhatsApp-Image-2021-06-10-at-15.49.59.jpeg\"><img loading=\"lazy\" decoding=\"async\" class=\"alignnone size-full wp-image-2186\" src=\"https:\/\/agora.xtec.cat\/insdesantacoloma\/wp-content\/uploads\/usu1849\/2021\/06\/WhatsApp-Image-2021-06-10-at-15.49.59.jpeg\" alt=\"\" width=\"2048\" height=\"1536\" srcset=\"https:\/\/agora.xtec.cat\/insdesantacoloma\/wp-content\/uploads\/usu1849\/2021\/06\/WhatsApp-Image-2021-06-10-at-15.49.59.jpeg 2048w, https:\/\/agora.xtec.cat\/insdesantacoloma\/wp-content\/uploads\/usu1849\/2021\/06\/WhatsApp-Image-2021-06-10-at-15.49.59-300x225.jpeg 300w, https:\/\/agora.xtec.cat\/insdesantacoloma\/wp-content\/uploads\/usu1849\/2021\/06\/WhatsApp-Image-2021-06-10-at-15.49.59-768x576.jpeg 768w, https:\/\/agora.xtec.cat\/insdesantacoloma\/wp-content\/uploads\/usu1849\/2021\/06\/WhatsApp-Image-2021-06-10-at-15.49.59-1024x768.jpeg 1024w, https:\/\/agora.xtec.cat\/insdesantacoloma\/wp-content\/uploads\/usu1849\/2021\/06\/WhatsApp-Image-2021-06-10-at-15.49.59-200x150.jpeg 200w\" sizes=\"auto, (max-width: 2048px) 100vw, 2048px\" \/><\/a> <a href=\"https:\/\/agora.xtec.cat\/insdesantacoloma\/wp-content\/uploads\/usu1849\/2021\/06\/WhatsApp-Image-2021-06-10-at-15.49.58-3.jpeg\"><img loading=\"lazy\" decoding=\"async\" class=\"alignnone size-full wp-image-2187\" src=\"https:\/\/agora.xtec.cat\/insdesantacoloma\/wp-content\/uploads\/usu1849\/2021\/06\/WhatsApp-Image-2021-06-10-at-15.49.58-3.jpeg\" alt=\"\" width=\"1536\" height=\"2048\" srcset=\"https:\/\/agora.xtec.cat\/insdesantacoloma\/wp-content\/uploads\/usu1849\/2021\/06\/WhatsApp-Image-2021-06-10-at-15.49.58-3.jpeg 1536w, https:\/\/agora.xtec.cat\/insdesantacoloma\/wp-content\/uploads\/usu1849\/2021\/06\/WhatsApp-Image-2021-06-10-at-15.49.58-3-225x300.jpeg 225w, https:\/\/agora.xtec.cat\/insdesantacoloma\/wp-content\/uploads\/usu1849\/2021\/06\/WhatsApp-Image-2021-06-10-at-15.49.58-3-768x1024.jpeg 768w\" sizes=\"auto, (max-width: 1536px) 100vw, 1536px\" \/><\/a> <a href=\"https:\/\/agora.xtec.cat\/insdesantacoloma\/wp-content\/uploads\/usu1849\/2021\/06\/WhatsApp-Image-2021-06-10-at-15.49.58-2.jpeg\"><img loading=\"lazy\" decoding=\"async\" class=\"alignnone size-full wp-image-2188\" src=\"https:\/\/agora.xtec.cat\/insdesantacoloma\/wp-content\/uploads\/usu1849\/2021\/06\/WhatsApp-Image-2021-06-10-at-15.49.58-2.jpeg\" alt=\"\" width=\"2048\" height=\"1536\" srcset=\"https:\/\/agora.xtec.cat\/insdesantacoloma\/wp-content\/uploads\/usu1849\/2021\/06\/WhatsApp-Image-2021-06-10-at-15.49.58-2.jpeg 2048w, https:\/\/agora.xtec.cat\/insdesantacoloma\/wp-content\/uploads\/usu1849\/2021\/06\/WhatsApp-Image-2021-06-10-at-15.49.58-2-300x225.jpeg 300w, https:\/\/agora.xtec.cat\/insdesantacoloma\/wp-content\/uploads\/usu1849\/2021\/06\/WhatsApp-Image-2021-06-10-at-15.49.58-2-768x576.jpeg 768w, https:\/\/agora.xtec.cat\/insdesantacoloma\/wp-content\/uploads\/usu1849\/2021\/06\/WhatsApp-Image-2021-06-10-at-15.49.58-2-1024x768.jpeg 1024w, https:\/\/agora.xtec.cat\/insdesantacoloma\/wp-content\/uploads\/usu1849\/2021\/06\/WhatsApp-Image-2021-06-10-at-15.49.58-2-200x150.jpeg 200w\" sizes=\"auto, (max-width: 2048px) 100vw, 2048px\" \/><\/a> <a href=\"https:\/\/agora.xtec.cat\/insdesantacoloma\/wp-content\/uploads\/usu1849\/2021\/06\/WhatsApp-Image-2021-06-10-at-15.49.58-1.jpeg\"><img loading=\"lazy\" decoding=\"async\" class=\"alignnone size-full wp-image-2189\" src=\"https:\/\/agora.xtec.cat\/insdesantacoloma\/wp-content\/uploads\/usu1849\/2021\/06\/WhatsApp-Image-2021-06-10-at-15.49.58-1.jpeg\" alt=\"\" width=\"2048\" height=\"1536\" srcset=\"https:\/\/agora.xtec.cat\/insdesantacoloma\/wp-content\/uploads\/usu1849\/2021\/06\/WhatsApp-Image-2021-06-10-at-15.49.58-1.jpeg 2048w, https:\/\/agora.xtec.cat\/insdesantacoloma\/wp-content\/uploads\/usu1849\/2021\/06\/WhatsApp-Image-2021-06-10-at-15.49.58-1-300x225.jpeg 300w, https:\/\/agora.xtec.cat\/insdesantacoloma\/wp-content\/uploads\/usu1849\/2021\/06\/WhatsApp-Image-2021-06-10-at-15.49.58-1-768x576.jpeg 768w, https:\/\/agora.xtec.cat\/insdesantacoloma\/wp-content\/uploads\/usu1849\/2021\/06\/WhatsApp-Image-2021-06-10-at-15.49.58-1-1024x768.jpeg 1024w, https:\/\/agora.xtec.cat\/insdesantacoloma\/wp-content\/uploads\/usu1849\/2021\/06\/WhatsApp-Image-2021-06-10-at-15.49.58-1-200x150.jpeg 200w\" sizes=\"auto, (max-width: 2048px) 100vw, 2048px\" \/><\/a><\/p>\n<p>Us mantindrem informats de les pr\u00f2ximes novetats!<\/p>\n","protected":false},"excerpt":{"rendered":"<p>Benvolgudes fam\u00edlies, Despr\u00e9s d&#8217;haver estat seleccionats entre els 100 centres participants de tota Espanya i ser un dels 20 de [&hellip;]<\/p>\n","protected":false},"author":1,"featured_media":2189,"comment_status":"open","ping_status":"closed","sticky":false,"template":"","format":"standard","meta":{"_bbp_topic_count":0,"_bbp_reply_count":0,"_bbp_total_topic_count":0,"_bbp_total_reply_count":0,"_bbp_voice_count":0,"_bbp_anonymous_reply_count":0,"_bbp_topic_count_hidden":0,"_bbp_reply_count_hidden":0,"_bbp_forum_subforum_count":0,"site-sidebar-layout":"default","site-content-layout":"","ast-site-content-layout":"","site-content-style":"default","site-sidebar-style":"default","ast-global-header-display":"","ast-banner-title-visibility":"","ast-main-header-display":"","ast-hfb-above-header-display":"","ast-hfb-below-header-display":"","ast-hfb-mobile-header-display":"","site-post-title":"","ast-breadcrumbs-content":"","ast-featured-img":"","footer-sml-layout":"","theme-transparent-header-meta":"","adv-header-id-meta":"","stick-header-meta":"","header-above-stick-meta":"","header-main-stick-meta":"","header-below-stick-meta":"","astra-migrate-meta-layouts":"default","ast-page-background-enabled":"default","ast-page-background-meta":{"desktop":{"background-color":"var(--ast-global-color-4)","background-image":"","background-repeat":"repeat","background-position":"center center","background-size":"auto","background-attachment":"scroll","background-type":"","background-media":"","overlay-type":"","overlay-color":"","overlay-opacity":"","overlay-gradient":""},"tablet":{"background-color":"","background-image":"","background-repeat":"repeat","background-position":"center center","background-size":"auto","background-attachment":"scroll","background-type":"","background-media":"","overlay-type":"","overlay-color":"","overlay-opacity":"","overlay-gradient":""},"mobile":{"background-color":"","background-image":"","background-repeat":"repeat","background-position":"center center","background-size":"auto","background-attachment":"scroll","background-type":"","background-media":"","overlay-type":"","overlay-color":"","overlay-opacity":"","overlay-gradient":""}},"ast-content-background-meta":{"desktop":{"background-color":"var(--ast-global-color-5)","background-image":"","background-repeat":"repeat","background-position":"center center","background-size":"auto","background-attachment":"scroll","background-type":"","background-media":"","overlay-type":"","overlay-color":"","overlay-opacity":"","overlay-gradient":""},"tablet":{"background-color":"var(--ast-global-color-5)","background-image":"","background-repeat":"repeat","background-position":"center center","background-size":"auto","background-attachment":"scroll","background-type":"","background-media":"","overlay-type":"","overlay-color":"","overlay-opacity":"","overlay-gradient":""},"mobile":{"background-color":"var(--ast-global-color-5)","background-image":"","background-repeat":"repeat","background-position":"center center","background-size":"auto","background-attachment":"scroll","background-type":"","background-media":"","overlay-type":"","overlay-color":"","overlay-opacity":"","overlay-gradient":""}},"footnotes":""},"categories":[1,29],"tags":[],"class_list":["post-2138","post","type-post","status-publish","format-standard","has-post-thumbnail","hentry","category-general","category-portada"],"post_mailing_queue_ids":[],"_links":{"self":[{"href":"https:\/\/agora.xtec.cat\/insdesantacoloma\/wp-json\/wp\/v2\/posts\/2138","targetHints":{"allow":["GET"]}}],"collection":[{"href":"https:\/\/agora.xtec.cat\/insdesantacoloma\/wp-json\/wp\/v2\/posts"}],"about":[{"href":"https:\/\/agora.xtec.cat\/insdesantacoloma\/wp-json\/wp\/v2\/types\/post"}],"author":[{"embeddable":true,"href":"https:\/\/agora.xtec.cat\/insdesantacoloma\/wp-json\/wp\/v2\/users\/1"}],"replies":[{"embeddable":true,"href":"https:\/\/agora.xtec.cat\/insdesantacoloma\/wp-json\/wp\/v2\/comments?post=2138"}],"version-history":[{"count":3,"href":"https:\/\/agora.xtec.cat\/insdesantacoloma\/wp-json\/wp\/v2\/posts\/2138\/revisions"}],"predecessor-version":[{"id":2191,"href":"https:\/\/agora.xtec.cat\/insdesantacoloma\/wp-json\/wp\/v2\/posts\/2138\/revisions\/2191"}],"wp:featuredmedia":[{"embeddable":true,"href":"https:\/\/agora.xtec.cat\/insdesantacoloma\/wp-json\/wp\/v2\/media\/2189"}],"wp:attachment":[{"href":"https:\/\/agora.xtec.cat\/insdesantacoloma\/wp-json\/wp\/v2\/media?parent=2138"}],"wp:term":[{"taxonomy":"category","embeddable":true,"href":"https:\/\/agora.xtec.cat\/insdesantacoloma\/wp-json\/wp\/v2\/categories?post=2138"},{"taxonomy":"post_tag","embeddable":true,"href":"https:\/\/agora.xtec.cat\/insdesantacoloma\/wp-json\/wp\/v2\/tags?post=2138"}],"curies":[{"name":"wp","href":"https:\/\/api.w.org\/{rel}","templated":true}]}}