{"id":2112,"date":"2021-05-05T10:49:29","date_gmt":"2021-05-05T08:49:29","guid":{"rendered":"http:\/\/agora.xtec.cat\/insdesantacoloma\/?p=2112"},"modified":"2021-06-01T10:21:33","modified_gmt":"2021-06-01T08:21:33","slug":"la-nostra-participacio-en-el-concurs-el-gust-per-la-lectura","status":"publish","type":"post","link":"https:\/\/agora.xtec.cat\/insdesantacoloma\/general\/la-nostra-participacio-en-el-concurs-el-gust-per-la-lectura\/","title":{"rendered":"La nostra participaci\u00f3 en el concurs \u201cEl Gust per la Lectura\u201d"},"content":{"rendered":"<p style=\"text-align: center;\"><a href=\"https:\/\/agora.xtec.cat\/insdesantacoloma\/wp-content\/uploads\/usu1849\/2021\/05\/Gust-per-la-Lectura-2021.png\"><img loading=\"lazy\" decoding=\"async\" class=\"alignnone size-full wp-image-2113\" src=\"https:\/\/agora.xtec.cat\/insdesantacoloma\/wp-content\/uploads\/usu1849\/2021\/05\/Gust-per-la-Lectura-2021.png\" alt=\"\" width=\"375\" height=\"375\" srcset=\"https:\/\/agora.xtec.cat\/insdesantacoloma\/wp-content\/uploads\/usu1849\/2021\/05\/Gust-per-la-Lectura-2021.png 375w, https:\/\/agora.xtec.cat\/insdesantacoloma\/wp-content\/uploads\/usu1849\/2021\/05\/Gust-per-la-Lectura-2021-150x150.png 150w, https:\/\/agora.xtec.cat\/insdesantacoloma\/wp-content\/uploads\/usu1849\/2021\/05\/Gust-per-la-Lectura-2021-300x300.png 300w\" sizes=\"auto, (max-width: 375px) 100vw, 375px\" \/><\/a><\/p>\n<p><span style=\"font-weight: 400;\">El nostre institut participa aquest curs en el certamen \u201cEl Gust per la Lectura\u201d per mitj\u00e0 de treballs audiovisuals sobre els seg\u00fcents llibres, els quals us animem a veure:<\/span><\/p>\n<p>&nbsp;<\/p>\n<p><strong>1r ESO:<\/strong><\/p>\n<ul>\n<li><span style=\"font-weight: 400;\">T\u00edtol del llibre: <\/span><i><span style=\"font-weight: 400;\">La volta al m\u00f3n en 80 dies<\/span><\/i><\/li>\n<li><span style=\"font-weight: 400;\">Autor: Jules Verne<\/span><\/li>\n<li><span style=\"font-weight: 400;\">T\u00edtol del treball: \u201cBooktrailer de <\/span><i><span style=\"font-weight: 400;\">La volta al m\u00f3n en 80 dies<\/span><\/i><span style=\"font-weight: 400;\">\u201d\u00a0\u00a0<\/span><\/li>\n<li><span style=\"font-weight: 400;\">Treballs seleccionats per grup classe:<\/span><\/li>\n<\/ul>\n<p><span style=\"font-weight: 400;\">1) 1r ESO A:<\/span><\/p>\n<p><span style=\"font-weight: 400;\">-Autors\/es: Joan Marco, Ainoa del Moral, Yasmin Chakkour i Romaisae Guerih\u00a0<\/span><\/p>\n<p><span style=\"font-weight: 400;\">-URL:\u00a0<\/span> <a href=\"https:\/\/drive.google.com\/file\/d\/1zflCcb0GEqXzhXXriKmDbpgKjN2gv__z\/view?usp=sharing\" target=\"_blank\" rel=\"noopener noreferrer\"><span style=\"font-weight: 400;\">https:\/\/drive.google.com\/file\/d\/1zflCcb0GEqXzhXXriKmDbpgKjN2gv__z\/view?usp=sharing<\/span><\/a><\/p>\n<p><span style=\"font-weight: 400;\">2) 1r ESO B:<\/span><\/p>\n<p><span style=\"font-weight: 400;\">-Autors\/es: Noa Linares, V\u00edctor Cabezas, Daniel Alejandro Delgado, Alejandro L\u00f3pez i Cl\u00e0udia Gim\u00e9nez<\/span><\/p>\n<p><span style=\"font-weight: 400;\">-URL: <a target=\"_blank\" href=\"https:\/\/drive.google.com\/file\/d\/1-fDgyqU2Eao6JK7I8grU0c42rLfLObjr\/view?usp=drivesdk\" rel=\"noopener noreferrer\">https:\/\/drive.google.com\/drive\/folders\/1ALssQR3AKIJhH6VvyhpSua7NbzMVbbpB<\/a><\/span><\/p>\n<p><span style=\"font-weight: 400;\">3) 1r ESO C:<\/span><\/p>\n<p><span style=\"font-weight: 400;\">-Autores: Stefani Krissia Ruiz, Montserrat Gonz\u00e1lez i Khaoula Agnaou<\/span><\/p>\n<p><span style=\"font-weight: 400;\">-URL:\u00a0<\/span><a href=\"https:\/\/drive.google.com\/file\/d\/1cynw2MthLyyjv80LCY_Fh8rNFyqobpQ5\/view?usp=sharing\" target=\"_blank\" rel=\"noopener noreferrer\"><span style=\"font-weight: 400;\">https:\/\/drive.google.com\/file\/d\/1cynw2MthLyyjv80LCY_Fh8rNFyqobpQ5\/view?usp=sharing<\/span><\/a><\/p>\n<p><span style=\"font-weight: 400;\">4) 1r ESO D:<\/span><\/p>\n<p><span style=\"font-weight: 400;\">-Autors\/es: Aina Alomar, Marta Fern\u00e1ndez, Olney Carrillo i Rafaela Alejandra Rivas<\/span><\/p>\n<p><span style=\"font-weight: 400;\">-URL:\u00a0<\/span><a href=\"https:\/\/drive.google.com\/file\/d\/1DCPjBrtTdN36QDFzwojFg0U8OwXBZi0M\/view?usp=sharing\" target=\"_blank\" rel=\"noopener noreferrer\"><span style=\"font-weight: 400;\">https:\/\/drive.google.com\/file\/d\/1DCPjBrtTdN36QDFzwojFg0U8OwXBZi0M\/view?usp=sharing<\/span><\/a><\/p>\n<p><strong>2n ESO:<\/strong><\/p>\n<ul>\n<li><span style=\"font-weight: 400;\">T\u00edtol del llibre: <\/span><i><span style=\"font-weight: 400;\">El malefici de la reina d\u2019Hongria<\/span><\/i><\/li>\n<li><span style=\"font-weight: 400;\">Autora: Maria Aur\u00e8lia Capmany<\/span><\/li>\n<li><span style=\"font-weight: 400;\">T\u00edtol del treball: \u201cBooktrailer de <\/span><i><span style=\"font-weight: 400;\">El malefici de la reina d\u2019Hongria<\/span><\/i><span style=\"font-weight: 400;\">\u201d<\/span><\/li>\n<li><span style=\"font-weight: 400;\">Treballs seleccionats per grup classe:<\/span><\/li>\n<\/ul>\n<p><span style=\"font-weight: 400;\">1) 2n ESO A:<\/span><\/p>\n<p><span style=\"font-weight: 400;\">-Autors\/es: Luc\u00eda Lecina i Javier Mart\u00ednez\u00a0<\/span><\/p>\n<p><span style=\"font-weight: 400;\">-URL:\u00a0<\/span><a href=\"https:\/\/drive.google.com\/file\/d\/1SC7zDqUAlfcYxLefIFnGIQXhdVNSd2gJ\/view?usp=sharing\" target=\"_blank\" rel=\"noopener noreferrer\"><span style=\"font-weight: 400;\">https:\/\/drive.google.com\/file\/d\/1SC7zDqUAlfcYxLefIFnGIQXhdVNSd2gJ\/view?usp=sharing<\/span><\/a><\/p>\n<p><span style=\"font-weight: 400;\">2) 2n ESO B:<\/span><\/p>\n<p><span style=\"font-weight: 400;\">-Autores: Judith Garcia i J\u00falia Quintill\u00e0<\/span><\/p>\n<p><span style=\"font-weight: 400;\">-URL:\u00a0<\/span><a href=\"https:\/\/drive.google.com\/file\/d\/1AQKl-3Unvpik3kMlr48DdZoLpbkVEqHT\/view?usp=sharing\" target=\"_blank\" rel=\"noopener noreferrer\"><span style=\"font-weight: 400;\">https:\/\/drive.google.com\/file\/d\/1AQKl-3Unvpik3kMlr48DdZoLpbkVEqHT\/view?usp=sharing<\/span><\/a><\/p>\n<p><span style=\"font-weight: 400;\">3) 2n ESO C:\u00a0<\/span><\/p>\n<p><span style=\"font-weight: 400;\">-Autors: Richard Ayorinde i Saba Shaposhnikov<\/span><\/p>\n<p><span style=\"font-weight: 400;\">-URL:\u00a0<\/span><a href=\"https:\/\/drive.google.com\/file\/d\/1dwJeJL5B_cOJDwj5lDod5YAvdQgXfZij\/view?usp=sharing\" target=\"_blank\" rel=\"noopener noreferrer\"><span style=\"font-weight: 400;\">https:\/\/drive.google.com\/file\/d\/1dwJeJL5B_cOJDwj5lDod5YAvdQgXfZij\/view?usp=sharing<\/span><\/a><\/p>\n<p><strong>3r ESO:<\/strong><\/p>\n<ul>\n<li><span style=\"font-weight: 400;\">T\u00edtol del llibre: <\/span><i><span style=\"font-weight: 400;\">La pell freda<\/span><\/i><\/li>\n<li><span style=\"font-weight: 400;\">Autor: Albert S\u00e1nchez Pi\u00f1ol<\/span><\/li>\n<li><span style=\"font-weight: 400;\">T\u00edtol del treball: \u201cBooktrailer de <\/span><i><span style=\"font-weight: 400;\">La pell freda<\/span><\/i><span style=\"font-weight: 400;\">\u201d<\/span><\/li>\n<li><span style=\"font-weight: 400;\">Treballs seleccionats per grup classe:<\/span><\/li>\n<\/ul>\n<p><span style=\"font-weight: 400;\">1) 3r ESO A:<\/span><\/p>\n<p><span style=\"font-weight: 400;\">-Autores: Marsil Mansour i Sara Reyes\u00a0<\/span><\/p>\n<p><span style=\"font-weight: 400;\">-URL:\u00a0<\/span><a href=\"https:\/\/drive.google.com\/file\/d\/1PYw7lbqswkGz-KwBlWFcJGwzIyfDMKKQ\/view?usp=sharing\" target=\"_blank\" rel=\"noopener noreferrer\"><span style=\"font-weight: 400;\">https:\/\/drive.google.com\/file\/d\/1PYw7lbqswkGz-KwBlWFcJGwzIyfDMKKQ\/view?usp=sharing<\/span><\/a><\/p>\n<p><span style=\"font-weight: 400;\">2) 3r ESO B:<\/span><\/p>\n<p><span style=\"font-weight: 400;\">-Autors: Jorge Montero i Izan Padilla<\/span><\/p>\n<p><span style=\"font-weight: 400;\">-URL:\u00a0<\/span><a href=\"https:\/\/drive.google.com\/file\/d\/1PrJIv2FECvQCL4w2Ouc_UgeXAhQaf262\/view?usp=sharing\" target=\"_blank\" rel=\"noopener noreferrer\"><span style=\"font-weight: 400;\">https:\/\/drive.google.com\/file\/d\/1PrJIv2FECvQCL4w2Ouc_UgeXAhQaf262\/view?usp=sharing<\/span><\/a><\/p>\n<p>&nbsp;<\/p>\n","protected":false},"excerpt":{"rendered":"<p>El nostre institut participa aquest curs en el certamen \u201cEl Gust per la Lectura\u201d per mitj\u00e0 de treballs audiovisuals sobre [&hellip;]<\/p>\n","protected":false},"author":1,"featured_media":2113,"comment_status":"open","ping_status":"closed","sticky":false,"template":"","format":"standard","meta":{"_bbp_topic_count":0,"_bbp_reply_count":0,"_bbp_total_topic_count":0,"_bbp_total_reply_count":0,"_bbp_voice_count":0,"_bbp_anonymous_reply_count":0,"_bbp_topic_count_hidden":0,"_bbp_reply_count_hidden":0,"_bbp_forum_subforum_count":0,"site-sidebar-layout":"default","site-content-layout":"","ast-site-content-layout":"","site-content-style":"default","site-sidebar-style":"default","ast-global-header-display":"","ast-banner-title-visibility":"","ast-main-header-display":"","ast-hfb-above-header-display":"","ast-hfb-below-header-display":"","ast-hfb-mobile-header-display":"","site-post-title":"","ast-breadcrumbs-content":"","ast-featured-img":"","footer-sml-layout":"","theme-transparent-header-meta":"","adv-header-id-meta":"","stick-header-meta":"","header-above-stick-meta":"","header-main-stick-meta":"","header-below-stick-meta":"","astra-migrate-meta-layouts":"default","ast-page-background-enabled":"default","ast-page-background-meta":{"desktop":{"background-color":"var(--ast-global-color-4)","background-image":"","background-repeat":"repeat","background-position":"center center","background-size":"auto","background-attachment":"scroll","background-type":"","background-media":"","overlay-type":"","overlay-color":"","overlay-opacity":"","overlay-gradient":""},"tablet":{"background-color":"","background-image":"","background-repeat":"repeat","background-position":"center center","background-size":"auto","background-attachment":"scroll","background-type":"","background-media":"","overlay-type":"","overlay-color":"","overlay-opacity":"","overlay-gradient":""},"mobile":{"background-color":"","background-image":"","background-repeat":"repeat","background-position":"center center","background-size":"auto","background-attachment":"scroll","background-type":"","background-media":"","overlay-type":"","overlay-color":"","overlay-opacity":"","overlay-gradient":""}},"ast-content-background-meta":{"desktop":{"background-color":"var(--ast-global-color-5)","background-image":"","background-repeat":"repeat","background-position":"center center","background-size":"auto","background-attachment":"scroll","background-type":"","background-media":"","overlay-type":"","overlay-color":"","overlay-opacity":"","overlay-gradient":""},"tablet":{"background-color":"var(--ast-global-color-5)","background-image":"","background-repeat":"repeat","background-position":"center center","background-size":"auto","background-attachment":"scroll","background-type":"","background-media":"","overlay-type":"","overlay-color":"","overlay-opacity":"","overlay-gradient":""},"mobile":{"background-color":"var(--ast-global-color-5)","background-image":"","background-repeat":"repeat","background-position":"center center","background-size":"auto","background-attachment":"scroll","background-type":"","background-media":"","overlay-type":"","overlay-color":"","overlay-opacity":"","overlay-gradient":""}},"footnotes":""},"categories":[3,1,29],"tags":[181,194,195],"class_list":["post-2112","post","type-post","status-publish","format-standard","has-post-thumbnail","hentry","category-eso","category-general","category-portada","tag-concurs","tag-el-gust-per-la-lectura","tag-lectura"],"post_mailing_queue_ids":[],"_links":{"self":[{"href":"https:\/\/agora.xtec.cat\/insdesantacoloma\/wp-json\/wp\/v2\/posts\/2112","targetHints":{"allow":["GET"]}}],"collection":[{"href":"https:\/\/agora.xtec.cat\/insdesantacoloma\/wp-json\/wp\/v2\/posts"}],"about":[{"href":"https:\/\/agora.xtec.cat\/insdesantacoloma\/wp-json\/wp\/v2\/types\/post"}],"author":[{"embeddable":true,"href":"https:\/\/agora.xtec.cat\/insdesantacoloma\/wp-json\/wp\/v2\/users\/1"}],"replies":[{"embeddable":true,"href":"https:\/\/agora.xtec.cat\/insdesantacoloma\/wp-json\/wp\/v2\/comments?post=2112"}],"version-history":[{"count":3,"href":"https:\/\/agora.xtec.cat\/insdesantacoloma\/wp-json\/wp\/v2\/posts\/2112\/revisions"}],"predecessor-version":[{"id":2133,"href":"https:\/\/agora.xtec.cat\/insdesantacoloma\/wp-json\/wp\/v2\/posts\/2112\/revisions\/2133"}],"wp:featuredmedia":[{"embeddable":true,"href":"https:\/\/agora.xtec.cat\/insdesantacoloma\/wp-json\/wp\/v2\/media\/2113"}],"wp:attachment":[{"href":"https:\/\/agora.xtec.cat\/insdesantacoloma\/wp-json\/wp\/v2\/media?parent=2112"}],"wp:term":[{"taxonomy":"category","embeddable":true,"href":"https:\/\/agora.xtec.cat\/insdesantacoloma\/wp-json\/wp\/v2\/categories?post=2112"},{"taxonomy":"post_tag","embeddable":true,"href":"https:\/\/agora.xtec.cat\/insdesantacoloma\/wp-json\/wp\/v2\/tags?post=2112"}],"curies":[{"name":"wp","href":"https:\/\/api.w.org\/{rel}","templated":true}]}}