{"id":2050,"date":"2021-05-15T14:23:34","date_gmt":"2021-05-15T12:23:34","guid":{"rendered":"http:\/\/agora.xtec.cat\/insdesantacoloma\/?p=2050"},"modified":"2021-06-09T18:14:10","modified_gmt":"2021-06-09T16:14:10","slug":"dia-internacional-de-la-llengua-materna","status":"publish","type":"post","link":"https:\/\/agora.xtec.cat\/insdesantacoloma\/general\/dia-internacional-de-la-llengua-materna\/","title":{"rendered":"Activitats de l&#8217;aula d&#8217;acollida"},"content":{"rendered":"<p>En aquest curs 20\/21 l&#8217;aula d&#8217;acollida ha estat treballant sobre la ciutat de Santa Coloma. S&#8217;han fet diferents sortides per con\u00e8ixer serveis i centres que s\u00f3n d&#8217;inter\u00e8s pels joves de la ciutat i que l&#8217;alumnat nouvingut no coneixia.<\/p>\n<p style=\"font-family: 'Helvetica Neue', Helvetica, Helvetica, Arial, sans-serif; font-size: 16px;\">Aquest darrer trimestre, hem treballat una mica m\u00e9s enll\u00e0 endinsant-nos en la hist\u00f2ria de la nostra ciutat a partir de la descoberta de la fam\u00edlia Sagarra. Juntament amb els recursos que ofereix el Museu Torre Balldovina, hem aconseguit con\u00e8ixer m\u00e9s la nostra ciutat i saber la seva import\u00e0ncia a la hist\u00f2ria.<\/p>\n<p style=\"font-family: 'Helvetica Neue', Helvetica, Helvetica, Arial, sans-serif; font-size: 16px;\">Aquest \u00e9s un fotoreportatge fet per ells! Esperem que us agradi!<\/p>\n<div style=\"width: 1920px;\" class=\"wp-video\"><!--[if lt IE 9]><script>document.createElement('video');<\/script><![endif]-->\n<video class=\"wp-video-shortcode\" id=\"video-2050-1\" width=\"1920\" height=\"1080\" preload=\"metadata\" controls=\"controls\"><source type=\"video\/mp4\" src=\"https:\/\/agora.xtec.cat\/insdesantacoloma\/wp-content\/uploads\/usu1849\/2021\/03\/La-salida-de-santa-coloma.mp4?_=1\" \/><a href=\"https:\/\/agora.xtec.cat\/insdesantacoloma\/wp-content\/uploads\/usu1849\/2021\/03\/La-salida-de-santa-coloma.mp4\">https:\/\/agora.xtec.cat\/insdesantacoloma\/wp-content\/uploads\/usu1849\/2021\/03\/La-salida-de-santa-coloma.mp4<\/a><\/video><\/div>\n<p>&nbsp;<\/p>\n<p><strong>Dia Internacional de la Llengua Materna (21 de febrer)<\/strong><\/p>\n<p style=\"text-align: justify;\">Durant el mes de febrer l&#8217;alumnat va treballar aquesta diada que es commemora el 21 de febrer de cada any. Des de l&#8217;aula d&#8217;acollida i amb la col\u00b7laboraci\u00f3 dels\/les delegats\/des de solidaritat i juntament amb el professorat es va proposar aquesta activitat de reflexi\u00f3. Un treball excel\u00b7lent per promoure l&#8217;\u00fas de les lleng\u00fces i treballar amb respecte i toler\u00e0ncia amb el nostre entorn i patrimoni cultural.<\/p>\n<p style=\"text-align: justify;\">Us deixem el <a href=\"https:\/\/drive.google.com\/file\/d\/1W-NOPhcRrt1OuwX77KEAAfVQY8uDj7Uf\/view\">v\u00eddeo<\/a> que ha fet l&#8217;alumnat de l&#8217;Aula d&#8217;Acollida per aquesta jornada. Molt bona feina!<\/p>\n<p><iframe loading=\"lazy\" src=\"\/\/www.youtube.com\/embed\/6p7q86ob_0A\" width=\"560\" height=\"315\" frameborder=\"0\"><\/iframe><\/p>\n","protected":false},"excerpt":{"rendered":"<p>En aquest curs 20\/21 l&#8217;aula d&#8217;acollida ha estat treballant sobre la ciutat de Santa Coloma. S&#8217;han fet diferents sortides per [&hellip;]<\/p>\n","protected":false},"author":1,"featured_media":2160,"comment_status":"open","ping_status":"closed","sticky":false,"template":"","format":"standard","meta":{"_bbp_topic_count":0,"_bbp_reply_count":0,"_bbp_total_topic_count":0,"_bbp_total_reply_count":0,"_bbp_voice_count":0,"_bbp_anonymous_reply_count":0,"_bbp_topic_count_hidden":0,"_bbp_reply_count_hidden":0,"_bbp_forum_subforum_count":0,"site-sidebar-layout":"default","site-content-layout":"","ast-site-content-layout":"","site-content-style":"default","site-sidebar-style":"default","ast-global-header-display":"","ast-banner-title-visibility":"","ast-main-header-display":"","ast-hfb-above-header-display":"","ast-hfb-below-header-display":"","ast-hfb-mobile-header-display":"","site-post-title":"","ast-breadcrumbs-content":"","ast-featured-img":"","footer-sml-layout":"","theme-transparent-header-meta":"","adv-header-id-meta":"","stick-header-meta":"","header-above-stick-meta":"","header-main-stick-meta":"","header-below-stick-meta":"","astra-migrate-meta-layouts":"default","ast-page-background-enabled":"default","ast-page-background-meta":{"desktop":{"background-color":"var(--ast-global-color-4)","background-image":"","background-repeat":"repeat","background-position":"center center","background-size":"auto","background-attachment":"scroll","background-type":"","background-media":"","overlay-type":"","overlay-color":"","overlay-opacity":"","overlay-gradient":""},"tablet":{"background-color":"","background-image":"","background-repeat":"repeat","background-position":"center center","background-size":"auto","background-attachment":"scroll","background-type":"","background-media":"","overlay-type":"","overlay-color":"","overlay-opacity":"","overlay-gradient":""},"mobile":{"background-color":"","background-image":"","background-repeat":"repeat","background-position":"center center","background-size":"auto","background-attachment":"scroll","background-type":"","background-media":"","overlay-type":"","overlay-color":"","overlay-opacity":"","overlay-gradient":""}},"ast-content-background-meta":{"desktop":{"background-color":"var(--ast-global-color-5)","background-image":"","background-repeat":"repeat","background-position":"center center","background-size":"auto","background-attachment":"scroll","background-type":"","background-media":"","overlay-type":"","overlay-color":"","overlay-opacity":"","overlay-gradient":""},"tablet":{"background-color":"var(--ast-global-color-5)","background-image":"","background-repeat":"repeat","background-position":"center center","background-size":"auto","background-attachment":"scroll","background-type":"","background-media":"","overlay-type":"","overlay-color":"","overlay-opacity":"","overlay-gradient":""},"mobile":{"background-color":"var(--ast-global-color-5)","background-image":"","background-repeat":"repeat","background-position":"center center","background-size":"auto","background-attachment":"scroll","background-type":"","background-media":"","overlay-type":"","overlay-color":"","overlay-opacity":"","overlay-gradient":""}},"footnotes":""},"categories":[1,29],"tags":[191,190],"class_list":["post-2050","post","type-post","status-publish","format-standard","has-post-thumbnail","hentry","category-general","category-portada","tag-21-de-febrer","tag-llengua-materna"],"post_mailing_queue_ids":[],"_links":{"self":[{"href":"https:\/\/agora.xtec.cat\/insdesantacoloma\/wp-json\/wp\/v2\/posts\/2050","targetHints":{"allow":["GET"]}}],"collection":[{"href":"https:\/\/agora.xtec.cat\/insdesantacoloma\/wp-json\/wp\/v2\/posts"}],"about":[{"href":"https:\/\/agora.xtec.cat\/insdesantacoloma\/wp-json\/wp\/v2\/types\/post"}],"author":[{"embeddable":true,"href":"https:\/\/agora.xtec.cat\/insdesantacoloma\/wp-json\/wp\/v2\/users\/1"}],"replies":[{"embeddable":true,"href":"https:\/\/agora.xtec.cat\/insdesantacoloma\/wp-json\/wp\/v2\/comments?post=2050"}],"version-history":[{"count":3,"href":"https:\/\/agora.xtec.cat\/insdesantacoloma\/wp-json\/wp\/v2\/posts\/2050\/revisions"}],"predecessor-version":[{"id":2163,"href":"https:\/\/agora.xtec.cat\/insdesantacoloma\/wp-json\/wp\/v2\/posts\/2050\/revisions\/2163"}],"wp:featuredmedia":[{"embeddable":true,"href":"https:\/\/agora.xtec.cat\/insdesantacoloma\/wp-json\/wp\/v2\/media\/2160"}],"wp:attachment":[{"href":"https:\/\/agora.xtec.cat\/insdesantacoloma\/wp-json\/wp\/v2\/media?parent=2050"}],"wp:term":[{"taxonomy":"category","embeddable":true,"href":"https:\/\/agora.xtec.cat\/insdesantacoloma\/wp-json\/wp\/v2\/categories?post=2050"},{"taxonomy":"post_tag","embeddable":true,"href":"https:\/\/agora.xtec.cat\/insdesantacoloma\/wp-json\/wp\/v2\/tags?post=2050"}],"curies":[{"name":"wp","href":"https:\/\/api.w.org\/{rel}","templated":true}]}}