{"id":2005,"date":"2020-11-22T18:33:53","date_gmt":"2020-11-22T17:33:53","guid":{"rendered":"http:\/\/agora.xtec.cat\/insdesantacoloma\/?p=2005"},"modified":"2020-11-22T18:34:50","modified_gmt":"2020-11-22T17:34:50","slug":"dia-de-la-ciencia","status":"publish","type":"post","link":"https:\/\/agora.xtec.cat\/insdesantacoloma\/general\/dia-de-la-ciencia\/","title":{"rendered":"DIA DE LA CI\u00c8NCIA"},"content":{"rendered":"<p>Benvolgudes fam\u00edlies,<\/p>\n<p>Volem compartir amb totes vosaltres la fant\u00e0stica i espectacular jornada de la ci\u00e8ncia que el passat dia 18 de novembre van tenir el plaer de gaudir tots i totes les nostres alumnes de l&#8217;Institut 9. Una jornada preparada amb tota l&#8217;estima, primerament pel departament de ci\u00e8ncies i, seguidament, per la col\u00b7laboraci\u00f3 de tot el professorat en la realitzaci\u00f3 i el desenvolupament del mateix.<\/p>\n<p>La cara de felicitat i alegria que mostren els i les alumnes, tant en les fotografies com en els v\u00eddeos gravats, reflecteix molt fidelment l&#8217;experi\u00e8ncia i l&#8217;aprenentatge d&#8217;aquests\/es. \u00bfQui va dir que no es podia aprendre continguts a trav\u00e9s del joc, la investigaci\u00f3 i la resoluci\u00f3 de problemes plantejats? Doncs a l&#8217;Institut 9 ho hem fet, i amb nota!<\/p>\n<p>Us deixem l&#8217;enlla\u00e7 directa a la carpeta de fotos i v\u00eddeos per tal que pugueu gaudir d&#8217;aquest dia.<\/p>\n<p style=\"text-align: center;\"><span style=\"color: #0000ff;\">Clica sobre la imatge<\/span><\/p>\n<p><a href=\"https:\/\/drive.google.com\/drive\/folders\/1-JPrbnA9HHYWqycDUN40DxuJ7Qa-o5u4?usp=sharing\" target=\"_blanc\" rel=\"noopener noreferrer\"><img loading=\"lazy\" decoding=\"async\" class=\"aligncenter wp-image-2006 size-full\" src=\"https:\/\/agora.xtec.cat\/insdesantacoloma\/wp-content\/uploads\/usu1849\/2020\/11\/Jornada-de-la-ci\u00e8ncia.png\" alt=\"\" width=\"578\" height=\"395\" srcset=\"https:\/\/agora.xtec.cat\/insdesantacoloma\/wp-content\/uploads\/usu1849\/2020\/11\/Jornada-de-la-ci\u00e8ncia.png 578w, https:\/\/agora.xtec.cat\/insdesantacoloma\/wp-content\/uploads\/usu1849\/2020\/11\/Jornada-de-la-ci\u00e8ncia-300x205.png 300w\" sizes=\"auto, (max-width: 578px) 100vw, 578px\" \/><\/a><\/p>\n","protected":false},"excerpt":{"rendered":"<p>Benvolgudes fam\u00edlies, Volem compartir amb totes vosaltres la fant\u00e0stica i espectacular jornada de la ci\u00e8ncia que el passat dia 18 [&hellip;]<\/p>\n","protected":false},"author":1,"featured_media":0,"comment_status":"open","ping_status":"closed","sticky":false,"template":"","format":"standard","meta":{"_bbp_topic_count":0,"_bbp_reply_count":0,"_bbp_total_topic_count":0,"_bbp_total_reply_count":0,"_bbp_voice_count":0,"_bbp_anonymous_reply_count":0,"_bbp_topic_count_hidden":0,"_bbp_reply_count_hidden":0,"_bbp_forum_subforum_count":0,"site-sidebar-layout":"default","site-content-layout":"","ast-site-content-layout":"","site-content-style":"default","site-sidebar-style":"default","ast-global-header-display":"","ast-banner-title-visibility":"","ast-main-header-display":"","ast-hfb-above-header-display":"","ast-hfb-below-header-display":"","ast-hfb-mobile-header-display":"","site-post-title":"","ast-breadcrumbs-content":"","ast-featured-img":"","footer-sml-layout":"","theme-transparent-header-meta":"","adv-header-id-meta":"","stick-header-meta":"","header-above-stick-meta":"","header-main-stick-meta":"","header-below-stick-meta":"","astra-migrate-meta-layouts":"default","ast-page-background-enabled":"default","ast-page-background-meta":{"desktop":{"background-color":"var(--ast-global-color-4)","background-image":"","background-repeat":"repeat","background-position":"center center","background-size":"auto","background-attachment":"scroll","background-type":"","background-media":"","overlay-type":"","overlay-color":"","overlay-opacity":"","overlay-gradient":""},"tablet":{"background-color":"","background-image":"","background-repeat":"repeat","background-position":"center center","background-size":"auto","background-attachment":"scroll","background-type":"","background-media":"","overlay-type":"","overlay-color":"","overlay-opacity":"","overlay-gradient":""},"mobile":{"background-color":"","background-image":"","background-repeat":"repeat","background-position":"center center","background-size":"auto","background-attachment":"scroll","background-type":"","background-media":"","overlay-type":"","overlay-color":"","overlay-opacity":"","overlay-gradient":""}},"ast-content-background-meta":{"desktop":{"background-color":"var(--ast-global-color-5)","background-image":"","background-repeat":"repeat","background-position":"center center","background-size":"auto","background-attachment":"scroll","background-type":"","background-media":"","overlay-type":"","overlay-color":"","overlay-opacity":"","overlay-gradient":""},"tablet":{"background-color":"var(--ast-global-color-5)","background-image":"","background-repeat":"repeat","background-position":"center center","background-size":"auto","background-attachment":"scroll","background-type":"","background-media":"","overlay-type":"","overlay-color":"","overlay-opacity":"","overlay-gradient":""},"mobile":{"background-color":"var(--ast-global-color-5)","background-image":"","background-repeat":"repeat","background-position":"center center","background-size":"auto","background-attachment":"scroll","background-type":"","background-media":"","overlay-type":"","overlay-color":"","overlay-opacity":"","overlay-gradient":""}},"footnotes":""},"categories":[31,1,29],"tags":[],"class_list":["post-2005","post","type-post","status-publish","format-standard","hentry","category-ampa","category-general","category-portada"],"post_mailing_queue_ids":[],"_links":{"self":[{"href":"https:\/\/agora.xtec.cat\/insdesantacoloma\/wp-json\/wp\/v2\/posts\/2005","targetHints":{"allow":["GET"]}}],"collection":[{"href":"https:\/\/agora.xtec.cat\/insdesantacoloma\/wp-json\/wp\/v2\/posts"}],"about":[{"href":"https:\/\/agora.xtec.cat\/insdesantacoloma\/wp-json\/wp\/v2\/types\/post"}],"author":[{"embeddable":true,"href":"https:\/\/agora.xtec.cat\/insdesantacoloma\/wp-json\/wp\/v2\/users\/1"}],"replies":[{"embeddable":true,"href":"https:\/\/agora.xtec.cat\/insdesantacoloma\/wp-json\/wp\/v2\/comments?post=2005"}],"version-history":[{"count":3,"href":"https:\/\/agora.xtec.cat\/insdesantacoloma\/wp-json\/wp\/v2\/posts\/2005\/revisions"}],"predecessor-version":[{"id":2009,"href":"https:\/\/agora.xtec.cat\/insdesantacoloma\/wp-json\/wp\/v2\/posts\/2005\/revisions\/2009"}],"wp:attachment":[{"href":"https:\/\/agora.xtec.cat\/insdesantacoloma\/wp-json\/wp\/v2\/media?parent=2005"}],"wp:term":[{"taxonomy":"category","embeddable":true,"href":"https:\/\/agora.xtec.cat\/insdesantacoloma\/wp-json\/wp\/v2\/categories?post=2005"},{"taxonomy":"post_tag","embeddable":true,"href":"https:\/\/agora.xtec.cat\/insdesantacoloma\/wp-json\/wp\/v2\/tags?post=2005"}],"curies":[{"name":"wp","href":"https:\/\/api.w.org\/{rel}","templated":true}]}}