{"id":1963,"date":"2020-09-21T22:54:39","date_gmt":"2020-09-21T20:54:39","guid":{"rendered":"http:\/\/agora.xtec.cat\/insdesantacoloma\/?p=1963"},"modified":"2020-09-21T23:26:33","modified_gmt":"2020-09-21T21:26:33","slug":"llibre-literari-de-nou-a-casa","status":"publish","type":"post","link":"https:\/\/agora.xtec.cat\/insdesantacoloma\/general\/llibre-literari-de-nou-a-casa\/","title":{"rendered":"Llibre literari DE NOU A CASA!"},"content":{"rendered":"<p>Estimades fam\u00edlies,<\/p>\n<p>Us volem fer arribar el llibre digital del recull de tots els relats literaris que han creat els i les nostres alumnes de l&#8217;Institut 9. En temps de confinament, tots ells i elles, van crear unes fant\u00e0stiques hist\u00f2ries en catal\u00e0, castell\u00e0 i angl\u00e8s que son producte d&#8217;una imaginaci\u00f3 brillant i prometedora. Aix\u00ed doncs, ens plau deixar-vos l&#8217;edici\u00f3 virtual perqu\u00e8 us la podeu descarregar i, aix\u00ed, obtenir una edici\u00f3 \u00fanica del nostre alumnat.<\/p>\n<p style=\"text-align: center;\"><em><span style=\"color: #0000ff;\">Cliqueu sobre la imatge i a gaudir!!!<\/span><\/em><\/p>\n<p style=\"text-align: center;\"><a href=\"https:\/\/drive.google.com\/file\/d\/1t7zhLvnTDt6TFNX3YWACB9AFXlxXX_3S\/view?usp=sharing\" target=\"_blank\" rel=\"noopener noreferrer\"><img loading=\"lazy\" decoding=\"async\" class=\"alignnone wp-image-1965\" src=\"https:\/\/agora.xtec.cat\/insdesantacoloma\/wp-content\/uploads\/usu1849\/2020\/09\/Concurs-liter\u00e0ri-DE-NOU-A-CASA-portada.jpg\" alt=\"\" width=\"261\" height=\"327\" srcset=\"https:\/\/agora.xtec.cat\/insdesantacoloma\/wp-content\/uploads\/usu1849\/2020\/09\/Concurs-liter\u00e0ri-DE-NOU-A-CASA-portada.jpg 696w, https:\/\/agora.xtec.cat\/insdesantacoloma\/wp-content\/uploads\/usu1849\/2020\/09\/Concurs-liter\u00e0ri-DE-NOU-A-CASA-portada-239x300.jpg 239w\" sizes=\"auto, (max-width: 261px) 100vw, 261px\" \/><\/a><\/p>\n<p>&nbsp;<\/p>\n<p>Volem agrair, efusivament, la feina de maquetaci\u00f3 del llibre a Manel L\u00f3pez, el pare de l&#8217;alumne Amat L\u00f3pez de 2n ESO.\u00a0 Gr\u00e0cies pel teu esfor\u00e7 i dedicaci\u00f3 altruista. Aix\u00ed\u00a0 com, tamb\u00e9, a totes les persones implicades en el projecte, des de l&#8217;AFA fins als pares i mares que s&#8217;hi han implicat des del primer moment.<\/p>\n<p>Mil gr\u00e0cies sempre.<\/p>\n","protected":false},"excerpt":{"rendered":"<p>Estimades fam\u00edlies, Us volem fer arribar el llibre digital del recull de tots els relats literaris que han creat els [&hellip;]<\/p>\n","protected":false},"author":1,"featured_media":0,"comment_status":"open","ping_status":"closed","sticky":false,"template":"","format":"standard","meta":{"_bbp_topic_count":0,"_bbp_reply_count":0,"_bbp_total_topic_count":0,"_bbp_total_reply_count":0,"_bbp_voice_count":0,"_bbp_anonymous_reply_count":0,"_bbp_topic_count_hidden":0,"_bbp_reply_count_hidden":0,"_bbp_forum_subforum_count":0,"site-sidebar-layout":"default","site-content-layout":"","ast-site-content-layout":"","site-content-style":"default","site-sidebar-style":"default","ast-global-header-display":"","ast-banner-title-visibility":"","ast-main-header-display":"","ast-hfb-above-header-display":"","ast-hfb-below-header-display":"","ast-hfb-mobile-header-display":"","site-post-title":"","ast-breadcrumbs-content":"","ast-featured-img":"","footer-sml-layout":"","theme-transparent-header-meta":"","adv-header-id-meta":"","stick-header-meta":"","header-above-stick-meta":"","header-main-stick-meta":"","header-below-stick-meta":"","astra-migrate-meta-layouts":"default","ast-page-background-enabled":"default","ast-page-background-meta":{"desktop":{"background-color":"var(--ast-global-color-4)","background-image":"","background-repeat":"repeat","background-position":"center center","background-size":"auto","background-attachment":"scroll","background-type":"","background-media":"","overlay-type":"","overlay-color":"","overlay-opacity":"","overlay-gradient":""},"tablet":{"background-color":"","background-image":"","background-repeat":"repeat","background-position":"center center","background-size":"auto","background-attachment":"scroll","background-type":"","background-media":"","overlay-type":"","overlay-color":"","overlay-opacity":"","overlay-gradient":""},"mobile":{"background-color":"","background-image":"","background-repeat":"repeat","background-position":"center center","background-size":"auto","background-attachment":"scroll","background-type":"","background-media":"","overlay-type":"","overlay-color":"","overlay-opacity":"","overlay-gradient":""}},"ast-content-background-meta":{"desktop":{"background-color":"var(--ast-global-color-5)","background-image":"","background-repeat":"repeat","background-position":"center center","background-size":"auto","background-attachment":"scroll","background-type":"","background-media":"","overlay-type":"","overlay-color":"","overlay-opacity":"","overlay-gradient":""},"tablet":{"background-color":"var(--ast-global-color-5)","background-image":"","background-repeat":"repeat","background-position":"center center","background-size":"auto","background-attachment":"scroll","background-type":"","background-media":"","overlay-type":"","overlay-color":"","overlay-opacity":"","overlay-gradient":""},"mobile":{"background-color":"var(--ast-global-color-5)","background-image":"","background-repeat":"repeat","background-position":"center center","background-size":"auto","background-attachment":"scroll","background-type":"","background-media":"","overlay-type":"","overlay-color":"","overlay-opacity":"","overlay-gradient":""}},"footnotes":""},"categories":[31,1,29],"tags":[],"class_list":["post-1963","post","type-post","status-publish","format-standard","hentry","category-ampa","category-general","category-portada"],"post_mailing_queue_ids":[],"_links":{"self":[{"href":"https:\/\/agora.xtec.cat\/insdesantacoloma\/wp-json\/wp\/v2\/posts\/1963","targetHints":{"allow":["GET"]}}],"collection":[{"href":"https:\/\/agora.xtec.cat\/insdesantacoloma\/wp-json\/wp\/v2\/posts"}],"about":[{"href":"https:\/\/agora.xtec.cat\/insdesantacoloma\/wp-json\/wp\/v2\/types\/post"}],"author":[{"embeddable":true,"href":"https:\/\/agora.xtec.cat\/insdesantacoloma\/wp-json\/wp\/v2\/users\/1"}],"replies":[{"embeddable":true,"href":"https:\/\/agora.xtec.cat\/insdesantacoloma\/wp-json\/wp\/v2\/comments?post=1963"}],"version-history":[{"count":3,"href":"https:\/\/agora.xtec.cat\/insdesantacoloma\/wp-json\/wp\/v2\/posts\/1963\/revisions"}],"predecessor-version":[{"id":1970,"href":"https:\/\/agora.xtec.cat\/insdesantacoloma\/wp-json\/wp\/v2\/posts\/1963\/revisions\/1970"}],"wp:attachment":[{"href":"https:\/\/agora.xtec.cat\/insdesantacoloma\/wp-json\/wp\/v2\/media?parent=1963"}],"wp:term":[{"taxonomy":"category","embeddable":true,"href":"https:\/\/agora.xtec.cat\/insdesantacoloma\/wp-json\/wp\/v2\/categories?post=1963"},{"taxonomy":"post_tag","embeddable":true,"href":"https:\/\/agora.xtec.cat\/insdesantacoloma\/wp-json\/wp\/v2\/tags?post=1963"}],"curies":[{"name":"wp","href":"https:\/\/api.w.org\/{rel}","templated":true}]}}