{"id":1843,"date":"2020-09-09T23:13:28","date_gmt":"2020-09-09T21:13:28","guid":{"rendered":"http:\/\/agora.xtec.cat\/insdesantacoloma\/?p=1843"},"modified":"2020-09-17T02:48:54","modified_gmt":"2020-09-17T00:48:54","slug":"super-important-que-heu-de-saber","status":"publish","type":"post","link":"https:\/\/agora.xtec.cat\/insdesantacoloma\/general\/super-important-que-heu-de-saber\/","title":{"rendered":"SUPER IMPORTANT! QU\u00c8 HEU DE SABER?"},"content":{"rendered":"<p>Estimades fam\u00edlies,<\/p>\n<p>Volem compartir amb tots vosaltres dues not\u00edcies que s\u00f3n de gran import\u00e0ncia. La primera fa refer\u00e8ncia a l&#8217;horari d&#8217;entrada a l&#8217;Institut 9 dels vostres fills i filles el primer dia lectiu d&#8217;aquest curs 2020-21, i la segona, a la convocat\u00f2ria de la l&#8217;Assamblea de AFA del nostre institut.<\/p>\n<p>Aix\u00ed doncs, perqu\u00e8 no hi hagi cap mena de dubte, l&#8217;horari d&#8217;entrada dels vostres fills i filles el proper dia 14 de setembre de 2020 ser\u00e0 el seg\u00fcent:<\/p>\n<ul>\n<li style=\"text-align: left;\">\n<h5>L&#8217;alumnat de <strong>1r d&#8217;ESO<\/strong> entraran, per la porta principal, <strong>a les 9:00h i sortiran a les 11:00h.<\/strong><\/h5>\n<\/li>\n<li style=\"text-align: left;\">\n<h5>L&#8217;alumnat de <strong>2n d&#8217;ESO<\/strong> entraran, per la porta principal, <strong>a les 11:15h. i sortiran a les 12:15h.<\/strong><\/h5>\n<\/li>\n<li style=\"text-align: left;\">\n<h5>L&#8217;alumnat de <strong>3r d&#8217;ESO<\/strong> entraran, per la porta principal, <strong>a les 12:30h. i sortiran a les 13:30h.<\/strong><\/h5>\n<\/li>\n<\/ul>\n<p>Aquestes indicacions s\u00f3n, nom\u00e9s, pel primer dia lectiu. A partir del seg\u00fcent dia, tot l&#8217;alumnat s&#8217;assabentar\u00e0 de l&#8217;horari que li pertoca mitjan\u00e7ant les activitats que es duran a terme la primera setmana de curs.<\/p>\n<p>En segon lloc, us deixem l&#8217;enlla\u00e7 de la CONVOCAT\u00d2RIA DE L&#8217;ASSAMBLEA DE L&#8217;AFA del nostre institut.<\/p>\n<h4 style=\"text-align: center;\"><a href=\"https:\/\/drive.google.com\/file\/d\/1RtSvNKBL4sb0hHgdZ6D2o4W_MaMDq2RN\/view?usp=sharing\" target=\"_blank\" rel=\"noopener noreferrer\">CONVOCAT\u00d2RIA DE L&#8217;ASSAMBLEA DE L&#8217;AFA<\/a><\/h4>\n<p>Us convidem a que li doneu un cop d&#8217;ull i podeu participar de l&#8217;Assamblea, ja que creiem que \u00e9s important que totes les institucions que formen part de la nostra comunitat educativa s\u00f3n importants. Dins aquest document de convocat\u00f2ria hi trobareu l&#8217;enlla\u00e7 que us porta directament a la reuni\u00f3 telem\u00e0tica de la mateix i que es realitzar\u00e0 el proper dia <strong>15 de setembre a les 19:00h<\/strong> de la tarda.<\/p>\n<p>Esperem que comenceu el curs amb moltes ganes i il\u00b7lusi\u00f3 igual que estem fent tot l&#8217;equip de l&#8217;Institut 9 preparant i habilitant tots els espais per a la comoditat i seguretat dels vostres fills i filles.<\/p>\n","protected":false},"excerpt":{"rendered":"<p>Estimades fam\u00edlies, Volem compartir amb tots vosaltres dues not\u00edcies que s\u00f3n de gran import\u00e0ncia. La primera fa refer\u00e8ncia a l&#8217;horari [&hellip;]<\/p>\n","protected":false},"author":1,"featured_media":0,"comment_status":"open","ping_status":"closed","sticky":false,"template":"","format":"standard","meta":{"_bbp_topic_count":0,"_bbp_reply_count":0,"_bbp_total_topic_count":0,"_bbp_total_reply_count":0,"_bbp_voice_count":0,"_bbp_anonymous_reply_count":0,"_bbp_topic_count_hidden":0,"_bbp_reply_count_hidden":0,"_bbp_forum_subforum_count":0,"site-sidebar-layout":"default","site-content-layout":"","ast-site-content-layout":"","site-content-style":"default","site-sidebar-style":"default","ast-global-header-display":"","ast-banner-title-visibility":"","ast-main-header-display":"","ast-hfb-above-header-display":"","ast-hfb-below-header-display":"","ast-hfb-mobile-header-display":"","site-post-title":"","ast-breadcrumbs-content":"","ast-featured-img":"","footer-sml-layout":"","theme-transparent-header-meta":"","adv-header-id-meta":"","stick-header-meta":"","header-above-stick-meta":"","header-main-stick-meta":"","header-below-stick-meta":"","astra-migrate-meta-layouts":"default","ast-page-background-enabled":"default","ast-page-background-meta":{"desktop":{"background-color":"var(--ast-global-color-4)","background-image":"","background-repeat":"repeat","background-position":"center center","background-size":"auto","background-attachment":"scroll","background-type":"","background-media":"","overlay-type":"","overlay-color":"","overlay-opacity":"","overlay-gradient":""},"tablet":{"background-color":"","background-image":"","background-repeat":"repeat","background-position":"center center","background-size":"auto","background-attachment":"scroll","background-type":"","background-media":"","overlay-type":"","overlay-color":"","overlay-opacity":"","overlay-gradient":""},"mobile":{"background-color":"","background-image":"","background-repeat":"repeat","background-position":"center center","background-size":"auto","background-attachment":"scroll","background-type":"","background-media":"","overlay-type":"","overlay-color":"","overlay-opacity":"","overlay-gradient":""}},"ast-content-background-meta":{"desktop":{"background-color":"var(--ast-global-color-5)","background-image":"","background-repeat":"repeat","background-position":"center center","background-size":"auto","background-attachment":"scroll","background-type":"","background-media":"","overlay-type":"","overlay-color":"","overlay-opacity":"","overlay-gradient":""},"tablet":{"background-color":"var(--ast-global-color-5)","background-image":"","background-repeat":"repeat","background-position":"center center","background-size":"auto","background-attachment":"scroll","background-type":"","background-media":"","overlay-type":"","overlay-color":"","overlay-opacity":"","overlay-gradient":""},"mobile":{"background-color":"var(--ast-global-color-5)","background-image":"","background-repeat":"repeat","background-position":"center center","background-size":"auto","background-attachment":"scroll","background-type":"","background-media":"","overlay-type":"","overlay-color":"","overlay-opacity":"","overlay-gradient":""}},"footnotes":""},"categories":[31,1,29],"tags":[],"class_list":["post-1843","post","type-post","status-publish","format-standard","hentry","category-ampa","category-general","category-portada"],"post_mailing_queue_ids":[],"_links":{"self":[{"href":"https:\/\/agora.xtec.cat\/insdesantacoloma\/wp-json\/wp\/v2\/posts\/1843","targetHints":{"allow":["GET"]}}],"collection":[{"href":"https:\/\/agora.xtec.cat\/insdesantacoloma\/wp-json\/wp\/v2\/posts"}],"about":[{"href":"https:\/\/agora.xtec.cat\/insdesantacoloma\/wp-json\/wp\/v2\/types\/post"}],"author":[{"embeddable":true,"href":"https:\/\/agora.xtec.cat\/insdesantacoloma\/wp-json\/wp\/v2\/users\/1"}],"replies":[{"embeddable":true,"href":"https:\/\/agora.xtec.cat\/insdesantacoloma\/wp-json\/wp\/v2\/comments?post=1843"}],"version-history":[{"count":3,"href":"https:\/\/agora.xtec.cat\/insdesantacoloma\/wp-json\/wp\/v2\/posts\/1843\/revisions"}],"predecessor-version":[{"id":1861,"href":"https:\/\/agora.xtec.cat\/insdesantacoloma\/wp-json\/wp\/v2\/posts\/1843\/revisions\/1861"}],"wp:attachment":[{"href":"https:\/\/agora.xtec.cat\/insdesantacoloma\/wp-json\/wp\/v2\/media?parent=1843"}],"wp:term":[{"taxonomy":"category","embeddable":true,"href":"https:\/\/agora.xtec.cat\/insdesantacoloma\/wp-json\/wp\/v2\/categories?post=1843"},{"taxonomy":"post_tag","embeddable":true,"href":"https:\/\/agora.xtec.cat\/insdesantacoloma\/wp-json\/wp\/v2\/tags?post=1843"}],"curies":[{"name":"wp","href":"https:\/\/api.w.org\/{rel}","templated":true}]}}