{"id":1838,"date":"2020-09-08T22:26:49","date_gmt":"2020-09-08T20:26:49","guid":{"rendered":"http:\/\/agora.xtec.cat\/insdesantacoloma\/?p=1838"},"modified":"2020-09-12T21:40:49","modified_gmt":"2020-09-12T19:40:49","slug":"pla-organitzatiu-del-nostre-institut","status":"publish","type":"post","link":"https:\/\/agora.xtec.cat\/insdesantacoloma\/general\/pla-organitzatiu-del-nostre-institut\/","title":{"rendered":"PLA ORGANITZATIU DEL NOSTRE INSTITUT!"},"content":{"rendered":"<p>Estimades fam\u00edlies,<\/p>\n<p>Des de l&#8217;Institut 9 no volem que us quedi cap mena de dubte referent al funcionament del nostre PLA ORGANITZATIU DE CENTRE d&#8217;aquest any, segons la normativa COVID-19. \u00c9s per aix\u00f2, que us el volem exposar mitjan\u00e7ant el seg\u00fcent enlla\u00e7:<\/p>\n<ol>\n<li><a href=\"https:\/\/drive.google.com\/file\/d\/1qoYy2-Lr2hqN67FkJ9gi7QuvKA-ffYDm\/view?usp=sharing\">PLA ORGANITZATIU INSTITUT 9 Curs 2020-21<\/a><\/li>\n<\/ol>\n<p>Amb aquest, volem transmetre un missatge de serenitat i coher\u00e8ncia vers totes les indicacions canviants que es van succeint des del Departament de Salut i Educaci\u00f3 de la Generalitat de Catalunya. L&#8217;Institut 9 far\u00e0 tot el que estigui al seu abast per tal de dur a terme el millor desenvolupament acad\u00e8mic possible pels vostres fills i filles.<\/p>\n<p>A m\u00e9s a m\u00e9s, tamb\u00e9 us volem facilitat l&#8217;enlla\u00e7 al document de la &#8220;Declaraci\u00f3 responsable per a les fam\u00edlies d\u2019alumnes d\u2019educaci\u00f3 secund\u00e0ria obligat\u00f2ria, batxillerat i cicles formatius (per a alumnes menors de 18 anys)&#8221; que es vol enfocar, amb els seus diferents indicadors\/preguntes, en la detecci\u00f3 de la simptomatologia COVID-19 per una posterior prevenci\u00f3 vers el contagi.<\/p>\n<p><a href=\"https:\/\/documents.espai.educacio.gencat.cat\/FormularisModels\/CentresGestioAdministrativa\/A818.pdf\">2. DECLARACI\u00d3 RESPONSABLE.<\/a><\/p>\n<p>Sabem que \u00e9s una \u00e8poca molt diferent i at\u00edpica a la que estem acostumats a viure, per\u00f2 tamb\u00e9 sabem que aix\u00f2 passar\u00e0, i esperem que molt aviat. Aix\u00ed doncs, mentrestant, us llancem un missatge de positivitat i molta for\u00e7a per iniciar el curs nou amb molta il\u00b7lusi\u00f3 i motivaci\u00f3.<\/p>\n<h3 style=\"text-align: center;\"><span style=\"color: #3366ff;\"><strong><em>Fins molt aviat!<\/em><\/strong><\/span><\/h3>\n<p>&nbsp;<\/p>\n","protected":false},"excerpt":{"rendered":"<p>Estimades fam\u00edlies, Des de l&#8217;Institut 9 no volem que us quedi cap mena de dubte referent al funcionament del nostre [&hellip;]<\/p>\n","protected":false},"author":1,"featured_media":0,"comment_status":"open","ping_status":"closed","sticky":false,"template":"","format":"standard","meta":{"_bbp_topic_count":0,"_bbp_reply_count":0,"_bbp_total_topic_count":0,"_bbp_total_reply_count":0,"_bbp_voice_count":0,"_bbp_anonymous_reply_count":0,"_bbp_topic_count_hidden":0,"_bbp_reply_count_hidden":0,"_bbp_forum_subforum_count":0,"site-sidebar-layout":"default","site-content-layout":"","ast-site-content-layout":"","site-content-style":"default","site-sidebar-style":"default","ast-global-header-display":"","ast-banner-title-visibility":"","ast-main-header-display":"","ast-hfb-above-header-display":"","ast-hfb-below-header-display":"","ast-hfb-mobile-header-display":"","site-post-title":"","ast-breadcrumbs-content":"","ast-featured-img":"","footer-sml-layout":"","theme-transparent-header-meta":"","adv-header-id-meta":"","stick-header-meta":"","header-above-stick-meta":"","header-main-stick-meta":"","header-below-stick-meta":"","astra-migrate-meta-layouts":"default","ast-page-background-enabled":"default","ast-page-background-meta":{"desktop":{"background-color":"var(--ast-global-color-4)","background-image":"","background-repeat":"repeat","background-position":"center center","background-size":"auto","background-attachment":"scroll","background-type":"","background-media":"","overlay-type":"","overlay-color":"","overlay-opacity":"","overlay-gradient":""},"tablet":{"background-color":"","background-image":"","background-repeat":"repeat","background-position":"center center","background-size":"auto","background-attachment":"scroll","background-type":"","background-media":"","overlay-type":"","overlay-color":"","overlay-opacity":"","overlay-gradient":""},"mobile":{"background-color":"","background-image":"","background-repeat":"repeat","background-position":"center center","background-size":"auto","background-attachment":"scroll","background-type":"","background-media":"","overlay-type":"","overlay-color":"","overlay-opacity":"","overlay-gradient":""}},"ast-content-background-meta":{"desktop":{"background-color":"var(--ast-global-color-5)","background-image":"","background-repeat":"repeat","background-position":"center center","background-size":"auto","background-attachment":"scroll","background-type":"","background-media":"","overlay-type":"","overlay-color":"","overlay-opacity":"","overlay-gradient":""},"tablet":{"background-color":"var(--ast-global-color-5)","background-image":"","background-repeat":"repeat","background-position":"center center","background-size":"auto","background-attachment":"scroll","background-type":"","background-media":"","overlay-type":"","overlay-color":"","overlay-opacity":"","overlay-gradient":""},"mobile":{"background-color":"var(--ast-global-color-5)","background-image":"","background-repeat":"repeat","background-position":"center center","background-size":"auto","background-attachment":"scroll","background-type":"","background-media":"","overlay-type":"","overlay-color":"","overlay-opacity":"","overlay-gradient":""}},"footnotes":""},"categories":[31,1,29],"tags":[],"class_list":["post-1838","post","type-post","status-publish","format-standard","hentry","category-ampa","category-general","category-portada"],"post_mailing_queue_ids":[],"_links":{"self":[{"href":"https:\/\/agora.xtec.cat\/insdesantacoloma\/wp-json\/wp\/v2\/posts\/1838","targetHints":{"allow":["GET"]}}],"collection":[{"href":"https:\/\/agora.xtec.cat\/insdesantacoloma\/wp-json\/wp\/v2\/posts"}],"about":[{"href":"https:\/\/agora.xtec.cat\/insdesantacoloma\/wp-json\/wp\/v2\/types\/post"}],"author":[{"embeddable":true,"href":"https:\/\/agora.xtec.cat\/insdesantacoloma\/wp-json\/wp\/v2\/users\/1"}],"replies":[{"embeddable":true,"href":"https:\/\/agora.xtec.cat\/insdesantacoloma\/wp-json\/wp\/v2\/comments?post=1838"}],"version-history":[{"count":3,"href":"https:\/\/agora.xtec.cat\/insdesantacoloma\/wp-json\/wp\/v2\/posts\/1838\/revisions"}],"predecessor-version":[{"id":1842,"href":"https:\/\/agora.xtec.cat\/insdesantacoloma\/wp-json\/wp\/v2\/posts\/1838\/revisions\/1842"}],"wp:attachment":[{"href":"https:\/\/agora.xtec.cat\/insdesantacoloma\/wp-json\/wp\/v2\/media?parent=1838"}],"wp:term":[{"taxonomy":"category","embeddable":true,"href":"https:\/\/agora.xtec.cat\/insdesantacoloma\/wp-json\/wp\/v2\/categories?post=1838"},{"taxonomy":"post_tag","embeddable":true,"href":"https:\/\/agora.xtec.cat\/insdesantacoloma\/wp-json\/wp\/v2\/tags?post=1838"}],"curies":[{"name":"wp","href":"https:\/\/api.w.org\/{rel}","templated":true}]}}