{"id":1699,"date":"2020-04-26T18:00:32","date_gmt":"2020-04-26T16:00:32","guid":{"rendered":"http:\/\/agora.xtec.cat\/insdesantacoloma\/?p=1699"},"modified":"2020-07-01T21:00:23","modified_gmt":"2020-07-01T19:00:23","slug":"radio-inspiratrix-ins9","status":"publish","type":"post","link":"https:\/\/agora.xtec.cat\/insdesantacoloma\/general\/radio-inspiratrix-ins9\/","title":{"rendered":"RADIO INSPIRATRIX INS9"},"content":{"rendered":"<p>&nbsp;<\/p>\n<p><a href=\"https:\/\/agora.xtec.cat\/insdesantacoloma\/wp-content\/uploads\/usu1849\/2020\/05\/Radio-inspiratrix-cap\u00e7alera.png\"><img loading=\"lazy\" decoding=\"async\" class=\"alignnone size-full wp-image-1700\" src=\"https:\/\/agora.xtec.cat\/insdesantacoloma\/wp-content\/uploads\/usu1849\/2020\/05\/Radio-inspiratrix-cap\u00e7alera.png\" alt=\"\" width=\"1233\" height=\"305\" srcset=\"https:\/\/agora.xtec.cat\/insdesantacoloma\/wp-content\/uploads\/usu1849\/2020\/05\/Radio-inspiratrix-cap\u00e7alera.png 1233w, https:\/\/agora.xtec.cat\/insdesantacoloma\/wp-content\/uploads\/usu1849\/2020\/05\/Radio-inspiratrix-cap\u00e7alera-300x74.png 300w, https:\/\/agora.xtec.cat\/insdesantacoloma\/wp-content\/uploads\/usu1849\/2020\/05\/Radio-inspiratrix-cap\u00e7alera-768x190.png 768w, https:\/\/agora.xtec.cat\/insdesantacoloma\/wp-content\/uploads\/usu1849\/2020\/05\/Radio-inspiratrix-cap\u00e7alera-1024x253.png 1024w\" sizes=\"auto, (max-width: 1233px) 100vw, 1233px\" \/><\/a><\/p>\n<p>&nbsp;<\/p>\n<p>Des del repte d\u2019una societat incerta i en confinament, sabem m\u00e9s que mai la necessitat de sentir-nos a prop a trav\u00e9s de la veu. Etimol\u00f2gicament, la paraula vocaci\u00f3 vol dir \u201cexpressar la pr\u00f2pia veu\u201d, l\u2019art d\u2019exercir els nostres dons.<\/p>\n<p>Nosaltres, a l\u2019Institut9 creiem en el nostre missatge, perqu\u00e8 procedeix de la uni\u00f3 de totes les nostres veus, perfectes en la seva ess\u00e8ncia, com diu la nostra Greta: <a href=\"https:\/\/soundcloud.com\/radioinspiratrix\/greta-segurana-la-perfeccion\" target=\"_blank\" rel=\"noopener noreferrer\">https:\/\/soundcloud.com\/radioinspiratrix\/greta-segurana-la-perfeccion<\/a>.<\/p>\n<p>Despr\u00e9s, ens sortiran les ales, com diu la Maryamo al seu conte guanyador del Concurs de Sant Jordi que va organitzar l\u2019AFA: <a href=\"https:\/\/soundcloud.com\/radioinspiratrix\/orugas-maryamo\" target=\"_blank\" rel=\"noopener noreferrer\">https:\/\/soundcloud.com\/radioinspiratrix\/orugas-maryamo<\/a><\/p>\n<p>&nbsp;<\/p>\n<p>Us presentem, amb molta alegria, la nostra r\u00e0dio!<\/p>\n<ul>\n<li><strong>El protagonistes s\u00f3n els teens<\/strong>: El llistat de tresors entre el nostre alumnat ens sembla infinit. Si et ve de gust saber com \u00e9s el m\u00f3n interior d\u2019un \u00e9sser amb molta imaginaci\u00f3, creativitat i crisis identit\u00e0ries diverses (aix\u00f2 vol dir l\u2019adol\u00b7lesc\u00e8ncia), alhora que esbrines el poder de l\u2019expressi\u00f3 art\u00edstica i la intel\u00b7lig\u00e8ncia emocional, el fruit de la curiositat i la recerca, tens una bon llistat de tracks que a m\u00e9s aniran in crescendo amb les idees creatives dels nostres estimats i estimades adol\u00b7lescents: <a href=\"https:\/\/soundcloud.com\/search?q=inspiraci%C3%B3n%20pand%C3%A9mica\" target=\"_blank\" rel=\"noopener noreferrer\">https:\/\/soundcloud.com\/search?q=inspiraci%C3%B3n%20pand%C3%A9mica<\/a><\/li>\n<\/ul>\n<p>&nbsp;<\/p>\n<ul>\n<li><strong>Participaci\u00f3 del professorat<\/strong>: Si vols descobrir, per exemple, que al nostre centre els professors de ci\u00e8ncies tamb\u00e9 s\u00f3n artistes, aquest \u00e9s el teu track: <a href=\"https:\/\/soundcloud.com\/radioinspiratrix\/cesc-sanfelix-la-gavina\" target=\"_blank\" rel=\"noopener noreferrer\">https:\/\/soundcloud.com\/radioinspiratrix\/cesc-sanfelix-la-gavina<\/a>.<\/li>\n<\/ul>\n<p>&nbsp;<\/p>\n<ul>\n<li><strong>A\u00f9dioclasses<\/strong>. Tamb\u00e9 hi comptem amb formaci\u00f3 a trav\u00e9s de tracks, com per exemple les classes de literatura i vida d\u2019un professor jubilat, Ignasi de Yebra, que ens acompanya amb el seu piano: <a href=\"https:\/\/soundcloud.com\/radioinspiratrix\/sets\/las-clases-de-literatura-y-vida-del-yebra\" target=\"_blank\" rel=\"noopener noreferrer\">https:\/\/soundcloud.com\/radioinspiratrix\/sets\/las-clases-de-literatura-y-vida-del-yebra<\/a>. Comptem amb la participaci\u00f3 de persones que tenen experi\u00e8ncia en la vida i diferses \u00e0rees del coneixement i volen delectar-nos amb els seus fruits sublims. Esperem els tracks de les persones m\u00e9s s\u00e0vies i experimentades! Avis i \u00e0vies de l\u2019alumnat! Coneguts especials de les fam\u00edlies! Volem m\u00e9s llenya al foc inspirat!<\/li>\n<\/ul>\n<p>&nbsp;<\/p>\n<ul>\n<li>Si et costa dormir, i vols imaginar i relaxar-te amb Mindfullness, aqu\u00ed tenim una <strong>Meditaci\u00f3 Guiada<\/strong> del nostre amic i fidel col\u00b7laborador Toni Lled\u00f3: <a href=\"https:\/\/soundcloud.com\/radioinspiratrix\/toni-lledo-meditacio-guiada\" target=\"_blank\" rel=\"noopener noreferrer\">https:\/\/soundcloud.com\/radioinspiratrix\/toni-lledo-meditacio-guiada<\/a>. Tamb\u00e9 pots enviar-nos les teves meditacions guiades per contribuir a la millora de la gesti\u00f3 emocional durant el confinament.<\/li>\n<\/ul>\n<p>&nbsp;<\/p>\n<p style=\"text-align: center;\">CELEBREM TOTA CLASSE DE PROPOSTES!<\/p>\n<p>&nbsp;<\/p>\n<p>Si vols cooperar amb un projecte d\u2019educaci\u00f3 de qualitat i de sensibilitzaci\u00f3 creativa, amorosa i comunicativa del nostre alumnat, envia el teu track a <strong>radioinspiratrix@gmail.com<\/strong><\/p>\n<p>&nbsp;<\/p>\n<p>Participa en aquesta r\u00e0dio underground revolucion\u00e0ria!<\/p>\n","protected":false},"excerpt":{"rendered":"<p>&nbsp; &nbsp; Des del repte d\u2019una societat incerta i en confinament, sabem m\u00e9s que mai la necessitat de sentir-nos a [&hellip;]<\/p>\n","protected":false},"author":1,"featured_media":0,"comment_status":"open","ping_status":"closed","sticky":false,"template":"","format":"standard","meta":{"_bbp_topic_count":0,"_bbp_reply_count":0,"_bbp_total_topic_count":0,"_bbp_total_reply_count":0,"_bbp_voice_count":0,"_bbp_anonymous_reply_count":0,"_bbp_topic_count_hidden":0,"_bbp_reply_count_hidden":0,"_bbp_forum_subforum_count":0,"site-sidebar-layout":"default","site-content-layout":"","ast-site-content-layout":"","site-content-style":"default","site-sidebar-style":"default","ast-global-header-display":"","ast-banner-title-visibility":"","ast-main-header-display":"","ast-hfb-above-header-display":"","ast-hfb-below-header-display":"","ast-hfb-mobile-header-display":"","site-post-title":"","ast-breadcrumbs-content":"","ast-featured-img":"","footer-sml-layout":"","theme-transparent-header-meta":"","adv-header-id-meta":"","stick-header-meta":"","header-above-stick-meta":"","header-main-stick-meta":"","header-below-stick-meta":"","astra-migrate-meta-layouts":"default","ast-page-background-enabled":"default","ast-page-background-meta":{"desktop":{"background-color":"var(--ast-global-color-4)","background-image":"","background-repeat":"repeat","background-position":"center center","background-size":"auto","background-attachment":"scroll","background-type":"","background-media":"","overlay-type":"","overlay-color":"","overlay-opacity":"","overlay-gradient":""},"tablet":{"background-color":"","background-image":"","background-repeat":"repeat","background-position":"center center","background-size":"auto","background-attachment":"scroll","background-type":"","background-media":"","overlay-type":"","overlay-color":"","overlay-opacity":"","overlay-gradient":""},"mobile":{"background-color":"","background-image":"","background-repeat":"repeat","background-position":"center center","background-size":"auto","background-attachment":"scroll","background-type":"","background-media":"","overlay-type":"","overlay-color":"","overlay-opacity":"","overlay-gradient":""}},"ast-content-background-meta":{"desktop":{"background-color":"var(--ast-global-color-5)","background-image":"","background-repeat":"repeat","background-position":"center center","background-size":"auto","background-attachment":"scroll","background-type":"","background-media":"","overlay-type":"","overlay-color":"","overlay-opacity":"","overlay-gradient":""},"tablet":{"background-color":"var(--ast-global-color-5)","background-image":"","background-repeat":"repeat","background-position":"center center","background-size":"auto","background-attachment":"scroll","background-type":"","background-media":"","overlay-type":"","overlay-color":"","overlay-opacity":"","overlay-gradient":""},"mobile":{"background-color":"var(--ast-global-color-5)","background-image":"","background-repeat":"repeat","background-position":"center center","background-size":"auto","background-attachment":"scroll","background-type":"","background-media":"","overlay-type":"","overlay-color":"","overlay-opacity":"","overlay-gradient":""}},"footnotes":""},"categories":[1,29],"tags":[178,177],"class_list":["post-1699","post","type-post","status-publish","format-standard","hentry","category-general","category-portada","tag-inspiratrix","tag-radio"],"post_mailing_queue_ids":[],"_links":{"self":[{"href":"https:\/\/agora.xtec.cat\/insdesantacoloma\/wp-json\/wp\/v2\/posts\/1699","targetHints":{"allow":["GET"]}}],"collection":[{"href":"https:\/\/agora.xtec.cat\/insdesantacoloma\/wp-json\/wp\/v2\/posts"}],"about":[{"href":"https:\/\/agora.xtec.cat\/insdesantacoloma\/wp-json\/wp\/v2\/types\/post"}],"author":[{"embeddable":true,"href":"https:\/\/agora.xtec.cat\/insdesantacoloma\/wp-json\/wp\/v2\/users\/1"}],"replies":[{"embeddable":true,"href":"https:\/\/agora.xtec.cat\/insdesantacoloma\/wp-json\/wp\/v2\/comments?post=1699"}],"version-history":[{"count":3,"href":"https:\/\/agora.xtec.cat\/insdesantacoloma\/wp-json\/wp\/v2\/posts\/1699\/revisions"}],"predecessor-version":[{"id":1710,"href":"https:\/\/agora.xtec.cat\/insdesantacoloma\/wp-json\/wp\/v2\/posts\/1699\/revisions\/1710"}],"wp:attachment":[{"href":"https:\/\/agora.xtec.cat\/insdesantacoloma\/wp-json\/wp\/v2\/media?parent=1699"}],"wp:term":[{"taxonomy":"category","embeddable":true,"href":"https:\/\/agora.xtec.cat\/insdesantacoloma\/wp-json\/wp\/v2\/categories?post=1699"},{"taxonomy":"post_tag","embeddable":true,"href":"https:\/\/agora.xtec.cat\/insdesantacoloma\/wp-json\/wp\/v2\/tags?post=1699"}],"curies":[{"name":"wp","href":"https:\/\/api.w.org\/{rel}","templated":true}]}}