{"id":1644,"date":"2020-04-24T16:09:44","date_gmt":"2020-04-24T14:09:44","guid":{"rendered":"http:\/\/agora.xtec.cat\/insdesantacoloma\/?p=1644"},"modified":"2020-07-01T21:00:07","modified_gmt":"2020-07-01T19:00:07","slug":"bona-diada-2","status":"publish","type":"post","link":"https:\/\/agora.xtec.cat\/insdesantacoloma\/general\/bona-diada-2\/","title":{"rendered":"Bona diada!"},"content":{"rendered":"<p style=\"text-align: center;\">En una diada tan especial com avui, us volem desitjar un molt bon Sant Jordi i Santa Jordina.<\/p>\n<p style=\"text-align: center;\"><a href=\"https:\/\/agora.xtec.cat\/insdesantacoloma\/wp-content\/uploads\/usu1849\/2020\/04\/sant-jordi-santa-jordina.jpg\"><img loading=\"lazy\" decoding=\"async\" class=\"alignnone size-full wp-image-1637\" src=\"https:\/\/agora.xtec.cat\/insdesantacoloma\/wp-content\/uploads\/usu1849\/2020\/04\/sant-jordi-santa-jordina.jpg\" alt=\"\" width=\"992\" height=\"389\" srcset=\"https:\/\/agora.xtec.cat\/insdesantacoloma\/wp-content\/uploads\/usu1849\/2020\/04\/sant-jordi-santa-jordina.jpg 992w, https:\/\/agora.xtec.cat\/insdesantacoloma\/wp-content\/uploads\/usu1849\/2020\/04\/sant-jordi-santa-jordina-300x118.jpg 300w, https:\/\/agora.xtec.cat\/insdesantacoloma\/wp-content\/uploads\/usu1849\/2020\/04\/sant-jordi-santa-jordina-768x301.jpg 768w\" sizes=\"auto, (max-width: 992px) 100vw, 992px\" \/><\/a><\/p>\n<p style=\"text-align: center;\">Us deixem tamb\u00e9 un regal molt especial de part de la Irene. Moltes gr\u00e0cies Irene!<\/p>\n<p style=\"text-align: center;\">La Mar\u00eda ens deixa un comentari: &#8220;Potser no \u00e9s un especial de Sant Jordi a l&#8217;\u00fas, per\u00f2 s\u00ed que veiem que les nostres vides semblen una mica de llibre i, sobretot, que totes i tots florim com roses d&#8217;un roser col\u00b7lectiu&#8221;.<\/p>\n<p style=\"text-align: center;\">Desitgem que us agradi:\u00a0<a href=\"https:\/\/drive.google.com\/file\/d\/1NLQ15f2HtgoJzZPEFVwmXO7zwTIdtiJ2\/view?usp=sharing\" target=\"_blank\" rel=\"noopener noreferrer\">ESPECIAL SANT JORDI (regalo de Irene)<\/a><\/p>\n<h2 style=\"text-align: center;\"><strong>JA TENIM GUARDONS!!!<\/strong><\/h2>\n<p>Agra\u00efm molt a l&#8217;AFA de l&#8217;INS9 per la iniciativa i l&#8217;organitzaci\u00f3 d&#8217;aquest concurs literari tan especial i diferent. Us deixem amb les seves paraules i el seu veredicte:<\/p>\n<p>Hola a tothom.<\/p>\n<p>En primer lloc, volem felicitar i agrair l\u2019esfor\u00e7 a tots i totes per la vostra participaci\u00f3 en la primera edici\u00f3 del concurs literari &#8220;<strong>Denouacasa<\/strong>&#8220;, organitzat per l\u2019AFA Institut 9.<\/p>\n<p>Com a jurat, hem gaudit molt de les lectures i ens ha costat molt poder triar els i les finalistes de cada categoria. Alguns de vosaltres ens heu sorpr\u00e8s amb hist\u00f2ries sorprenents, d\u2019altres ens heu sensibilitzat i d\u2019altres ens heu fet gaudir amb una acurada redacci\u00f3 i expressi\u00f3. Segur que per molts de vosaltres \u00e9s el primer concurs literari en el que participeu i us animem a repetir, perqu\u00e8 escriure permet treure el que tenim a dins, i \u00e9s com tot: quan m\u00e9s ho practiques, millor et surt.<\/p>\n<p>Nosaltres tamb\u00e9 som tan principiants com vosaltres, i com a organitzadors hem tingut algunes errades que ens serviran per aprendre. Hav\u00edem establert unes bases: narrativa breu i en un espai tancat. Tot i aix\u00ed, alguns de vosaltres heu optat per altres g\u00e8neres literaris que no s\u00f3n narrativa, segurament perqu\u00e8 no ho vam explicar b\u00e9. Us demanem disculpes.<\/p>\n<p>En tot cas, hem mirat d\u2019arreglar-ho com hem pogut, i en aix\u00f2 cal agrair la bona predisposici\u00f3 dels vostres professors i professores, que ens han ajudat a resoldre el problema creat. Hem optat per mantenir les categories tal com les vam establir, per respecte als que heu complert amb les bases.<\/p>\n<p>Per\u00f2 no hem volgut deixar fora els textos que no eren narratius i que heu fet l\u2019esfor\u00e7 de participar. Per aix\u00f2, hem decidit crear una nova categoria i que aquests textos tinguessin una valoraci\u00f3 per separat, atorgant un premi al que hem considerat el millor.<\/p>\n<p>Us deixem amb el v\u00eddeo on diem el nom dels guanyadors, tot i que en realitat, guanadors\/es sou tots i totes. Enhorabona!<\/p>\n<p style=\"text-align: center;\"><strong>Jurat del concurs Denouacasa<\/strong><\/p>\n<p style=\"text-align: center;\"><iframe loading=\"lazy\" src=\"https:\/\/www.youtube.com\/embed\/m9onEqYrElU\" width=\"560\" height=\"315\" frameborder=\"0\"><\/iframe><\/p>\n<div dir=\"auto\" style=\"text-align: center;\">And the winners are:<\/div>\n<div dir=\"auto\" style=\"text-align: center;\"><\/div>\n<div dir=\"auto\" style=\"text-align: center;\"><strong>Castellano<\/strong><\/div>\n<div dir=\"auto\" style=\"text-align: center;\">1. <a href=\"https:\/\/drive.google.com\/file\/d\/1n7M5zOSFO0xoWTPoyopyfuEb695nqtcs\/view?usp=sharing\" target=\"_blank\" rel=\"noopener noreferrer\">Maryamo shokri<\/a><\/div>\n<div dir=\"auto\" style=\"text-align: center;\">2. <a href=\"https:\/\/drive.google.com\/file\/d\/150XfbalOzkweaz6QmK8rohllG1poIySW\/view?usp=sharing\" target=\"_blank\" rel=\"noopener noreferrer\">Richard Ayorinde<\/a><\/div>\n<div dir=\"auto\" style=\"text-align: center;\">3. <a href=\"https:\/\/drive.google.com\/file\/d\/1fqR19Xojyo6LPWP5xehH5mK6O_AUBFdl\/view?usp=sharing\" target=\"_blank\" rel=\"noopener noreferrer\">Miriam sanchez<\/a><\/div>\n<div dir=\"auto\" style=\"text-align: center;\"><\/div>\n<div dir=\"auto\" style=\"text-align: center;\"><strong>Catal\u00e0<\/strong><\/div>\n<div dir=\"auto\" style=\"text-align: center;\">1. <a href=\"https:\/\/drive.google.com\/file\/d\/1bGhaZWOVSov3rHvWqQxX1SJv5ltGccuw\/view?usp=sharing\" target=\"_blank\" rel=\"noopener noreferrer\">Amat L\u00f3pez<\/a><\/div>\n<div dir=\"auto\" style=\"text-align: center;\">2. <a href=\"https:\/\/drive.google.com\/file\/d\/1Y97TGJhBY6pHF8T6dBrpAi9O0SSUMaMc\/view?usp=sharing\" target=\"_blank\" rel=\"noopener noreferrer\">Claudia Perich<\/a><\/div>\n<div dir=\"auto\" style=\"text-align: center;\">3. <a href=\"https:\/\/drive.google.com\/file\/d\/19qLD33_uX6s3vl_iIyUirO49n09naQ-E\/view?usp=sharing\" target=\"_blank\" rel=\"noopener noreferrer\">Ivan Falc\u00f3n<\/a><\/div>\n<div dir=\"auto\" style=\"text-align: center;\"><\/div>\n<div dir=\"auto\" style=\"text-align: center;\"><strong>English<\/strong><\/div>\n<div dir=\"auto\" style=\"text-align: center;\">1. <a href=\"https:\/\/drive.google.com\/file\/d\/1riPQ_OBVKag7z2wsc_SbHuh17_tbdDuy\/view?usp=sharing\" target=\"_blank\" rel=\"noopener noreferrer\">Claudia Perich<\/a><\/div>\n<div dir=\"auto\" style=\"text-align: center;\"><\/div>\n<div dir=\"auto\" style=\"text-align: center;\"><strong>Altres categories<\/strong><\/div>\n<div dir=\"auto\" style=\"text-align: center;\">1. <a href=\"https:\/\/drive.google.com\/file\/d\/1WYtSCpnw-oWJoHM0Q_HVKmA_l1rkQX5I\/view?usp=sharing\" target=\"_blank\" rel=\"noopener noreferrer\">Aleix Arnalte<\/a><\/div>\n<p>Si cliqueu a sobre del nom del guanyador\/a, podreu llegir el seu relat o rap. Us animem a llegir-los, us faran gaudir una estona ; )<\/p>\n<p style=\"text-align: center;\"><strong>ENHORABONA, de nou, a tothom!<\/strong><\/p>\n","protected":false},"excerpt":{"rendered":"<p>En una diada tan especial com avui, us volem desitjar un molt bon Sant Jordi i Santa Jordina. Us deixem [&hellip;]<\/p>\n","protected":false},"author":1,"featured_media":1645,"comment_status":"open","ping_status":"closed","sticky":false,"template":"","format":"standard","meta":{"_bbp_topic_count":0,"_bbp_reply_count":0,"_bbp_total_topic_count":0,"_bbp_total_reply_count":0,"_bbp_voice_count":0,"_bbp_anonymous_reply_count":0,"_bbp_topic_count_hidden":0,"_bbp_reply_count_hidden":0,"_bbp_forum_subforum_count":0,"site-sidebar-layout":"default","site-content-layout":"","ast-site-content-layout":"","site-content-style":"default","site-sidebar-style":"default","ast-global-header-display":"","ast-banner-title-visibility":"","ast-main-header-display":"","ast-hfb-above-header-display":"","ast-hfb-below-header-display":"","ast-hfb-mobile-header-display":"","site-post-title":"","ast-breadcrumbs-content":"","ast-featured-img":"","footer-sml-layout":"","theme-transparent-header-meta":"","adv-header-id-meta":"","stick-header-meta":"","header-above-stick-meta":"","header-main-stick-meta":"","header-below-stick-meta":"","astra-migrate-meta-layouts":"default","ast-page-background-enabled":"default","ast-page-background-meta":{"desktop":{"background-color":"var(--ast-global-color-4)","background-image":"","background-repeat":"repeat","background-position":"center center","background-size":"auto","background-attachment":"scroll","background-type":"","background-media":"","overlay-type":"","overlay-color":"","overlay-opacity":"","overlay-gradient":""},"tablet":{"background-color":"","background-image":"","background-repeat":"repeat","background-position":"center center","background-size":"auto","background-attachment":"scroll","background-type":"","background-media":"","overlay-type":"","overlay-color":"","overlay-opacity":"","overlay-gradient":""},"mobile":{"background-color":"","background-image":"","background-repeat":"repeat","background-position":"center center","background-size":"auto","background-attachment":"scroll","background-type":"","background-media":"","overlay-type":"","overlay-color":"","overlay-opacity":"","overlay-gradient":""}},"ast-content-background-meta":{"desktop":{"background-color":"var(--ast-global-color-5)","background-image":"","background-repeat":"repeat","background-position":"center center","background-size":"auto","background-attachment":"scroll","background-type":"","background-media":"","overlay-type":"","overlay-color":"","overlay-opacity":"","overlay-gradient":""},"tablet":{"background-color":"var(--ast-global-color-5)","background-image":"","background-repeat":"repeat","background-position":"center center","background-size":"auto","background-attachment":"scroll","background-type":"","background-media":"","overlay-type":"","overlay-color":"","overlay-opacity":"","overlay-gradient":""},"mobile":{"background-color":"var(--ast-global-color-5)","background-image":"","background-repeat":"repeat","background-position":"center center","background-size":"auto","background-attachment":"scroll","background-type":"","background-media":"","overlay-type":"","overlay-color":"","overlay-opacity":"","overlay-gradient":""}},"footnotes":""},"categories":[31,1,29],"tags":[176,38],"class_list":["post-1644","post","type-post","status-publish","format-standard","has-post-thumbnail","hentry","category-ampa","category-general","category-portada","tag-denouacasa","tag-sant-jordi"],"post_mailing_queue_ids":[],"_links":{"self":[{"href":"https:\/\/agora.xtec.cat\/insdesantacoloma\/wp-json\/wp\/v2\/posts\/1644","targetHints":{"allow":["GET"]}}],"collection":[{"href":"https:\/\/agora.xtec.cat\/insdesantacoloma\/wp-json\/wp\/v2\/posts"}],"about":[{"href":"https:\/\/agora.xtec.cat\/insdesantacoloma\/wp-json\/wp\/v2\/types\/post"}],"author":[{"embeddable":true,"href":"https:\/\/agora.xtec.cat\/insdesantacoloma\/wp-json\/wp\/v2\/users\/1"}],"replies":[{"embeddable":true,"href":"https:\/\/agora.xtec.cat\/insdesantacoloma\/wp-json\/wp\/v2\/comments?post=1644"}],"version-history":[{"count":4,"href":"https:\/\/agora.xtec.cat\/insdesantacoloma\/wp-json\/wp\/v2\/posts\/1644\/revisions"}],"predecessor-version":[{"id":1707,"href":"https:\/\/agora.xtec.cat\/insdesantacoloma\/wp-json\/wp\/v2\/posts\/1644\/revisions\/1707"}],"wp:featuredmedia":[{"embeddable":true,"href":"https:\/\/agora.xtec.cat\/insdesantacoloma\/wp-json\/wp\/v2\/media\/1645"}],"wp:attachment":[{"href":"https:\/\/agora.xtec.cat\/insdesantacoloma\/wp-json\/wp\/v2\/media?parent=1644"}],"wp:term":[{"taxonomy":"category","embeddable":true,"href":"https:\/\/agora.xtec.cat\/insdesantacoloma\/wp-json\/wp\/v2\/categories?post=1644"},{"taxonomy":"post_tag","embeddable":true,"href":"https:\/\/agora.xtec.cat\/insdesantacoloma\/wp-json\/wp\/v2\/tags?post=1644"}],"curies":[{"name":"wp","href":"https:\/\/api.w.org\/{rel}","templated":true}]}}