{"id":1428,"date":"2019-11-25T18:02:56","date_gmt":"2019-11-25T17:02:56","guid":{"rendered":"http:\/\/agora.xtec.cat\/insdesantacoloma\/?p=1428"},"modified":"2019-11-25T18:02:56","modified_gmt":"2019-11-25T17:02:56","slug":"25n-dia-internacional-per-a-leliminacio-de-la-violencia-envers-les-dones","status":"publish","type":"post","link":"https:\/\/agora.xtec.cat\/insdesantacoloma\/general\/25n-dia-internacional-per-a-leliminacio-de-la-violencia-envers-les-dones\/","title":{"rendered":"25N Dia internacional per a l\u2019eliminaci\u00f3 de la viol\u00e8ncia envers les dones"},"content":{"rendered":"<p style=\"font-weight: 400;\">L&#8217;Institut 9 i el Departament d\u2019Educaci\u00f3, a prop\u00f2sit del <a href=\"http:\/\/dones.gencat.cat\/ca\/ambits\/violencia_masclista\/dia-eliminacio-violencia-contra-dones\/\" data-saferedirecturl=\"https:\/\/www.google.com\/url?q=http:\/\/dones.gencat.cat\/ca\/ambits\/violencia_masclista\/dia-eliminacio-violencia-contra-dones\/&amp;source=gmail&amp;ust=1574784963984000&amp;usg=AFQjCNFXdQkIi9Zg_Vkj9VZjUfJ9vndEdw\">Dia internacional per a l&#8217;eliminaci\u00f3 de la viol\u00e8ncia envers les dones<\/a>, vol remarcar la necessitat, avui i cada dia, de treballar intensament i prendre consci\u00e8ncia sobre la import\u00e0ncia de la prevenci\u00f3 i la detecci\u00f3 de la viol\u00e8ncia masclista.<\/p>\n<p style=\"font-weight: 400;\">Aprofitem per adjuntar les <a href=\"https:\/\/drive.google.com\/drive\/folders\/1wg_C65msXxVam0ewaJ5IiUrMd1ldY-8G?usp=sharing\" target=\"_blank\" rel=\"noopener noreferrer\">guies<\/a> per a les fam\u00edlies creades des del Servei d&#8217;Escola i fam\u00edlia pels tallers formatius adre\u00e7ats a alumnes i fam\u00edlies dels centres destinataris del <em>Paquet Formatiu en Prevenci\u00f3 i Intervenci\u00f3 davant la Viol\u00e8ncia Masclista entre l&#8217;alumnat.<\/em><\/p>\n<p style=\"font-weight: 400;\">En la mateixa l\u00ednia us facilitem tamb\u00e9 els enlla\u00e7os\u00a0del Departament d&#8217;Educaci\u00f3, on les fam\u00edlies trobaran\u00a0informaci\u00f3, orientacions i recursos que poden ser d&#8217;utilitat en la tasca educativa a cada una de les etapes evolutives dels seus fills\/es.<\/p>\n<p style=\"font-weight: 400;\">&#8211;\u00a0<a href=\"http:\/\/familiaiescola.gencat.cat\/ca\/educar-creixer-en-familia\/educacio-valors\/igualtat-genere\/\" data-saferedirecturl=\"https:\/\/www.google.com\/url?q=http:\/\/familiaiescola.gencat.cat\/ca\/educar-creixer-en-familia\/educacio-valors\/igualtat-genere\/&amp;source=gmail&amp;ust=1574784963984000&amp;usg=AFQjCNHaQXcoQDGu_rrYPSwsPIScgv0FSQ\">Igualtat de g\u00e8nere<\/a><\/p>\n<p style=\"font-weight: 400;\">&#8211;\u00a0<a href=\"http:\/\/familiaiescola.gencat.cat\/ca\/educar-creixer-en-familia\/com-ajudar-fill\/prevencio-deteccio-violencia-masclista\/\" data-saferedirecturl=\"https:\/\/www.google.com\/url?q=http:\/\/familiaiescola.gencat.cat\/ca\/educar-creixer-en-familia\/com-ajudar-fill\/prevencio-deteccio-violencia-masclista\/&amp;source=gmail&amp;ust=1574784963984000&amp;usg=AFQjCNHWgmmX8BjVdHmqAKYBasoLyFWwCg\">Prevenci\u00f3 i detecci\u00f3 de la viol\u00e8ncia masclista<\/a><\/p>\n<p style=\"font-weight: 400;\">&#8211;\u00a0<a href=\"http:\/\/familiaiescola.gencat.cat\/ca\/decaleg-pares-mares\/enquesta-autoconeixement\/enquesta\/igualtat-genere\/\" data-saferedirecturl=\"https:\/\/www.google.com\/url?q=http:\/\/familiaiescola.gencat.cat\/ca\/decaleg-pares-mares\/enquesta-autoconeixement\/enquesta\/igualtat-genere\/&amp;source=gmail&amp;ust=1574784963984000&amp;usg=AFQjCNGv146fqeLlgSRbFwiHgOYHmOY3xA\">Enquesta d&#8217;autoconeixement<\/a>\u00a0 sobre com promoure la igualtat de g\u00e8nere des de casa.<\/p>\n<p style=\"text-align: center;\"><a href=\"https:\/\/agora.xtec.cat\/insdesantacoloma\/wp-content\/uploads\/usu1849\/2019\/11\/PROU_25N.png\"><img loading=\"lazy\" decoding=\"async\" class=\"alignnone size-full wp-image-1430\" src=\"https:\/\/agora.xtec.cat\/insdesantacoloma\/wp-content\/uploads\/usu1849\/2019\/11\/PROU_25N.png\" alt=\"\" width=\"232\" height=\"217\" \/><\/a><\/p>\n","protected":false},"excerpt":{"rendered":"<p>L&#8217;Institut 9 i el Departament d\u2019Educaci\u00f3, a prop\u00f2sit del Dia internacional per a l&#8217;eliminaci\u00f3 de la viol\u00e8ncia envers les dones, [&hellip;]<\/p>\n","protected":false},"author":1,"featured_media":0,"comment_status":"open","ping_status":"closed","sticky":false,"template":"","format":"standard","meta":{"_bbp_topic_count":0,"_bbp_reply_count":0,"_bbp_total_topic_count":0,"_bbp_total_reply_count":0,"_bbp_voice_count":0,"_bbp_anonymous_reply_count":0,"_bbp_topic_count_hidden":0,"_bbp_reply_count_hidden":0,"_bbp_forum_subforum_count":0,"site-sidebar-layout":"default","site-content-layout":"","ast-site-content-layout":"","site-content-style":"default","site-sidebar-style":"default","ast-global-header-display":"","ast-banner-title-visibility":"","ast-main-header-display":"","ast-hfb-above-header-display":"","ast-hfb-below-header-display":"","ast-hfb-mobile-header-display":"","site-post-title":"","ast-breadcrumbs-content":"","ast-featured-img":"","footer-sml-layout":"","theme-transparent-header-meta":"","adv-header-id-meta":"","stick-header-meta":"","header-above-stick-meta":"","header-main-stick-meta":"","header-below-stick-meta":"","astra-migrate-meta-layouts":"default","ast-page-background-enabled":"default","ast-page-background-meta":{"desktop":{"background-color":"var(--ast-global-color-4)","background-image":"","background-repeat":"repeat","background-position":"center center","background-size":"auto","background-attachment":"scroll","background-type":"","background-media":"","overlay-type":"","overlay-color":"","overlay-opacity":"","overlay-gradient":""},"tablet":{"background-color":"","background-image":"","background-repeat":"repeat","background-position":"center center","background-size":"auto","background-attachment":"scroll","background-type":"","background-media":"","overlay-type":"","overlay-color":"","overlay-opacity":"","overlay-gradient":""},"mobile":{"background-color":"","background-image":"","background-repeat":"repeat","background-position":"center center","background-size":"auto","background-attachment":"scroll","background-type":"","background-media":"","overlay-type":"","overlay-color":"","overlay-opacity":"","overlay-gradient":""}},"ast-content-background-meta":{"desktop":{"background-color":"var(--ast-global-color-5)","background-image":"","background-repeat":"repeat","background-position":"center center","background-size":"auto","background-attachment":"scroll","background-type":"","background-media":"","overlay-type":"","overlay-color":"","overlay-opacity":"","overlay-gradient":""},"tablet":{"background-color":"var(--ast-global-color-5)","background-image":"","background-repeat":"repeat","background-position":"center center","background-size":"auto","background-attachment":"scroll","background-type":"","background-media":"","overlay-type":"","overlay-color":"","overlay-opacity":"","overlay-gradient":""},"mobile":{"background-color":"var(--ast-global-color-5)","background-image":"","background-repeat":"repeat","background-position":"center center","background-size":"auto","background-attachment":"scroll","background-type":"","background-media":"","overlay-type":"","overlay-color":"","overlay-opacity":"","overlay-gradient":""}},"footnotes":""},"categories":[3,1,29],"tags":[],"class_list":["post-1428","post","type-post","status-publish","format-standard","hentry","category-eso","category-general","category-portada"],"post_mailing_queue_ids":[],"_links":{"self":[{"href":"https:\/\/agora.xtec.cat\/insdesantacoloma\/wp-json\/wp\/v2\/posts\/1428","targetHints":{"allow":["GET"]}}],"collection":[{"href":"https:\/\/agora.xtec.cat\/insdesantacoloma\/wp-json\/wp\/v2\/posts"}],"about":[{"href":"https:\/\/agora.xtec.cat\/insdesantacoloma\/wp-json\/wp\/v2\/types\/post"}],"author":[{"embeddable":true,"href":"https:\/\/agora.xtec.cat\/insdesantacoloma\/wp-json\/wp\/v2\/users\/1"}],"replies":[{"embeddable":true,"href":"https:\/\/agora.xtec.cat\/insdesantacoloma\/wp-json\/wp\/v2\/comments?post=1428"}],"version-history":[{"count":2,"href":"https:\/\/agora.xtec.cat\/insdesantacoloma\/wp-json\/wp\/v2\/posts\/1428\/revisions"}],"predecessor-version":[{"id":1431,"href":"https:\/\/agora.xtec.cat\/insdesantacoloma\/wp-json\/wp\/v2\/posts\/1428\/revisions\/1431"}],"wp:attachment":[{"href":"https:\/\/agora.xtec.cat\/insdesantacoloma\/wp-json\/wp\/v2\/media?parent=1428"}],"wp:term":[{"taxonomy":"category","embeddable":true,"href":"https:\/\/agora.xtec.cat\/insdesantacoloma\/wp-json\/wp\/v2\/categories?post=1428"},{"taxonomy":"post_tag","embeddable":true,"href":"https:\/\/agora.xtec.cat\/insdesantacoloma\/wp-json\/wp\/v2\/tags?post=1428"}],"curies":[{"name":"wp","href":"https:\/\/api.w.org\/{rel}","templated":true}]}}