{"id":1354,"date":"2019-10-28T16:22:15","date_gmt":"2019-10-28T15:22:15","guid":{"rendered":"http:\/\/agora.xtec.cat\/insdesantacoloma\/?p=1354"},"modified":"2019-10-28T16:22:15","modified_gmt":"2019-10-28T15:22:15","slug":"benvinguts-i-benvingudes-al-nostre-castaween","status":"publish","type":"post","link":"https:\/\/agora.xtec.cat\/insdesantacoloma\/general\/benvinguts-i-benvingudes-al-nostre-castaween\/","title":{"rendered":"Benvinguts i benvingudes al nostre CASTAWEEN"},"content":{"rendered":"<p>Benvolgudes fam\u00edlies,<\/p>\n<p>Us convidem a la festa de Castaween, en qu\u00e8 convertim l\u2019Institut 9 en<\/p>\n<h3 align=\"center\"><b><i>l\u2019Institut Encantat<\/i><\/b><b><\/b><\/h3>\n<p>Ho celebrarem:<\/p>\n<p>\u00b7\u00a0\u00a0<b>Dimecres 30 d\u2019octubre<\/b><br \/>\n\u00b7\u00a0\u00a0Des de les\u00a0<b>17h a les 20h<\/b><br \/>\n\u00b7\u00a0\u00a0Apertura al p\u00fablic a partir de les 16\u201930h<\/p>\n<p>Tindreu una experi\u00e8ncia terror\u00edfica per nom\u00e9s 2&#8217;5 \u20ac d&#8217;entrada i moltes m\u00e9s ofertes a les nostres paradetes com:<\/p>\n<ul>\n<li>\n<div>Crispetes fantasmag\u00f2riques<\/div>\n<\/li>\n<li>\n<div>Cr\u00eapes terror\u00edfiques<\/div>\n<\/li>\n<li>\n<div>Llaminadures llefiscoses<\/div>\n<\/li>\n<li>\n<div>Castanyes porugues<\/div>\n<\/li>\n<li>\n<div>Refrigeris experimentals<\/div>\n<\/li>\n<\/ul>\n<div><span style=\"font-size: xx-small;\"><i>*Consulteu les ofertes de preus a les mateixes paradetes!<\/i><\/span><\/div>\n<h1 style=\"text-align: center;\"><b><i><span style=\"font-size: large;\">US HI ESPEREM!<\/span><\/i><\/b><\/h1>\n<h1 style=\"text-align: center;\"><a href=\"https:\/\/agora.xtec.cat\/insdesantacoloma\/wp-content\/uploads\/usu1849\/2019\/10\/Cartell-Cataween-2019-ins9.jpg\"><img loading=\"lazy\" decoding=\"async\" class=\" wp-image-1359 aligncenter\" src=\"https:\/\/agora.xtec.cat\/insdesantacoloma\/wp-content\/uploads\/usu1849\/2019\/10\/Cartell-Cataween-2019-ins9.jpg\" alt=\"\" width=\"347\" height=\"491\" srcset=\"https:\/\/agora.xtec.cat\/insdesantacoloma\/wp-content\/uploads\/usu1849\/2019\/10\/Cartell-Cataween-2019-ins9.jpg 394w, https:\/\/agora.xtec.cat\/insdesantacoloma\/wp-content\/uploads\/usu1849\/2019\/10\/Cartell-Cataween-2019-ins9-212x300.jpg 212w\" sizes=\"auto, (max-width: 347px) 100vw, 347px\" \/><\/a><\/h1>\n","protected":false},"excerpt":{"rendered":"<p>Benvolgudes fam\u00edlies, Us convidem a la festa de Castaween, en qu\u00e8 convertim l\u2019Institut 9 en l\u2019Institut Encantat Ho celebrarem: \u00b7\u00a0\u00a0Dimecres [&hellip;]<\/p>\n","protected":false},"author":1,"featured_media":0,"comment_status":"open","ping_status":"closed","sticky":false,"template":"","format":"standard","meta":{"_bbp_topic_count":0,"_bbp_reply_count":0,"_bbp_total_topic_count":0,"_bbp_total_reply_count":0,"_bbp_voice_count":0,"_bbp_anonymous_reply_count":0,"_bbp_topic_count_hidden":0,"_bbp_reply_count_hidden":0,"_bbp_forum_subforum_count":0,"site-sidebar-layout":"default","site-content-layout":"","ast-site-content-layout":"","site-content-style":"default","site-sidebar-style":"default","ast-global-header-display":"","ast-banner-title-visibility":"","ast-main-header-display":"","ast-hfb-above-header-display":"","ast-hfb-below-header-display":"","ast-hfb-mobile-header-display":"","site-post-title":"","ast-breadcrumbs-content":"","ast-featured-img":"","footer-sml-layout":"","theme-transparent-header-meta":"","adv-header-id-meta":"","stick-header-meta":"","header-above-stick-meta":"","header-main-stick-meta":"","header-below-stick-meta":"","astra-migrate-meta-layouts":"default","ast-page-background-enabled":"default","ast-page-background-meta":{"desktop":{"background-color":"var(--ast-global-color-4)","background-image":"","background-repeat":"repeat","background-position":"center center","background-size":"auto","background-attachment":"scroll","background-type":"","background-media":"","overlay-type":"","overlay-color":"","overlay-opacity":"","overlay-gradient":""},"tablet":{"background-color":"","background-image":"","background-repeat":"repeat","background-position":"center center","background-size":"auto","background-attachment":"scroll","background-type":"","background-media":"","overlay-type":"","overlay-color":"","overlay-opacity":"","overlay-gradient":""},"mobile":{"background-color":"","background-image":"","background-repeat":"repeat","background-position":"center center","background-size":"auto","background-attachment":"scroll","background-type":"","background-media":"","overlay-type":"","overlay-color":"","overlay-opacity":"","overlay-gradient":""}},"ast-content-background-meta":{"desktop":{"background-color":"var(--ast-global-color-5)","background-image":"","background-repeat":"repeat","background-position":"center center","background-size":"auto","background-attachment":"scroll","background-type":"","background-media":"","overlay-type":"","overlay-color":"","overlay-opacity":"","overlay-gradient":""},"tablet":{"background-color":"var(--ast-global-color-5)","background-image":"","background-repeat":"repeat","background-position":"center center","background-size":"auto","background-attachment":"scroll","background-type":"","background-media":"","overlay-type":"","overlay-color":"","overlay-opacity":"","overlay-gradient":""},"mobile":{"background-color":"var(--ast-global-color-5)","background-image":"","background-repeat":"repeat","background-position":"center center","background-size":"auto","background-attachment":"scroll","background-type":"","background-media":"","overlay-type":"","overlay-color":"","overlay-opacity":"","overlay-gradient":""}},"footnotes":""},"categories":[31,1,29],"tags":[],"class_list":["post-1354","post","type-post","status-publish","format-standard","hentry","category-ampa","category-general","category-portada"],"post_mailing_queue_ids":[],"_links":{"self":[{"href":"https:\/\/agora.xtec.cat\/insdesantacoloma\/wp-json\/wp\/v2\/posts\/1354","targetHints":{"allow":["GET"]}}],"collection":[{"href":"https:\/\/agora.xtec.cat\/insdesantacoloma\/wp-json\/wp\/v2\/posts"}],"about":[{"href":"https:\/\/agora.xtec.cat\/insdesantacoloma\/wp-json\/wp\/v2\/types\/post"}],"author":[{"embeddable":true,"href":"https:\/\/agora.xtec.cat\/insdesantacoloma\/wp-json\/wp\/v2\/users\/1"}],"replies":[{"embeddable":true,"href":"https:\/\/agora.xtec.cat\/insdesantacoloma\/wp-json\/wp\/v2\/comments?post=1354"}],"version-history":[{"count":2,"href":"https:\/\/agora.xtec.cat\/insdesantacoloma\/wp-json\/wp\/v2\/posts\/1354\/revisions"}],"predecessor-version":[{"id":1360,"href":"https:\/\/agora.xtec.cat\/insdesantacoloma\/wp-json\/wp\/v2\/posts\/1354\/revisions\/1360"}],"wp:attachment":[{"href":"https:\/\/agora.xtec.cat\/insdesantacoloma\/wp-json\/wp\/v2\/media?parent=1354"}],"wp:term":[{"taxonomy":"category","embeddable":true,"href":"https:\/\/agora.xtec.cat\/insdesantacoloma\/wp-json\/wp\/v2\/categories?post=1354"},{"taxonomy":"post_tag","embeddable":true,"href":"https:\/\/agora.xtec.cat\/insdesantacoloma\/wp-json\/wp\/v2\/tags?post=1354"}],"curies":[{"name":"wp","href":"https:\/\/api.w.org\/{rel}","templated":true}]}}