{"id":1201,"date":"2019-06-21T23:32:24","date_gmt":"2019-06-21T21:32:24","guid":{"rendered":"http:\/\/agora.xtec.cat\/insdesantacoloma\/?p=1201"},"modified":"2020-05-07T17:53:25","modified_gmt":"2020-05-07T15:53:25","slug":"intercanvi-de-cartes-amb-refugiats-saharauis","status":"publish","type":"post","link":"https:\/\/agora.xtec.cat\/insdesantacoloma\/general\/intercanvi-de-cartes-amb-refugiats-saharauis\/","title":{"rendered":"Intercanvi de cartes amb refugiats Saharau\u00eds"},"content":{"rendered":"<p>El darrer dimecres del curs vam rebre una visita molt gratificant. La Jenny i la Paula dues col\u00b7laboradores de l&#8217;ACAPS (Associaci\u00f3 Catalana d&#8217;Amics del Poble Saharau\u00ed) de Santa Coloma de Gramenet ens van portar les respostes a les cartes que nosaltres hav\u00edem escrit a nois i noies dels campaments de refugiats an\u00f2nimament. El nostre alumnat va rebre amb molta il\u00b7lusi\u00f3 els sobres amb les cartes de resposta que ara ja desvetllarien la identitat del seu amic o la seva amiga saharau\u00ed. Hi van haver algunes coincid\u00e8ncies d&#8217;edat, de hobbies, d&#8217;aspiracions de futur, de dies d&#8217;aniversari i tamb\u00e9 va coincidir que les nostres cartes havien anat a parar a l&#8217;institut on estudiava el nostre company refugiat saharau\u00ed Jatri. En Jatri est\u00e0 acollit al programa Madrasa, que permet que alguns d&#8217;aquest adolescents saharau\u00eds puguin estar a Catalunya o Espanya de setembre a juny per poder cursar aqu\u00ed els seus estudis. Dimarts vinent ja torna als campaments a veure a la seva fam\u00edlia. Li desitgem molt bon viatge i l&#8217;esperem aqu\u00ed amb els bra\u00e7os oberts al setembre.<\/p>\n<p>Amb aquest programa d&#8217;intercanvi els i les nostres joves estan coneixent una realitat ben diferent i la hist\u00f2ria d&#8217;un poble que encara no ha pogut tornar al seu pa\u00eds. Seguirem fent activitats amb l&#8217;ACAPS i l&#8217;intercanvi de cartes continuar\u00e0. Ara les nostres joves tenen tot l&#8217;estiu per poder escriure m\u00e9s cartes, fer llibretes o diaris amb fotografies, etc. i al primer trimestre del curs vinent col\u00b7laboradors de l&#8217;ACAPS vindran a recollir aquestes creacions per portar-les als seus destinataris\/\u00e0ries al Nadal i poder seguir amb aquest intercanvi epistolar que tot just acaba d&#8217;iniciar-se.<\/p>\n<p>Us deixem aqu\u00ed l&#8217;<a href=\"https:\/\/drive.google.com\/drive\/folders\/1Wy9Tq3EsJiRmfu4GuQnNMUAMp5pC3Wav?usp=sharing\" target=\"blank\" rel=\"noopener noreferrer\">enlla\u00e7<\/a> a les fotos de la rebuda de les cartes.<\/p>\n<p style=\"text-align: center;\">\u00a0 <a href=\"https:\/\/agora.xtec.cat\/insdesantacoloma\/wp-content\/uploads\/usu1849\/2019\/06\/IMG_20190619_105043.jpg\"><img loading=\"lazy\" decoding=\"async\" class=\"alignnone size-medium wp-image-1203\" src=\"https:\/\/agora.xtec.cat\/insdesantacoloma\/wp-content\/uploads\/usu1849\/2019\/06\/IMG_20190619_105043-225x300.jpg\" alt=\"\" width=\"225\" height=\"300\" srcset=\"https:\/\/agora.xtec.cat\/insdesantacoloma\/wp-content\/uploads\/usu1849\/2019\/06\/IMG_20190619_105043-225x300.jpg 225w, https:\/\/agora.xtec.cat\/insdesantacoloma\/wp-content\/uploads\/usu1849\/2019\/06\/IMG_20190619_105043-768x1024.jpg 768w\" sizes=\"auto, (max-width: 225px) 100vw, 225px\" \/><\/a><\/p>\n","protected":false},"excerpt":{"rendered":"<p>El darrer dimecres del curs vam rebre una visita molt gratificant. La Jenny i la Paula dues col\u00b7laboradores de l&#8217;ACAPS [&hellip;]<\/p>\n","protected":false},"author":1,"featured_media":0,"comment_status":"open","ping_status":"closed","sticky":false,"template":"","format":"standard","meta":{"_bbp_topic_count":0,"_bbp_reply_count":0,"_bbp_total_topic_count":0,"_bbp_total_reply_count":0,"_bbp_voice_count":0,"_bbp_anonymous_reply_count":0,"_bbp_topic_count_hidden":0,"_bbp_reply_count_hidden":0,"_bbp_forum_subforum_count":0,"site-sidebar-layout":"default","site-content-layout":"","ast-site-content-layout":"","site-content-style":"default","site-sidebar-style":"default","ast-global-header-display":"","ast-banner-title-visibility":"","ast-main-header-display":"","ast-hfb-above-header-display":"","ast-hfb-below-header-display":"","ast-hfb-mobile-header-display":"","site-post-title":"","ast-breadcrumbs-content":"","ast-featured-img":"","footer-sml-layout":"","theme-transparent-header-meta":"","adv-header-id-meta":"","stick-header-meta":"","header-above-stick-meta":"","header-main-stick-meta":"","header-below-stick-meta":"","astra-migrate-meta-layouts":"default","ast-page-background-enabled":"default","ast-page-background-meta":{"desktop":{"background-color":"var(--ast-global-color-4)","background-image":"","background-repeat":"repeat","background-position":"center center","background-size":"auto","background-attachment":"scroll","background-type":"","background-media":"","overlay-type":"","overlay-color":"","overlay-opacity":"","overlay-gradient":""},"tablet":{"background-color":"","background-image":"","background-repeat":"repeat","background-position":"center center","background-size":"auto","background-attachment":"scroll","background-type":"","background-media":"","overlay-type":"","overlay-color":"","overlay-opacity":"","overlay-gradient":""},"mobile":{"background-color":"","background-image":"","background-repeat":"repeat","background-position":"center center","background-size":"auto","background-attachment":"scroll","background-type":"","background-media":"","overlay-type":"","overlay-color":"","overlay-opacity":"","overlay-gradient":""}},"ast-content-background-meta":{"desktop":{"background-color":"var(--ast-global-color-5)","background-image":"","background-repeat":"repeat","background-position":"center center","background-size":"auto","background-attachment":"scroll","background-type":"","background-media":"","overlay-type":"","overlay-color":"","overlay-opacity":"","overlay-gradient":""},"tablet":{"background-color":"var(--ast-global-color-5)","background-image":"","background-repeat":"repeat","background-position":"center center","background-size":"auto","background-attachment":"scroll","background-type":"","background-media":"","overlay-type":"","overlay-color":"","overlay-opacity":"","overlay-gradient":""},"mobile":{"background-color":"var(--ast-global-color-5)","background-image":"","background-repeat":"repeat","background-position":"center center","background-size":"auto","background-attachment":"scroll","background-type":"","background-media":"","overlay-type":"","overlay-color":"","overlay-opacity":"","overlay-gradient":""}},"footnotes":""},"categories":[1,29],"tags":[158,157,159],"class_list":["post-1201","post","type-post","status-publish","format-standard","hentry","category-general","category-portada","tag-acaps","tag-intercanvi-cartes","tag-refugiats-saharauis"],"post_mailing_queue_ids":[],"_links":{"self":[{"href":"https:\/\/agora.xtec.cat\/insdesantacoloma\/wp-json\/wp\/v2\/posts\/1201","targetHints":{"allow":["GET"]}}],"collection":[{"href":"https:\/\/agora.xtec.cat\/insdesantacoloma\/wp-json\/wp\/v2\/posts"}],"about":[{"href":"https:\/\/agora.xtec.cat\/insdesantacoloma\/wp-json\/wp\/v2\/types\/post"}],"author":[{"embeddable":true,"href":"https:\/\/agora.xtec.cat\/insdesantacoloma\/wp-json\/wp\/v2\/users\/1"}],"replies":[{"embeddable":true,"href":"https:\/\/agora.xtec.cat\/insdesantacoloma\/wp-json\/wp\/v2\/comments?post=1201"}],"version-history":[{"count":3,"href":"https:\/\/agora.xtec.cat\/insdesantacoloma\/wp-json\/wp\/v2\/posts\/1201\/revisions"}],"predecessor-version":[{"id":1212,"href":"https:\/\/agora.xtec.cat\/insdesantacoloma\/wp-json\/wp\/v2\/posts\/1201\/revisions\/1212"}],"wp:attachment":[{"href":"https:\/\/agora.xtec.cat\/insdesantacoloma\/wp-json\/wp\/v2\/media?parent=1201"}],"wp:term":[{"taxonomy":"category","embeddable":true,"href":"https:\/\/agora.xtec.cat\/insdesantacoloma\/wp-json\/wp\/v2\/categories?post=1201"},{"taxonomy":"post_tag","embeddable":true,"href":"https:\/\/agora.xtec.cat\/insdesantacoloma\/wp-json\/wp\/v2\/tags?post=1201"}],"curies":[{"name":"wp","href":"https:\/\/api.w.org\/{rel}","templated":true}]}}