{"id":9691,"date":"2022-09-15T22:22:25","date_gmt":"2022-09-15T20:22:25","guid":{"rendered":"https:\/\/agora.xtec.cat\/insdertosa\/?p=9691"},"modified":"2022-09-15T22:22:25","modified_gmt":"2022-09-15T20:22:25","slug":"collaboracio-amb-lescola-dart-i-lexposicio-aterrem","status":"publish","type":"post","link":"https:\/\/agora.xtec.cat\/insdertosa\/portada\/collaboracio-amb-lescola-dart-i-lexposicio-aterrem\/","title":{"rendered":"Col\u00b7laboraci\u00f3 amb l&#8217;Escola d&#8217;Art i l&#8217;Exposici\u00f3 Aterrem"},"content":{"rendered":"<p style=\"font-weight: 400\">Des de fa un parell de cursos, l&#8217;Institut Dertosa i l&#8217;Escola d&#8217;Art de Tortosa col\u00b7laboren estretament per tal d&#8217;oferir una educaci\u00f3 de millor qualitat a l&#8217;alumnat del Batxillerat Art\u00edstic del nostre centre. El passat dimecres 14 de setembre vam encetar el curs amb les classes de la modalitat d&#8217;arts pl\u00e0stiques a les instal\u00b7lacions ubicades a la Pla\u00e7a de Sant Joan, al centre hist\u00f2ric de la ciutat de Tortosa.<\/p>\n<p style=\"font-weight: 400\">La t\u00e8cnica d&#8217;exposicions, Maria Pons, ens va oferir una visita guiada a la recentment inaugurada exposici\u00f3 que versa sobre un element com\u00fa: la Lluna. Aquesta exposici\u00f3 forma part d\u2019ATERREM i t\u00e9 com a finalitat reflexionar sobre com gestionem el nostre entorn natural. Des de l&#8217;Escola per l&#8217;Art i la Cultura es convida a tothom a participar en l&#8217;activitat que es dur\u00e0 a terme divendres 16 de setembre a les 18 h (ATERREM I), aix\u00ed com dissabte 17 de setembre a les 11\u202fh (ATERREM II).<\/p>\n<p><a href=\"https:\/\/agora.xtec.cat\/insdertosa\/wp-content\/uploads\/usu144\/2022\/09\/aterrem.jpg\"><img loading=\"lazy\" decoding=\"async\" class=\"alignnone size-large wp-image-9692\" src=\"https:\/\/agora.xtec.cat\/insdertosa\/wp-content\/uploads\/usu144\/2022\/09\/aterrem-1024x768.jpg\" alt=\"\" width=\"1024\" height=\"768\" srcset=\"https:\/\/agora.xtec.cat\/insdertosa\/wp-content\/uploads\/usu144\/2022\/09\/aterrem-1024x768.jpg 1024w, https:\/\/agora.xtec.cat\/insdertosa\/wp-content\/uploads\/usu144\/2022\/09\/aterrem-300x225.jpg 300w, https:\/\/agora.xtec.cat\/insdertosa\/wp-content\/uploads\/usu144\/2022\/09\/aterrem-768x576.jpg 768w, https:\/\/agora.xtec.cat\/insdertosa\/wp-content\/uploads\/usu144\/2022\/09\/aterrem-1536x1152.jpg 1536w, https:\/\/agora.xtec.cat\/insdertosa\/wp-content\/uploads\/usu144\/2022\/09\/aterrem-200x150.jpg 200w, https:\/\/agora.xtec.cat\/insdertosa\/wp-content\/uploads\/usu144\/2022\/09\/aterrem.jpg 1600w\" sizes=\"auto, (max-width: 1024px) 100vw, 1024px\" \/><\/a><\/p>\n<p style=\"font-weight: 400\">Compartim aqu\u00ed l&#8217;enlla\u00e7 a les inscripcions:<\/p>\n<p style=\"font-weight: 400\">ATERREM I:\u00a0<a href=\"https:\/\/www.dipta.cat\/eac\/oferta-formativa\/activitat-educativa-aterrem\" data-saferedirecturl=\"https:\/\/www.google.com\/url?q=https:\/\/www.dipta.cat\/eac\/oferta-formativa\/activitat-educativa-aterrem&amp;source=gmail&amp;ust=1663359275295000&amp;usg=AOvVaw20aOSZMuRfNnrhaCvN3TTY\">https:\/\/www.dipta.cat\/eac\/oferta-formativa\/activitat-educativa-aterrem<\/a><\/p>\n<p style=\"font-weight: 400\">ATERREM II:\u00a0<a href=\"https:\/\/www.dipta.cat\/eac\/oferta-formativa\/activitat-educativa-aterrem-ii\" data-saferedirecturl=\"https:\/\/www.google.com\/url?q=https:\/\/www.dipta.cat\/eac\/oferta-formativa\/activitat-educativa-aterrem-ii&amp;source=gmail&amp;ust=1663359275295000&amp;usg=AOvVaw2bbdkF30ATImB7BAvoqlxW\">https:\/\/www.dipta.cat\/eac\/oferta-formativa\/activitat-educativa-aterrem-ii<\/a><\/p>\n<p style=\"font-weight: 400\">Desitgem a tots i a totes\u00a0 un molt bon curs 2022 \u2013 2023 carregat d&#8217;Art i de Cultura!<\/p>\n<p><a href=\"https:\/\/agora.xtec.cat\/insdertosa\/wp-content\/uploads\/usu144\/2022\/09\/WhatsApp-Image-2022-09-14-at-11.59.10.jpeg\"><img loading=\"lazy\" decoding=\"async\" class=\"alignnone size-large wp-image-9693\" src=\"https:\/\/agora.xtec.cat\/insdertosa\/wp-content\/uploads\/usu144\/2022\/09\/WhatsApp-Image-2022-09-14-at-11.59.10-1024x576.jpeg\" alt=\"\" width=\"1024\" height=\"576\" srcset=\"https:\/\/agora.xtec.cat\/insdertosa\/wp-content\/uploads\/usu144\/2022\/09\/WhatsApp-Image-2022-09-14-at-11.59.10-1024x576.jpeg 1024w, https:\/\/agora.xtec.cat\/insdertosa\/wp-content\/uploads\/usu144\/2022\/09\/WhatsApp-Image-2022-09-14-at-11.59.10-300x169.jpeg 300w, https:\/\/agora.xtec.cat\/insdertosa\/wp-content\/uploads\/usu144\/2022\/09\/WhatsApp-Image-2022-09-14-at-11.59.10-768x432.jpeg 768w, https:\/\/agora.xtec.cat\/insdertosa\/wp-content\/uploads\/usu144\/2022\/09\/WhatsApp-Image-2022-09-14-at-11.59.10-1536x864.jpeg 1536w, https:\/\/agora.xtec.cat\/insdertosa\/wp-content\/uploads\/usu144\/2022\/09\/WhatsApp-Image-2022-09-14-at-11.59.10.jpeg 1600w\" sizes=\"auto, (max-width: 1024px) 100vw, 1024px\" \/><\/a><\/p>\n","protected":false},"excerpt":{"rendered":"<p>Des de fa un parell de cursos, l&#8217;Institut Dertosa i l&#8217;Escola d&#8217;Art de Tortosa col\u00b7laboren estretament per tal d&#8217;oferir una educaci\u00f3 de millor qualitat a l&#8217;alumnat del Batxillerat Art\u00edstic del nostre centre. El passat dimecres 14 de setembre vam encetar el curs amb les classes de la modalitat d&#8217;arts pl\u00e0stiques a les instal\u00b7lacions ubicades a [&hellip;]<\/p>\n","protected":false},"author":148,"featured_media":0,"comment_status":"open","ping_status":"closed","sticky":false,"template":"","format":"standard","meta":{"_bbp_topic_count":0,"_bbp_reply_count":0,"_bbp_total_topic_count":0,"_bbp_total_reply_count":0,"_bbp_voice_count":0,"_bbp_anonymous_reply_count":0,"_bbp_topic_count_hidden":0,"_bbp_reply_count_hidden":0,"_bbp_forum_subforum_count":0,"site-sidebar-layout":"default","site-content-layout":"","ast-site-content-layout":"","site-content-style":"default","site-sidebar-style":"default","ast-global-header-display":"","ast-banner-title-visibility":"","ast-main-header-display":"","ast-hfb-above-header-display":"","ast-hfb-below-header-display":"","ast-hfb-mobile-header-display":"","site-post-title":"","ast-breadcrumbs-content":"","ast-featured-img":"","footer-sml-layout":"","theme-transparent-header-meta":"","adv-header-id-meta":"","stick-header-meta":"","header-above-stick-meta":"","header-main-stick-meta":"","header-below-stick-meta":"","astra-migrate-meta-layouts":"default","ast-page-background-enabled":"default","ast-page-background-meta":{"desktop":{"background-color":"var(--ast-global-color-5)","background-image":"","background-repeat":"repeat","background-position":"center center","background-size":"auto","background-attachment":"scroll","background-type":"","background-media":"","overlay-type":"","overlay-color":"","overlay-opacity":"","overlay-gradient":""},"tablet":{"background-color":"","background-image":"","background-repeat":"repeat","background-position":"center center","background-size":"auto","background-attachment":"scroll","background-type":"","background-media":"","overlay-type":"","overlay-color":"","overlay-opacity":"","overlay-gradient":""},"mobile":{"background-color":"","background-image":"","background-repeat":"repeat","background-position":"center center","background-size":"auto","background-attachment":"scroll","background-type":"","background-media":"","overlay-type":"","overlay-color":"","overlay-opacity":"","overlay-gradient":""}},"ast-content-background-meta":{"desktop":{"background-color":"var(--ast-global-color-4)","background-image":"","background-repeat":"repeat","background-position":"center center","background-size":"auto","background-attachment":"scroll","background-type":"","background-media":"","overlay-type":"","overlay-color":"","overlay-opacity":"","overlay-gradient":""},"tablet":{"background-color":"var(--ast-global-color-4)","background-image":"","background-repeat":"repeat","background-position":"center center","background-size":"auto","background-attachment":"scroll","background-type":"","background-media":"","overlay-type":"","overlay-color":"","overlay-opacity":"","overlay-gradient":""},"mobile":{"background-color":"var(--ast-global-color-4)","background-image":"","background-repeat":"repeat","background-position":"center center","background-size":"auto","background-attachment":"scroll","background-type":"","background-media":"","overlay-type":"","overlay-color":"","overlay-opacity":"","overlay-gradient":""}},"footnotes":""},"categories":[29],"tags":[],"class_list":["post-9691","post","type-post","status-publish","format-standard","hentry","category-portada"],"post_mailing_queue_ids":[],"_links":{"self":[{"href":"https:\/\/agora.xtec.cat\/insdertosa\/wp-json\/wp\/v2\/posts\/9691","targetHints":{"allow":["GET"]}}],"collection":[{"href":"https:\/\/agora.xtec.cat\/insdertosa\/wp-json\/wp\/v2\/posts"}],"about":[{"href":"https:\/\/agora.xtec.cat\/insdertosa\/wp-json\/wp\/v2\/types\/post"}],"author":[{"embeddable":true,"href":"https:\/\/agora.xtec.cat\/insdertosa\/wp-json\/wp\/v2\/users\/148"}],"replies":[{"embeddable":true,"href":"https:\/\/agora.xtec.cat\/insdertosa\/wp-json\/wp\/v2\/comments?post=9691"}],"version-history":[{"count":1,"href":"https:\/\/agora.xtec.cat\/insdertosa\/wp-json\/wp\/v2\/posts\/9691\/revisions"}],"predecessor-version":[{"id":9694,"href":"https:\/\/agora.xtec.cat\/insdertosa\/wp-json\/wp\/v2\/posts\/9691\/revisions\/9694"}],"wp:attachment":[{"href":"https:\/\/agora.xtec.cat\/insdertosa\/wp-json\/wp\/v2\/media?parent=9691"}],"wp:term":[{"taxonomy":"category","embeddable":true,"href":"https:\/\/agora.xtec.cat\/insdertosa\/wp-json\/wp\/v2\/categories?post=9691"},{"taxonomy":"post_tag","embeddable":true,"href":"https:\/\/agora.xtec.cat\/insdertosa\/wp-json\/wp\/v2\/tags?post=9691"}],"curies":[{"name":"wp","href":"https:\/\/api.w.org\/{rel}","templated":true}]}}