{"id":9683,"date":"2022-09-11T20:41:32","date_gmt":"2022-09-11T18:41:32","guid":{"rendered":"https:\/\/agora.xtec.cat\/insdertosa\/?p=9683"},"modified":"2022-09-11T20:41:32","modified_gmt":"2022-09-11T18:41:32","slug":"bon-balanc-de-lintercanvi-dalemany","status":"publish","type":"post","link":"https:\/\/agora.xtec.cat\/insdertosa\/portada\/bon-balanc-de-lintercanvi-dalemany\/","title":{"rendered":"Bon balan\u00e7 de l&#8217;intercanvi d&#8217;alemany"},"content":{"rendered":"<p>Els darrers dies de l&#8217;intercanvi tamb\u00e9 han estat for\u00e7a carregats d&#8217;activitats. Divendres 9 de setembre, a part de la participaci\u00f3 a les classes acad\u00e8miques habituals, la professora Gemma Uni\u00f3 va preparar una activitat art\u00edstica que portava el nostre alumnat a relacionar el concepte Alemanya amb la producci\u00f3 art\u00edstica que creguessin oportuna. El resultat ens va deixar molt satisfets per l&#8217;inter\u00e8s que varen demostrar en la seua realitzaci\u00f3.\u00a0 Els professors, a la vegada, vam voler assistir a una classe d&#8217;art de batxillerat, en la qual vam poder veure una interessant producci\u00f3 dels alumnes que es pot veure en exposicions diverses.<\/p>\n<p><a href=\"https:\/\/agora.xtec.cat\/insdertosa\/wp-content\/uploads\/usu144\/2022\/09\/art.jpg\"><img loading=\"lazy\" decoding=\"async\" class=\"alignnone size-large wp-image-9684\" src=\"https:\/\/agora.xtec.cat\/insdertosa\/wp-content\/uploads\/usu144\/2022\/09\/art-746x1024.jpg\" alt=\"\" width=\"746\" height=\"1024\" srcset=\"https:\/\/agora.xtec.cat\/insdertosa\/wp-content\/uploads\/usu144\/2022\/09\/art-746x1024.jpg 746w, https:\/\/agora.xtec.cat\/insdertosa\/wp-content\/uploads\/usu144\/2022\/09\/art-219x300.jpg 219w, https:\/\/agora.xtec.cat\/insdertosa\/wp-content\/uploads\/usu144\/2022\/09\/art-768x1054.jpg 768w, https:\/\/agora.xtec.cat\/insdertosa\/wp-content\/uploads\/usu144\/2022\/09\/art.jpg 866w\" sizes=\"auto, (max-width: 746px) 100vw, 746px\" \/><\/a><\/p>\n<p>Al migdia es va organitzar l&#8217;habitual dinar amb les fam\u00edlies per mitj\u00e0 d&#8217;una rostida que va amenitzar el nostre alumne Jordi Vidiella amb diverses interpretacions de m\u00fasica popular a la guitarra. Divendres la nit l&#8217;alumnat va organitzar una festa col\u00b7lectiva que va ajudar a cohesionar el grup. Durant el cap de setmana han realitzat visites a la zona d&#8217;outlet i de l&#8217;Autostadt Volkswagen, a camps d&#8217;atraccions regionals o al centre comercial de Hannover.<\/p>\n<p>Ja ha arribat l&#8217;hora dels ad\u00e9us. Ha sigut una experi\u00e8ncia acad\u00e8mica i social de primer nivell.<\/p>\n","protected":false},"excerpt":{"rendered":"<p>Els darrers dies de l&#8217;intercanvi tamb\u00e9 han estat for\u00e7a carregats d&#8217;activitats. Divendres 9 de setembre, a part de la participaci\u00f3 a les classes acad\u00e8miques habituals, la professora Gemma Uni\u00f3 va preparar una activitat art\u00edstica que portava el nostre alumnat a relacionar el concepte Alemanya amb la producci\u00f3 art\u00edstica que creguessin oportuna. El resultat ens va [&hellip;]<\/p>\n","protected":false},"author":148,"featured_media":0,"comment_status":"open","ping_status":"closed","sticky":false,"template":"","format":"standard","meta":{"_bbp_topic_count":0,"_bbp_reply_count":0,"_bbp_total_topic_count":0,"_bbp_total_reply_count":0,"_bbp_voice_count":0,"_bbp_anonymous_reply_count":0,"_bbp_topic_count_hidden":0,"_bbp_reply_count_hidden":0,"_bbp_forum_subforum_count":0,"site-sidebar-layout":"default","site-content-layout":"","ast-site-content-layout":"","site-content-style":"default","site-sidebar-style":"default","ast-global-header-display":"","ast-banner-title-visibility":"","ast-main-header-display":"","ast-hfb-above-header-display":"","ast-hfb-below-header-display":"","ast-hfb-mobile-header-display":"","site-post-title":"","ast-breadcrumbs-content":"","ast-featured-img":"","footer-sml-layout":"","theme-transparent-header-meta":"","adv-header-id-meta":"","stick-header-meta":"","header-above-stick-meta":"","header-main-stick-meta":"","header-below-stick-meta":"","astra-migrate-meta-layouts":"default","ast-page-background-enabled":"default","ast-page-background-meta":{"desktop":{"background-color":"var(--ast-global-color-5)","background-image":"","background-repeat":"repeat","background-position":"center center","background-size":"auto","background-attachment":"scroll","background-type":"","background-media":"","overlay-type":"","overlay-color":"","overlay-opacity":"","overlay-gradient":""},"tablet":{"background-color":"","background-image":"","background-repeat":"repeat","background-position":"center center","background-size":"auto","background-attachment":"scroll","background-type":"","background-media":"","overlay-type":"","overlay-color":"","overlay-opacity":"","overlay-gradient":""},"mobile":{"background-color":"","background-image":"","background-repeat":"repeat","background-position":"center center","background-size":"auto","background-attachment":"scroll","background-type":"","background-media":"","overlay-type":"","overlay-color":"","overlay-opacity":"","overlay-gradient":""}},"ast-content-background-meta":{"desktop":{"background-color":"var(--ast-global-color-4)","background-image":"","background-repeat":"repeat","background-position":"center center","background-size":"auto","background-attachment":"scroll","background-type":"","background-media":"","overlay-type":"","overlay-color":"","overlay-opacity":"","overlay-gradient":""},"tablet":{"background-color":"var(--ast-global-color-4)","background-image":"","background-repeat":"repeat","background-position":"center center","background-size":"auto","background-attachment":"scroll","background-type":"","background-media":"","overlay-type":"","overlay-color":"","overlay-opacity":"","overlay-gradient":""},"mobile":{"background-color":"var(--ast-global-color-4)","background-image":"","background-repeat":"repeat","background-position":"center center","background-size":"auto","background-attachment":"scroll","background-type":"","background-media":"","overlay-type":"","overlay-color":"","overlay-opacity":"","overlay-gradient":""}},"footnotes":""},"categories":[29],"tags":[],"class_list":["post-9683","post","type-post","status-publish","format-standard","hentry","category-portada"],"post_mailing_queue_ids":[],"_links":{"self":[{"href":"https:\/\/agora.xtec.cat\/insdertosa\/wp-json\/wp\/v2\/posts\/9683","targetHints":{"allow":["GET"]}}],"collection":[{"href":"https:\/\/agora.xtec.cat\/insdertosa\/wp-json\/wp\/v2\/posts"}],"about":[{"href":"https:\/\/agora.xtec.cat\/insdertosa\/wp-json\/wp\/v2\/types\/post"}],"author":[{"embeddable":true,"href":"https:\/\/agora.xtec.cat\/insdertosa\/wp-json\/wp\/v2\/users\/148"}],"replies":[{"embeddable":true,"href":"https:\/\/agora.xtec.cat\/insdertosa\/wp-json\/wp\/v2\/comments?post=9683"}],"version-history":[{"count":1,"href":"https:\/\/agora.xtec.cat\/insdertosa\/wp-json\/wp\/v2\/posts\/9683\/revisions"}],"predecessor-version":[{"id":9685,"href":"https:\/\/agora.xtec.cat\/insdertosa\/wp-json\/wp\/v2\/posts\/9683\/revisions\/9685"}],"wp:attachment":[{"href":"https:\/\/agora.xtec.cat\/insdertosa\/wp-json\/wp\/v2\/media?parent=9683"}],"wp:term":[{"taxonomy":"category","embeddable":true,"href":"https:\/\/agora.xtec.cat\/insdertosa\/wp-json\/wp\/v2\/categories?post=9683"},{"taxonomy":"post_tag","embeddable":true,"href":"https:\/\/agora.xtec.cat\/insdertosa\/wp-json\/wp\/v2\/tags?post=9683"}],"curies":[{"name":"wp","href":"https:\/\/api.w.org\/{rel}","templated":true}]}}