{"id":9316,"date":"2022-05-09T17:56:19","date_gmt":"2022-05-09T15:56:19","guid":{"rendered":"https:\/\/agora.xtec.cat\/insdertosa\/?p=9316"},"modified":"2022-05-09T17:57:08","modified_gmt":"2022-05-09T15:57:08","slug":"ii-jornades-de-memoria-democratica-a-lins-dertosa","status":"publish","type":"post","link":"https:\/\/agora.xtec.cat\/insdertosa\/general\/ii-jornades-de-memoria-democratica-a-lins-dertosa\/","title":{"rendered":"II Jornades de Mem\u00f2ria Democr\u00e0tica a l&#8217;INS Dertosa"},"content":{"rendered":"<p style=\"text-align: justify\">Estos mesos d&#8217;abril i maig s&#8217;han celebrat les II Jornades de Mem\u00f2ria Democr\u00e0tica a l&#8217;INS Dertosa. Si l&#8217;any passat s&#8217;organitz\u00e0 una Setmana de la Mem\u00f2ria Hist\u00f2rica, enguany s&#8217;ha espaiat el desenvolupament d&#8217;aquestes activitats.<\/p>\n<p style=\"text-align: justify\">La primera activitat que es port\u00e0 a terme, el 20 d&#8217;abril, fou la xarrada d&#8217;Antoni Cid, historiador i exprofessor del centre, sobre les Brigades Internacionals. L&#8217;alumnat de 4t d&#8217;ESO assist\u00ed a una confer\u00e8ncia molt ben preparada, amb l&#8217;\u00fas de fonts variades per a entendre el que suposaren els milers de brigadistes que feren cap a la Guerra d&#8217;Espanya entre 1936 i 1938.<\/p>\n<p><a href=\"https:\/\/agora.xtec.cat\/insdertosa\/wp-content\/uploads\/usu144\/2022\/05\/1652110182260.jpg\"><img loading=\"lazy\" decoding=\"async\" class=\"wp-image-9317 aligncenter\" src=\"https:\/\/agora.xtec.cat\/insdertosa\/wp-content\/uploads\/usu144\/2022\/05\/1652110182260-1024x908.jpg\" alt=\"\" width=\"438\" height=\"389\" srcset=\"https:\/\/agora.xtec.cat\/insdertosa\/wp-content\/uploads\/usu144\/2022\/05\/1652110182260-1024x908.jpg 1024w, https:\/\/agora.xtec.cat\/insdertosa\/wp-content\/uploads\/usu144\/2022\/05\/1652110182260-300x266.jpg 300w, https:\/\/agora.xtec.cat\/insdertosa\/wp-content\/uploads\/usu144\/2022\/05\/1652110182260-768x681.jpg 768w, https:\/\/agora.xtec.cat\/insdertosa\/wp-content\/uploads\/usu144\/2022\/05\/1652110182260.jpg 1080w\" sizes=\"auto, (max-width: 438px) 100vw, 438px\" \/><\/a><\/p>\n<p><a href=\"https:\/\/agora.xtec.cat\/insdertosa\/wp-content\/uploads\/usu144\/2022\/05\/1652110182244.jpg\"><img loading=\"lazy\" decoding=\"async\" class=\"wp-image-9318 aligncenter\" src=\"https:\/\/agora.xtec.cat\/insdertosa\/wp-content\/uploads\/usu144\/2022\/05\/1652110182244-1024x1022.jpg\" alt=\"\" width=\"440\" height=\"439\" srcset=\"https:\/\/agora.xtec.cat\/insdertosa\/wp-content\/uploads\/usu144\/2022\/05\/1652110182244-1024x1022.jpg 1024w, https:\/\/agora.xtec.cat\/insdertosa\/wp-content\/uploads\/usu144\/2022\/05\/1652110182244-300x300.jpg 300w, https:\/\/agora.xtec.cat\/insdertosa\/wp-content\/uploads\/usu144\/2022\/05\/1652110182244-150x150.jpg 150w, https:\/\/agora.xtec.cat\/insdertosa\/wp-content\/uploads\/usu144\/2022\/05\/1652110182244-768x767.jpg 768w, https:\/\/agora.xtec.cat\/insdertosa\/wp-content\/uploads\/usu144\/2022\/05\/1652110182244.jpg 1080w\" sizes=\"auto, (max-width: 440px) 100vw, 440px\" \/><\/a><\/p>\n<p style=\"text-align: justify\">Els alumnes de 3r d&#8217;ESO assitiren a l&#8217;endem\u00e0 a la xarrada de Pau Joan Hern\u00e1ndez sobre el seu llibre l&#8217;Ombra del Stuka, llibre que ells havien llegit.<\/p>\n<p><a href=\"https:\/\/agora.xtec.cat\/insdertosa\/wp-content\/uploads\/usu144\/2022\/05\/1652110182276.jpg\"><br \/>\n<\/a><img loading=\"lazy\" decoding=\"async\" class=\"wp-image-9319 aligncenter\" src=\"https:\/\/agora.xtec.cat\/insdertosa\/wp-content\/uploads\/usu144\/2022\/05\/1652110182276-1024x737.jpg\" alt=\"\" width=\"658\" height=\"474\" srcset=\"https:\/\/agora.xtec.cat\/insdertosa\/wp-content\/uploads\/usu144\/2022\/05\/1652110182276-1024x737.jpg 1024w, https:\/\/agora.xtec.cat\/insdertosa\/wp-content\/uploads\/usu144\/2022\/05\/1652110182276-300x216.jpg 300w, https:\/\/agora.xtec.cat\/insdertosa\/wp-content\/uploads\/usu144\/2022\/05\/1652110182276-768x553.jpg 768w, https:\/\/agora.xtec.cat\/insdertosa\/wp-content\/uploads\/usu144\/2022\/05\/1652110182276.jpg 1080w\" sizes=\"auto, (max-width: 658px) 100vw, 658px\" \/><\/p>\n<p style=\"text-align: justify\">Els alumnes del 1r de Batxillerat art\u00edstic, amb la col\u00b7laboraci\u00f3 d&#8217;alguns alumnes de 2n de Batxillerat art\u00edstic, han participat a l&#8217;exposici\u00f3 &#8220;Objets-m\u00e9moire de l&#8217;exil espagnol&#8221;, que es desenvolupa a Tolosa de Llenguadoc. L&#8217;activitat est\u00e0 organitzada pel Centre Toulousain de documentation sur l&#8217;exil espagnol, del 27 d&#8217;abril al 13 de maig.<\/p>\n<p><a href=\"https:\/\/agora.xtec.cat\/insdertosa\/wp-content\/uploads\/usu144\/2022\/05\/1652110182349.jpg\"><img loading=\"lazy\" decoding=\"async\" class=\"aligncenter size-medium wp-image-9320\" src=\"https:\/\/agora.xtec.cat\/insdertosa\/wp-content\/uploads\/usu144\/2022\/05\/1652110182349-275x300.jpg\" alt=\"\" width=\"275\" height=\"300\" srcset=\"https:\/\/agora.xtec.cat\/insdertosa\/wp-content\/uploads\/usu144\/2022\/05\/1652110182349-275x300.jpg 275w, https:\/\/agora.xtec.cat\/insdertosa\/wp-content\/uploads\/usu144\/2022\/05\/1652110182349-938x1024.jpg 938w, https:\/\/agora.xtec.cat\/insdertosa\/wp-content\/uploads\/usu144\/2022\/05\/1652110182349-768x839.jpg 768w, https:\/\/agora.xtec.cat\/insdertosa\/wp-content\/uploads\/usu144\/2022\/05\/1652110182349-1406x1536.jpg 1406w, https:\/\/agora.xtec.cat\/insdertosa\/wp-content\/uploads\/usu144\/2022\/05\/1652110182349.jpg 1875w\" sizes=\"auto, (max-width: 275px) 100vw, 275px\" \/><\/a> <a href=\"https:\/\/agora.xtec.cat\/insdertosa\/wp-content\/uploads\/usu144\/2022\/05\/1652110182361.jpg\"><img loading=\"lazy\" decoding=\"async\" class=\" wp-image-9321 aligncenter\" src=\"https:\/\/agora.xtec.cat\/insdertosa\/wp-content\/uploads\/usu144\/2022\/05\/1652110182361-768x1024.jpg\" alt=\"\" width=\"572\" height=\"762\" srcset=\"https:\/\/agora.xtec.cat\/insdertosa\/wp-content\/uploads\/usu144\/2022\/05\/1652110182361-768x1024.jpg 768w, https:\/\/agora.xtec.cat\/insdertosa\/wp-content\/uploads\/usu144\/2022\/05\/1652110182361-225x300.jpg 225w, https:\/\/agora.xtec.cat\/insdertosa\/wp-content\/uploads\/usu144\/2022\/05\/1652110182361-1152x1536.jpg 1152w, https:\/\/agora.xtec.cat\/insdertosa\/wp-content\/uploads\/usu144\/2022\/05\/1652110182361.jpg 1536w\" sizes=\"auto, (max-width: 572px) 100vw, 572px\" \/><\/a> <a href=\"https:\/\/agora.xtec.cat\/insdertosa\/wp-content\/uploads\/usu144\/2022\/05\/1652110182373.jpg\"><img loading=\"lazy\" decoding=\"async\" class=\"wp-image-9322 aligncenter\" src=\"https:\/\/agora.xtec.cat\/insdertosa\/wp-content\/uploads\/usu144\/2022\/05\/1652110182373-1024x566.jpg\" alt=\"\" width=\"486\" height=\"269\" srcset=\"https:\/\/agora.xtec.cat\/insdertosa\/wp-content\/uploads\/usu144\/2022\/05\/1652110182373-1024x566.jpg 1024w, https:\/\/agora.xtec.cat\/insdertosa\/wp-content\/uploads\/usu144\/2022\/05\/1652110182373-300x166.jpg 300w, https:\/\/agora.xtec.cat\/insdertosa\/wp-content\/uploads\/usu144\/2022\/05\/1652110182373-768x425.jpg 768w, https:\/\/agora.xtec.cat\/insdertosa\/wp-content\/uploads\/usu144\/2022\/05\/1652110182373-1536x849.jpg 1536w, https:\/\/agora.xtec.cat\/insdertosa\/wp-content\/uploads\/usu144\/2022\/05\/1652110182373.jpg 1897w\" sizes=\"auto, (max-width: 486px) 100vw, 486px\" \/><\/a> <a href=\"https:\/\/agora.xtec.cat\/insdertosa\/wp-content\/uploads\/usu144\/2022\/05\/1652110182397.jpg\"><img loading=\"lazy\" decoding=\"async\" class=\" wp-image-9323 aligncenter\" src=\"https:\/\/agora.xtec.cat\/insdertosa\/wp-content\/uploads\/usu144\/2022\/05\/1652110182397-768x1024.jpg\" alt=\"\" width=\"437\" height=\"583\" srcset=\"https:\/\/agora.xtec.cat\/insdertosa\/wp-content\/uploads\/usu144\/2022\/05\/1652110182397-768x1024.jpg 768w, https:\/\/agora.xtec.cat\/insdertosa\/wp-content\/uploads\/usu144\/2022\/05\/1652110182397-225x300.jpg 225w, https:\/\/agora.xtec.cat\/insdertosa\/wp-content\/uploads\/usu144\/2022\/05\/1652110182397-1152x1536.jpg 1152w, https:\/\/agora.xtec.cat\/insdertosa\/wp-content\/uploads\/usu144\/2022\/05\/1652110182397.jpg 1536w\" sizes=\"auto, (max-width: 437px) 100vw, 437px\" \/><\/a><\/p>\n<p style=\"text-align: justify\">El dia 27 d&#8217;abril els alumnes de 1r de Batxillerat que cursen la mat\u00e8ria d&#8217;Hist\u00f2ria Contempor\u00e0nia assistiren a la xarrada de Dory Sontheimer. Ella descobr\u00ed set caixes a l&#8217;altell de casa de sos pares. La informaci\u00f3 que hi havia a dins la va ajudar a entendre els silencis dels seus pares, alemanys jueus nacionalitzats espanyols i de fe cat\u00f2lica. Tamb\u00e9 va descobrir la hist\u00f2ria de la seua fam\u00edlia, v\u00edctima de l\u2019Holocaust, en una investigaci\u00f3 que l\u2019ha portada a viatjar fins a Alemanya, \u00c0ustria, Anglaterra, Argentina, Israel, els EUA, el Canad\u00e0 i Tx\u00e8quia i on ha anat trobant alguns familiars amb qui ha pogut recuperar histories silenciades. La xarrada estigu\u00e9 molt profitosa per als alumnes. Acabaven d&#8217;estudiar la Segona Guerra Mundial i comprengueren molt millor la rellev\u00e0ncia del nazisme i l&#8217;Holocaust en primera persona, i amb documentaci\u00f3 extraordin\u00e0ria. La xarrada es feu amb el suport del Memorial Democr\u00e0tic.<a href=\"https:\/\/agora.xtec.cat\/insdertosa\/wp-content\/uploads\/usu144\/2022\/05\/IMG-20220427-WA0010.jpg\"><br \/>\n<\/a><\/p>\n<p><a href=\"https:\/\/agora.xtec.cat\/insdertosa\/wp-content\/uploads\/usu144\/2022\/05\/IMG-20220427-WA0010.jpg\"><img loading=\"lazy\" decoding=\"async\" class=\"aligncenter wp-image-9326\" src=\"https:\/\/agora.xtec.cat\/insdertosa\/wp-content\/uploads\/usu144\/2022\/05\/IMG-20220427-WA0010-300x225.jpg\" alt=\"\" width=\"411\" height=\"308\" srcset=\"https:\/\/agora.xtec.cat\/insdertosa\/wp-content\/uploads\/usu144\/2022\/05\/IMG-20220427-WA0010-300x225.jpg 300w, https:\/\/agora.xtec.cat\/insdertosa\/wp-content\/uploads\/usu144\/2022\/05\/IMG-20220427-WA0010-1024x768.jpg 1024w, https:\/\/agora.xtec.cat\/insdertosa\/wp-content\/uploads\/usu144\/2022\/05\/IMG-20220427-WA0010-768x576.jpg 768w, https:\/\/agora.xtec.cat\/insdertosa\/wp-content\/uploads\/usu144\/2022\/05\/IMG-20220427-WA0010-1536x1152.jpg 1536w, https:\/\/agora.xtec.cat\/insdertosa\/wp-content\/uploads\/usu144\/2022\/05\/IMG-20220427-WA0010-200x150.jpg 200w, https:\/\/agora.xtec.cat\/insdertosa\/wp-content\/uploads\/usu144\/2022\/05\/IMG-20220427-WA0010.jpg 2048w\" sizes=\"auto, (max-width: 411px) 100vw, 411px\" \/><\/a><\/p>\n<p style=\"text-align: justify\">Finalment, estes setmanes hem tingut a la biblioteca del centre l&#8217;exposici\u00f3 &#8220;Portes de la mem\u00f2ria. Deportaci\u00f3 dels republicans ampostins als camps de concentraci\u00f3&#8221;. Un bon munt\u00f3 d&#8217;alumnes han pogut passar-s&#8217;hi per con\u00e9ixer la hist\u00f2ria dels deportats d&#8217;Amposta que feren a camps com Mauthausen. L&#8217;exposici\u00f3 s&#8217;ha desenvolupat gr\u00e0cies al suport del grup impulsor Portes de la Mem\u00f2ria-DEMD Ebre a trav\u00e9s de Llu\u00eds Montull i Carme Maig\u00ed.<\/p>\n<p><a href=\"https:\/\/agora.xtec.cat\/insdertosa\/wp-content\/uploads\/usu144\/2022\/05\/1652109908029.jpg\"><img loading=\"lazy\" decoding=\"async\" class=\"aligncenter wp-image-9327\" src=\"https:\/\/agora.xtec.cat\/insdertosa\/wp-content\/uploads\/usu144\/2022\/05\/1652109908029-300x165.jpg\" alt=\"\" width=\"482\" height=\"265\" srcset=\"https:\/\/agora.xtec.cat\/insdertosa\/wp-content\/uploads\/usu144\/2022\/05\/1652109908029-300x165.jpg 300w, https:\/\/agora.xtec.cat\/insdertosa\/wp-content\/uploads\/usu144\/2022\/05\/1652109908029-1024x564.jpg 1024w, https:\/\/agora.xtec.cat\/insdertosa\/wp-content\/uploads\/usu144\/2022\/05\/1652109908029-768x423.jpg 768w, https:\/\/agora.xtec.cat\/insdertosa\/wp-content\/uploads\/usu144\/2022\/05\/1652109908029-1536x846.jpg 1536w, https:\/\/agora.xtec.cat\/insdertosa\/wp-content\/uploads\/usu144\/2022\/05\/1652109908029.jpg 2012w\" sizes=\"auto, (max-width: 482px) 100vw, 482px\" \/><\/a><\/p>\n<p style=\"text-align: justify\">\n","protected":false},"excerpt":{"rendered":"<p>Estos mesos d&#8217;abril i maig s&#8217;han celebrat les II Jornades de Mem\u00f2ria Democr\u00e0tica a l&#8217;INS Dertosa. Si l&#8217;any passat s&#8217;organitz\u00e0 una Setmana de la Mem\u00f2ria Hist\u00f2rica, enguany s&#8217;ha espaiat el desenvolupament d&#8217;aquestes activitats. La primera activitat que es port\u00e0 a terme, el 20 d&#8217;abril, fou la xarrada d&#8217;Antoni Cid, historiador i exprofessor del centre, sobre [&hellip;]<\/p>\n","protected":false},"author":149,"featured_media":9325,"comment_status":"open","ping_status":"closed","sticky":false,"template":"","format":"standard","meta":{"_bbp_topic_count":0,"_bbp_reply_count":0,"_bbp_total_topic_count":0,"_bbp_total_reply_count":0,"_bbp_voice_count":0,"_bbp_anonymous_reply_count":0,"_bbp_topic_count_hidden":0,"_bbp_reply_count_hidden":0,"_bbp_forum_subforum_count":0,"site-sidebar-layout":"default","site-content-layout":"","ast-site-content-layout":"","site-content-style":"default","site-sidebar-style":"default","ast-global-header-display":"","ast-banner-title-visibility":"","ast-main-header-display":"","ast-hfb-above-header-display":"","ast-hfb-below-header-display":"","ast-hfb-mobile-header-display":"","site-post-title":"","ast-breadcrumbs-content":"","ast-featured-img":"","footer-sml-layout":"","theme-transparent-header-meta":"","adv-header-id-meta":"","stick-header-meta":"","header-above-stick-meta":"","header-main-stick-meta":"","header-below-stick-meta":"","astra-migrate-meta-layouts":"default","ast-page-background-enabled":"default","ast-page-background-meta":{"desktop":{"background-color":"var(--ast-global-color-5)","background-image":"","background-repeat":"repeat","background-position":"center center","background-size":"auto","background-attachment":"scroll","background-type":"","background-media":"","overlay-type":"","overlay-color":"","overlay-opacity":"","overlay-gradient":""},"tablet":{"background-color":"","background-image":"","background-repeat":"repeat","background-position":"center center","background-size":"auto","background-attachment":"scroll","background-type":"","background-media":"","overlay-type":"","overlay-color":"","overlay-opacity":"","overlay-gradient":""},"mobile":{"background-color":"","background-image":"","background-repeat":"repeat","background-position":"center center","background-size":"auto","background-attachment":"scroll","background-type":"","background-media":"","overlay-type":"","overlay-color":"","overlay-opacity":"","overlay-gradient":""}},"ast-content-background-meta":{"desktop":{"background-color":"var(--ast-global-color-4)","background-image":"","background-repeat":"repeat","background-position":"center center","background-size":"auto","background-attachment":"scroll","background-type":"","background-media":"","overlay-type":"","overlay-color":"","overlay-opacity":"","overlay-gradient":""},"tablet":{"background-color":"var(--ast-global-color-4)","background-image":"","background-repeat":"repeat","background-position":"center center","background-size":"auto","background-attachment":"scroll","background-type":"","background-media":"","overlay-type":"","overlay-color":"","overlay-opacity":"","overlay-gradient":""},"mobile":{"background-color":"var(--ast-global-color-4)","background-image":"","background-repeat":"repeat","background-position":"center center","background-size":"auto","background-attachment":"scroll","background-type":"","background-media":"","overlay-type":"","overlay-color":"","overlay-opacity":"","overlay-gradient":""}},"footnotes":""},"categories":[1,29],"tags":[],"class_list":["post-9316","post","type-post","status-publish","format-standard","has-post-thumbnail","hentry","category-general","category-portada"],"post_mailing_queue_ids":[],"_links":{"self":[{"href":"https:\/\/agora.xtec.cat\/insdertosa\/wp-json\/wp\/v2\/posts\/9316","targetHints":{"allow":["GET"]}}],"collection":[{"href":"https:\/\/agora.xtec.cat\/insdertosa\/wp-json\/wp\/v2\/posts"}],"about":[{"href":"https:\/\/agora.xtec.cat\/insdertosa\/wp-json\/wp\/v2\/types\/post"}],"author":[{"embeddable":true,"href":"https:\/\/agora.xtec.cat\/insdertosa\/wp-json\/wp\/v2\/users\/149"}],"replies":[{"embeddable":true,"href":"https:\/\/agora.xtec.cat\/insdertosa\/wp-json\/wp\/v2\/comments?post=9316"}],"version-history":[{"count":2,"href":"https:\/\/agora.xtec.cat\/insdertosa\/wp-json\/wp\/v2\/posts\/9316\/revisions"}],"predecessor-version":[{"id":9329,"href":"https:\/\/agora.xtec.cat\/insdertosa\/wp-json\/wp\/v2\/posts\/9316\/revisions\/9329"}],"wp:featuredmedia":[{"embeddable":true,"href":"https:\/\/agora.xtec.cat\/insdertosa\/wp-json\/wp\/v2\/media\/9325"}],"wp:attachment":[{"href":"https:\/\/agora.xtec.cat\/insdertosa\/wp-json\/wp\/v2\/media?parent=9316"}],"wp:term":[{"taxonomy":"category","embeddable":true,"href":"https:\/\/agora.xtec.cat\/insdertosa\/wp-json\/wp\/v2\/categories?post=9316"},{"taxonomy":"post_tag","embeddable":true,"href":"https:\/\/agora.xtec.cat\/insdertosa\/wp-json\/wp\/v2\/tags?post=9316"}],"curies":[{"name":"wp","href":"https:\/\/api.w.org\/{rel}","templated":true}]}}