{"id":9110,"date":"2022-03-11T21:15:13","date_gmt":"2022-03-11T20:15:13","guid":{"rendered":"https:\/\/agora.xtec.cat\/insdertosa\/?p=9110"},"modified":"2022-03-11T21:15:13","modified_gmt":"2022-03-11T20:15:13","slug":"artistes-reviuen-en-el-retrat","status":"publish","type":"post","link":"https:\/\/agora.xtec.cat\/insdertosa\/general\/artistes-reviuen-en-el-retrat\/","title":{"rendered":"ARTISTES REVIUEN EN EL RETRAT"},"content":{"rendered":"<p dir=\"ltr\">Pots dir m\u00e9s de 5 dones artistes? Per qu\u00e8 no coneixem artistes en femen\u00ed m\u00e9s enll\u00e0 de Frida Kahlo? On s\u00f3n les dones artistes?<\/p>\n<p dir=\"ltr\">La hist\u00f2ria de l&#8217;art ha sigut protagonitzada per infinitat de dones, per\u00f2 paradoxalment mentre s\u00f3n les protagonistes a les parets dels museus, s\u00f3n molt poques les que signen les obres que es mostren en elles. Per aix\u00f2, en aquests treballs realitzats pels alumnes de 1r de batxillerat art\u00edstic en la mat\u00e8ria de T\u00e8cniques d&#8217;expressi\u00f3 gr\u00e0fico-pl\u00e0stica, volem fer reviure les artistes que han format part de la hist\u00f2ria.<\/p>\n<p dir=\"ltr\">En aquesta exposici\u00f3 podem veure una selecci\u00f3 de treballs entorn de la vida i obra d&#8217;artistes com Louise Burgeois, Georgia O&#8217;Keefe, Dora Maar, Hannah H\u00f6ch, Elaine de Kooning, Sonia Delaunay i moltes m\u00e9s. Perqu\u00e8 van existir, van ser rellevants i, per desgr\u00e0cia, tamb\u00e9 van ser oblidades i invisibilitzades.<\/p>\n<p dir=\"ltr\">Perqu\u00e8 el que no es diu i el que no s&#8217;escriu, deixa d&#8217;existir&#8230; i aix\u00f2 va passar amb elles al llarg de molts d&#8217;anys. Nom\u00e9s cal pensar en el llibre d&#8217;art m\u00e9s venut i treballat, el d&#8217;E.H. Gombrich, un llibre tot\u00e8mic on no hi surt ni un nom en femen\u00ed. I, cal sumar-hi les dificultats d&#8217;acc\u00e9s a la professi\u00f3 pel fet de ser dona, ja que estaven obligades a complir amb les seues obligacions naturals com la de ser mare i cuidar la casa. Una naturalesa mancada del &#8220;geni necessari&#8221; per a ser artista. Aquestes din\u00e0miques excloents eren dutes a terme en una \u00e8poca en la qual la consci\u00e8ncia de g\u00e8nere estava molt lluny d&#8217;arribar a lluitar per la igualtat. Per\u00f2, en la societat actual no podem continuar ignorant i negant el lloc de les artistes com a part activa de la hist\u00f2ria de l&#8217;art i que tinguen la pres\u00e8ncia que els hi correspon.<\/p>\n<p dir=\"ltr\">Esperem que pugueu visitar i gaudir la mostra que es troba al hall principal del centre.<\/p>\n<p dir=\"ltr\"><img loading=\"lazy\" decoding=\"async\" class=\"alignnone size-large wp-image-9116\" src=\"https:\/\/agora.xtec.cat\/insdertosa\/wp-content\/uploads\/usu144\/2022\/03\/B321CA1F-D9DD-4DAA-B18A-EE0808F00B50-1-1024x803.jpg\" alt=\"\" width=\"1024\" height=\"803\" srcset=\"https:\/\/agora.xtec.cat\/insdertosa\/wp-content\/uploads\/usu144\/2022\/03\/B321CA1F-D9DD-4DAA-B18A-EE0808F00B50-1-1024x803.jpg 1024w, https:\/\/agora.xtec.cat\/insdertosa\/wp-content\/uploads\/usu144\/2022\/03\/B321CA1F-D9DD-4DAA-B18A-EE0808F00B50-1-300x235.jpg 300w, https:\/\/agora.xtec.cat\/insdertosa\/wp-content\/uploads\/usu144\/2022\/03\/B321CA1F-D9DD-4DAA-B18A-EE0808F00B50-1-768x602.jpg 768w, https:\/\/agora.xtec.cat\/insdertosa\/wp-content\/uploads\/usu144\/2022\/03\/B321CA1F-D9DD-4DAA-B18A-EE0808F00B50-1.jpg 1440w\" sizes=\"auto, (max-width: 1024px) 100vw, 1024px\" \/><\/p>\n<p dir=\"ltr\"><img loading=\"lazy\" decoding=\"async\" class=\"alignnone size-large wp-image-9117\" src=\"https:\/\/agora.xtec.cat\/insdertosa\/wp-content\/uploads\/usu144\/2022\/03\/4AAB2863-02F8-4DAB-A015-FE67F9F34A3D-1-1024x803.jpg\" alt=\"\" width=\"1024\" height=\"803\" srcset=\"https:\/\/agora.xtec.cat\/insdertosa\/wp-content\/uploads\/usu144\/2022\/03\/4AAB2863-02F8-4DAB-A015-FE67F9F34A3D-1-1024x803.jpg 1024w, https:\/\/agora.xtec.cat\/insdertosa\/wp-content\/uploads\/usu144\/2022\/03\/4AAB2863-02F8-4DAB-A015-FE67F9F34A3D-1-300x235.jpg 300w, https:\/\/agora.xtec.cat\/insdertosa\/wp-content\/uploads\/usu144\/2022\/03\/4AAB2863-02F8-4DAB-A015-FE67F9F34A3D-1-768x602.jpg 768w, https:\/\/agora.xtec.cat\/insdertosa\/wp-content\/uploads\/usu144\/2022\/03\/4AAB2863-02F8-4DAB-A015-FE67F9F34A3D-1.jpg 1440w\" sizes=\"auto, (max-width: 1024px) 100vw, 1024px\" \/><\/p>\n<p dir=\"ltr\"><img loading=\"lazy\" decoding=\"async\" class=\"alignnone size-large wp-image-9118\" src=\"https:\/\/agora.xtec.cat\/insdertosa\/wp-content\/uploads\/usu144\/2022\/03\/D5F077AF-0539-45B2-BF27-B27155723234-1024x803.jpg\" alt=\"\" width=\"1024\" height=\"803\" srcset=\"https:\/\/agora.xtec.cat\/insdertosa\/wp-content\/uploads\/usu144\/2022\/03\/D5F077AF-0539-45B2-BF27-B27155723234-1024x803.jpg 1024w, https:\/\/agora.xtec.cat\/insdertosa\/wp-content\/uploads\/usu144\/2022\/03\/D5F077AF-0539-45B2-BF27-B27155723234-300x235.jpg 300w, https:\/\/agora.xtec.cat\/insdertosa\/wp-content\/uploads\/usu144\/2022\/03\/D5F077AF-0539-45B2-BF27-B27155723234-768x602.jpg 768w, https:\/\/agora.xtec.cat\/insdertosa\/wp-content\/uploads\/usu144\/2022\/03\/D5F077AF-0539-45B2-BF27-B27155723234.jpg 1440w\" sizes=\"auto, (max-width: 1024px) 100vw, 1024px\" \/><\/p>\n","protected":false},"excerpt":{"rendered":"<p>Pots dir m\u00e9s de 5 dones artistes? Per qu\u00e8 no coneixem artistes en femen\u00ed m\u00e9s enll\u00e0 de Frida Kahlo? On s\u00f3n les dones artistes? La hist\u00f2ria de l&#8217;art ha sigut protagonitzada per infinitat de dones, per\u00f2 paradoxalment mentre s\u00f3n les protagonistes a les parets dels museus, s\u00f3n molt poques les que signen les obres que [&hellip;]<\/p>\n","protected":false},"author":1,"featured_media":9116,"comment_status":"open","ping_status":"closed","sticky":false,"template":"","format":"standard","meta":{"_bbp_topic_count":0,"_bbp_reply_count":0,"_bbp_total_topic_count":0,"_bbp_total_reply_count":0,"_bbp_voice_count":0,"_bbp_anonymous_reply_count":0,"_bbp_topic_count_hidden":0,"_bbp_reply_count_hidden":0,"_bbp_forum_subforum_count":0,"site-sidebar-layout":"default","site-content-layout":"","ast-site-content-layout":"","site-content-style":"default","site-sidebar-style":"default","ast-global-header-display":"","ast-banner-title-visibility":"","ast-main-header-display":"","ast-hfb-above-header-display":"","ast-hfb-below-header-display":"","ast-hfb-mobile-header-display":"","site-post-title":"","ast-breadcrumbs-content":"","ast-featured-img":"","footer-sml-layout":"","theme-transparent-header-meta":"","adv-header-id-meta":"","stick-header-meta":"","header-above-stick-meta":"","header-main-stick-meta":"","header-below-stick-meta":"","astra-migrate-meta-layouts":"default","ast-page-background-enabled":"default","ast-page-background-meta":{"desktop":{"background-color":"var(--ast-global-color-5)","background-image":"","background-repeat":"repeat","background-position":"center center","background-size":"auto","background-attachment":"scroll","background-type":"","background-media":"","overlay-type":"","overlay-color":"","overlay-opacity":"","overlay-gradient":""},"tablet":{"background-color":"","background-image":"","background-repeat":"repeat","background-position":"center center","background-size":"auto","background-attachment":"scroll","background-type":"","background-media":"","overlay-type":"","overlay-color":"","overlay-opacity":"","overlay-gradient":""},"mobile":{"background-color":"","background-image":"","background-repeat":"repeat","background-position":"center center","background-size":"auto","background-attachment":"scroll","background-type":"","background-media":"","overlay-type":"","overlay-color":"","overlay-opacity":"","overlay-gradient":""}},"ast-content-background-meta":{"desktop":{"background-color":"var(--ast-global-color-4)","background-image":"","background-repeat":"repeat","background-position":"center center","background-size":"auto","background-attachment":"scroll","background-type":"","background-media":"","overlay-type":"","overlay-color":"","overlay-opacity":"","overlay-gradient":""},"tablet":{"background-color":"var(--ast-global-color-4)","background-image":"","background-repeat":"repeat","background-position":"center center","background-size":"auto","background-attachment":"scroll","background-type":"","background-media":"","overlay-type":"","overlay-color":"","overlay-opacity":"","overlay-gradient":""},"mobile":{"background-color":"var(--ast-global-color-4)","background-image":"","background-repeat":"repeat","background-position":"center center","background-size":"auto","background-attachment":"scroll","background-type":"","background-media":"","overlay-type":"","overlay-color":"","overlay-opacity":"","overlay-gradient":""}},"footnotes":""},"categories":[82,1,29,71],"tags":[],"class_list":["post-9110","post","type-post","status-publish","format-standard","has-post-thumbnail","hentry","category-alumnat","category-general","category-portada","category-vip"],"post_mailing_queue_ids":[],"_links":{"self":[{"href":"https:\/\/agora.xtec.cat\/insdertosa\/wp-json\/wp\/v2\/posts\/9110","targetHints":{"allow":["GET"]}}],"collection":[{"href":"https:\/\/agora.xtec.cat\/insdertosa\/wp-json\/wp\/v2\/posts"}],"about":[{"href":"https:\/\/agora.xtec.cat\/insdertosa\/wp-json\/wp\/v2\/types\/post"}],"author":[{"embeddable":true,"href":"https:\/\/agora.xtec.cat\/insdertosa\/wp-json\/wp\/v2\/users\/1"}],"replies":[{"embeddable":true,"href":"https:\/\/agora.xtec.cat\/insdertosa\/wp-json\/wp\/v2\/comments?post=9110"}],"version-history":[{"count":1,"href":"https:\/\/agora.xtec.cat\/insdertosa\/wp-json\/wp\/v2\/posts\/9110\/revisions"}],"predecessor-version":[{"id":9119,"href":"https:\/\/agora.xtec.cat\/insdertosa\/wp-json\/wp\/v2\/posts\/9110\/revisions\/9119"}],"wp:featuredmedia":[{"embeddable":true,"href":"https:\/\/agora.xtec.cat\/insdertosa\/wp-json\/wp\/v2\/media\/9116"}],"wp:attachment":[{"href":"https:\/\/agora.xtec.cat\/insdertosa\/wp-json\/wp\/v2\/media?parent=9110"}],"wp:term":[{"taxonomy":"category","embeddable":true,"href":"https:\/\/agora.xtec.cat\/insdertosa\/wp-json\/wp\/v2\/categories?post=9110"},{"taxonomy":"post_tag","embeddable":true,"href":"https:\/\/agora.xtec.cat\/insdertosa\/wp-json\/wp\/v2\/tags?post=9110"}],"curies":[{"name":"wp","href":"https:\/\/api.w.org\/{rel}","templated":true}]}}