{"id":8966,"date":"2022-02-10T10:26:54","date_gmt":"2022-02-10T09:26:54","guid":{"rendered":"https:\/\/agora.xtec.cat\/insdertosa\/?p=8966"},"modified":"2022-02-10T10:26:54","modified_gmt":"2022-02-10T09:26:54","slug":"cartell-guanyador-portes-obertes","status":"publish","type":"post","link":"https:\/\/agora.xtec.cat\/insdertosa\/general\/cartell-guanyador-portes-obertes\/","title":{"rendered":"Cartell guanyador Portes Obertes"},"content":{"rendered":"<p>Ja tenim el cartell guanyador per a les Portes Obertes del curs 2022-2023.<\/p>\n<p>L&#8217;alumna que l&#8217;ha dissenyat \u00e9s Laia Gombau Deosdad, del Batxillerat d&#8217;Arts Pl\u00e0stiques.<\/p>\n<p>Aquest disseny formar\u00e0 part dels cartells de Portes Obertes i els dossiers informatius d&#8217;ESO i Batxillerat aix\u00ed com de la portada de l&#8217;agenda de l&#8217;alumnat per al curs 22-23.<\/p>\n<p>Moltes felicitacions a l&#8217;alumna i esperem que us agradi!<\/p>\n<p><img loading=\"lazy\" decoding=\"async\" class=\"alignnone  wp-image-8967\" src=\"https:\/\/agora.xtec.cat\/insdertosa\/wp-content\/uploads\/usu144\/2022\/02\/ESO-COLOR-JPG-724x1024.jpg\" alt=\"\" width=\"448\" height=\"634\" srcset=\"https:\/\/agora.xtec.cat\/insdertosa\/wp-content\/uploads\/usu144\/2022\/02\/ESO-COLOR-JPG-724x1024.jpg 724w, https:\/\/agora.xtec.cat\/insdertosa\/wp-content\/uploads\/usu144\/2022\/02\/ESO-COLOR-JPG-212x300.jpg 212w, https:\/\/agora.xtec.cat\/insdertosa\/wp-content\/uploads\/usu144\/2022\/02\/ESO-COLOR-JPG-768x1086.jpg 768w, https:\/\/agora.xtec.cat\/insdertosa\/wp-content\/uploads\/usu144\/2022\/02\/ESO-COLOR-JPG-1086x1536.jpg 1086w, https:\/\/agora.xtec.cat\/insdertosa\/wp-content\/uploads\/usu144\/2022\/02\/ESO-COLOR-JPG-1448x2048.jpg 1448w, https:\/\/agora.xtec.cat\/insdertosa\/wp-content\/uploads\/usu144\/2022\/02\/ESO-COLOR-JPG.jpg 1587w\" sizes=\"auto, (max-width: 448px) 100vw, 448px\" \/><\/p>\n","protected":false},"excerpt":{"rendered":"<p>Ja tenim el cartell guanyador per a les Portes Obertes del curs 2022-2023. L&#8217;alumna que l&#8217;ha dissenyat \u00e9s Laia Gombau Deosdad, del Batxillerat d&#8217;Arts Pl\u00e0stiques. Aquest disseny formar\u00e0 part dels cartells de Portes Obertes i els dossiers informatius d&#8217;ESO i Batxillerat aix\u00ed com de la portada de l&#8217;agenda de l&#8217;alumnat per al curs 22-23. Moltes [&hellip;]<\/p>\n","protected":false},"author":1,"featured_media":8967,"comment_status":"open","ping_status":"closed","sticky":false,"template":"","format":"standard","meta":{"_bbp_topic_count":0,"_bbp_reply_count":0,"_bbp_total_topic_count":0,"_bbp_total_reply_count":0,"_bbp_voice_count":0,"_bbp_anonymous_reply_count":0,"_bbp_topic_count_hidden":0,"_bbp_reply_count_hidden":0,"_bbp_forum_subforum_count":0,"site-sidebar-layout":"default","site-content-layout":"","ast-site-content-layout":"","site-content-style":"default","site-sidebar-style":"default","ast-global-header-display":"","ast-banner-title-visibility":"","ast-main-header-display":"","ast-hfb-above-header-display":"","ast-hfb-below-header-display":"","ast-hfb-mobile-header-display":"","site-post-title":"","ast-breadcrumbs-content":"","ast-featured-img":"","footer-sml-layout":"","theme-transparent-header-meta":"","adv-header-id-meta":"","stick-header-meta":"","header-above-stick-meta":"","header-main-stick-meta":"","header-below-stick-meta":"","astra-migrate-meta-layouts":"default","ast-page-background-enabled":"default","ast-page-background-meta":{"desktop":{"background-color":"var(--ast-global-color-5)","background-image":"","background-repeat":"repeat","background-position":"center center","background-size":"auto","background-attachment":"scroll","background-type":"","background-media":"","overlay-type":"","overlay-color":"","overlay-opacity":"","overlay-gradient":""},"tablet":{"background-color":"","background-image":"","background-repeat":"repeat","background-position":"center center","background-size":"auto","background-attachment":"scroll","background-type":"","background-media":"","overlay-type":"","overlay-color":"","overlay-opacity":"","overlay-gradient":""},"mobile":{"background-color":"","background-image":"","background-repeat":"repeat","background-position":"center center","background-size":"auto","background-attachment":"scroll","background-type":"","background-media":"","overlay-type":"","overlay-color":"","overlay-opacity":"","overlay-gradient":""}},"ast-content-background-meta":{"desktop":{"background-color":"var(--ast-global-color-4)","background-image":"","background-repeat":"repeat","background-position":"center center","background-size":"auto","background-attachment":"scroll","background-type":"","background-media":"","overlay-type":"","overlay-color":"","overlay-opacity":"","overlay-gradient":""},"tablet":{"background-color":"var(--ast-global-color-4)","background-image":"","background-repeat":"repeat","background-position":"center center","background-size":"auto","background-attachment":"scroll","background-type":"","background-media":"","overlay-type":"","overlay-color":"","overlay-opacity":"","overlay-gradient":""},"mobile":{"background-color":"var(--ast-global-color-4)","background-image":"","background-repeat":"repeat","background-position":"center center","background-size":"auto","background-attachment":"scroll","background-type":"","background-media":"","overlay-type":"","overlay-color":"","overlay-opacity":"","overlay-gradient":""}},"footnotes":""},"categories":[82,1,29,84,71],"tags":[],"class_list":["post-8966","post","type-post","status-publish","format-standard","has-post-thumbnail","hentry","category-alumnat","category-general","category-portada","category-premis","category-vip"],"post_mailing_queue_ids":[],"_links":{"self":[{"href":"https:\/\/agora.xtec.cat\/insdertosa\/wp-json\/wp\/v2\/posts\/8966","targetHints":{"allow":["GET"]}}],"collection":[{"href":"https:\/\/agora.xtec.cat\/insdertosa\/wp-json\/wp\/v2\/posts"}],"about":[{"href":"https:\/\/agora.xtec.cat\/insdertosa\/wp-json\/wp\/v2\/types\/post"}],"author":[{"embeddable":true,"href":"https:\/\/agora.xtec.cat\/insdertosa\/wp-json\/wp\/v2\/users\/1"}],"replies":[{"embeddable":true,"href":"https:\/\/agora.xtec.cat\/insdertosa\/wp-json\/wp\/v2\/comments?post=8966"}],"version-history":[{"count":1,"href":"https:\/\/agora.xtec.cat\/insdertosa\/wp-json\/wp\/v2\/posts\/8966\/revisions"}],"predecessor-version":[{"id":8968,"href":"https:\/\/agora.xtec.cat\/insdertosa\/wp-json\/wp\/v2\/posts\/8966\/revisions\/8968"}],"wp:featuredmedia":[{"embeddable":true,"href":"https:\/\/agora.xtec.cat\/insdertosa\/wp-json\/wp\/v2\/media\/8967"}],"wp:attachment":[{"href":"https:\/\/agora.xtec.cat\/insdertosa\/wp-json\/wp\/v2\/media?parent=8966"}],"wp:term":[{"taxonomy":"category","embeddable":true,"href":"https:\/\/agora.xtec.cat\/insdertosa\/wp-json\/wp\/v2\/categories?post=8966"},{"taxonomy":"post_tag","embeddable":true,"href":"https:\/\/agora.xtec.cat\/insdertosa\/wp-json\/wp\/v2\/tags?post=8966"}],"curies":[{"name":"wp","href":"https:\/\/api.w.org\/{rel}","templated":true}]}}