{"id":8881,"date":"2022-01-28T19:23:03","date_gmt":"2022-01-28T18:23:03","guid":{"rendered":"https:\/\/agora.xtec.cat\/insdertosa\/?p=8881"},"modified":"2022-01-30T11:41:38","modified_gmt":"2022-01-30T10:41:38","slug":"ruta-literaria-entre-fullam-i-boscatge","status":"publish","type":"post","link":"https:\/\/agora.xtec.cat\/insdertosa\/general\/ruta-literaria-entre-fullam-i-boscatge\/","title":{"rendered":"Ruta liter\u00e0ria &#8220;Entre fullam i boscatge&#8221;"},"content":{"rendered":"<p>Durant els darrers cinc anys s&#8217;han anat organitzant diverses rutes liter\u00e0ries en el marc de la celebraci\u00f3 estudiantil de Sant Tom\u00e0s d&#8217;Aquino. Aquest any se n&#8217;ha estrenat una de nova i for\u00e7a especial. Es tracta d&#8217;Entre fullam i boscatge, i ha sigut dedicada a sis escriptors que van deixar petjada com a professors del nostre centre.<br \/>\nRedactada pel professor Emigdi Subirats, acompanyat del professor Pep Pinyol, va transcorre \u00edntegrament al parc municipal Teodor Gonz\u00e1lez. La passejada liter\u00e0ria comptava amb sis punts en els quals es feia cinc c\u00e8ntims de la carrera liter\u00e0ria de cada autor i es realitzava una lectura pertinent.<img loading=\"lazy\" decoding=\"async\" class=\"alignnone  wp-image-8887\" src=\"https:\/\/agora.xtec.cat\/insdertosa\/wp-content\/uploads\/usu144\/2022\/01\/WhatsApp-Image-2022-01-29-at-23.22.31-1024x768.jpeg\" alt=\"\" width=\"710\" height=\"533\" srcset=\"https:\/\/agora.xtec.cat\/insdertosa\/wp-content\/uploads\/usu144\/2022\/01\/WhatsApp-Image-2022-01-29-at-23.22.31-1024x768.jpeg 1024w, https:\/\/agora.xtec.cat\/insdertosa\/wp-content\/uploads\/usu144\/2022\/01\/WhatsApp-Image-2022-01-29-at-23.22.31-300x225.jpeg 300w, https:\/\/agora.xtec.cat\/insdertosa\/wp-content\/uploads\/usu144\/2022\/01\/WhatsApp-Image-2022-01-29-at-23.22.31-768x576.jpeg 768w, https:\/\/agora.xtec.cat\/insdertosa\/wp-content\/uploads\/usu144\/2022\/01\/WhatsApp-Image-2022-01-29-at-23.22.31-1536x1152.jpeg 1536w, https:\/\/agora.xtec.cat\/insdertosa\/wp-content\/uploads\/usu144\/2022\/01\/WhatsApp-Image-2022-01-29-at-23.22.31-200x150.jpeg 200w, https:\/\/agora.xtec.cat\/insdertosa\/wp-content\/uploads\/usu144\/2022\/01\/WhatsApp-Image-2022-01-29-at-23.22.31.jpeg 1600w\" sizes=\"auto, (max-width: 710px) 100vw, 710px\" \/><br \/>\nA l&#8217;\u00e0mplia avinguda central, es va difondre l&#8217;obra de Manel Oll\u00e9 i Albiol (professor de llengua i literatura catalanes des dels anys 1980 al 2014): a red\u00f3s de la m\u00e0quina del Carrilet va ser el torn del gandes\u00e0 Mn Joan Baptista Many\u00e0 (professor de religi\u00f3 als anys 1950, 50 i 60); davant del bar del Parc, va comentar-se la carrera i obra de Manuel P\u00e9rez Bonfill (professor de llengua i literatura castellanes des de finals dels anys 1950 al 1991); a l&#8217;escalinata d&#8217;entrada va homenatjar-se la figura del valenci\u00e0 Llu\u00eds Guarner (professor de castell\u00e0 als anys 1950 i gran estudi\u00f3s de la literatura catalana i castellana); a red\u00f3s de la Llotja, va ser el moment de remembrar Joan Navarro, un dels grans poetes catalans actuals fill d&#8217;Oliva (professor de filosofia a finals dels anys 70 i principis del 80), finalment a l&#8217;Espai Verg\u00e9s es va difondre l&#8217;obra del poeta Gerard Verg\u00e9s (professor de ci\u00e8ncies als anys 1960).<br \/>\nHi van prendre part els alumnes de literatura catalana de 1r de batxillerat i de literatura castellan de 2n de batxillerat, els quals varen realitzar les lectures corresponents. El cartell il\u00b7lustratiu de l&#8217;activitat va anar a c\u00e0rrec de l&#8217;alumne Gerard Fabregat, de 1r de batxillerat D; mentre que l&#8217;acompanyament musical al viol\u00ed va realitzar-lo l&#8217;alumna Lucia Monche, del mateix grup.<br \/>\nUna activitat cultural ja molt consolidada durant aquesta jornada festiva, que esdev\u00e9 tot un homenatge a les nostres lletres i als nostres autors. &#8220;L&#8217;humanisme viatja amb els llibres&#8221;, frase de l&#8217;estudi\u00f3s Curt Wittlin (Reinach 1941-Tortosa 2019), que descriu l&#8217;esperit dels impulsors de la ruta liter\u00e0ria nostrada.<\/p>\n<div style=\"width: 848px;\" class=\"wp-video\"><!--[if lt IE 9]><script>document.createElement('video');<\/script><![endif]-->\n<video class=\"wp-video-shortcode\" id=\"video-8881-1\" width=\"848\" height=\"480\" preload=\"metadata\" controls=\"controls\"><source type=\"video\/mp4\" src=\"https:\/\/agora.xtec.cat\/insdertosa\/wp-content\/uploads\/usu144\/2022\/01\/WhatsApp-Video-2022-01-29-at-23.22.541.mp4?_=1\" \/><a href=\"https:\/\/agora.xtec.cat\/insdertosa\/wp-content\/uploads\/usu144\/2022\/01\/WhatsApp-Video-2022-01-29-at-23.22.541.mp4\">https:\/\/agora.xtec.cat\/insdertosa\/wp-content\/uploads\/usu144\/2022\/01\/WhatsApp-Video-2022-01-29-at-23.22.541.mp4<\/a><\/video><\/div>\n","protected":false},"excerpt":{"rendered":"<p>Durant els darrers cinc anys s&#8217;han anat organitzant diverses rutes liter\u00e0ries en el marc de la celebraci\u00f3 estudiantil de Sant Tom\u00e0s d&#8217;Aquino. Aquest any se n&#8217;ha estrenat una de nova i for\u00e7a especial. Es tracta d&#8217;Entre fullam i boscatge, i ha sigut dedicada a sis escriptors que van deixar petjada com a professors del nostre [&hellip;]<\/p>\n","protected":false},"author":1,"featured_media":8882,"comment_status":"open","ping_status":"closed","sticky":false,"template":"","format":"standard","meta":{"_bbp_topic_count":0,"_bbp_reply_count":0,"_bbp_total_topic_count":0,"_bbp_total_reply_count":0,"_bbp_voice_count":0,"_bbp_anonymous_reply_count":0,"_bbp_topic_count_hidden":0,"_bbp_reply_count_hidden":0,"_bbp_forum_subforum_count":0,"site-sidebar-layout":"default","site-content-layout":"","ast-site-content-layout":"","site-content-style":"default","site-sidebar-style":"default","ast-global-header-display":"","ast-banner-title-visibility":"","ast-main-header-display":"","ast-hfb-above-header-display":"","ast-hfb-below-header-display":"","ast-hfb-mobile-header-display":"","site-post-title":"","ast-breadcrumbs-content":"","ast-featured-img":"","footer-sml-layout":"","theme-transparent-header-meta":"","adv-header-id-meta":"","stick-header-meta":"","header-above-stick-meta":"","header-main-stick-meta":"","header-below-stick-meta":"","astra-migrate-meta-layouts":"default","ast-page-background-enabled":"default","ast-page-background-meta":{"desktop":{"background-color":"var(--ast-global-color-5)","background-image":"","background-repeat":"repeat","background-position":"center center","background-size":"auto","background-attachment":"scroll","background-type":"","background-media":"","overlay-type":"","overlay-color":"","overlay-opacity":"","overlay-gradient":""},"tablet":{"background-color":"","background-image":"","background-repeat":"repeat","background-position":"center center","background-size":"auto","background-attachment":"scroll","background-type":"","background-media":"","overlay-type":"","overlay-color":"","overlay-opacity":"","overlay-gradient":""},"mobile":{"background-color":"","background-image":"","background-repeat":"repeat","background-position":"center center","background-size":"auto","background-attachment":"scroll","background-type":"","background-media":"","overlay-type":"","overlay-color":"","overlay-opacity":"","overlay-gradient":""}},"ast-content-background-meta":{"desktop":{"background-color":"var(--ast-global-color-4)","background-image":"","background-repeat":"repeat","background-position":"center center","background-size":"auto","background-attachment":"scroll","background-type":"","background-media":"","overlay-type":"","overlay-color":"","overlay-opacity":"","overlay-gradient":""},"tablet":{"background-color":"var(--ast-global-color-4)","background-image":"","background-repeat":"repeat","background-position":"center center","background-size":"auto","background-attachment":"scroll","background-type":"","background-media":"","overlay-type":"","overlay-color":"","overlay-opacity":"","overlay-gradient":""},"mobile":{"background-color":"var(--ast-global-color-4)","background-image":"","background-repeat":"repeat","background-position":"center center","background-size":"auto","background-attachment":"scroll","background-type":"","background-media":"","overlay-type":"","overlay-color":"","overlay-opacity":"","overlay-gradient":""}},"footnotes":""},"categories":[85,82,8,1,29,39],"tags":[],"class_list":["post-8881","post","type-post","status-publish","format-standard","has-post-thumbnail","hentry","category-activitats","category-alumnat","category-batxillerat","category-general","category-portada","category-sortides"],"post_mailing_queue_ids":[],"_links":{"self":[{"href":"https:\/\/agora.xtec.cat\/insdertosa\/wp-json\/wp\/v2\/posts\/8881","targetHints":{"allow":["GET"]}}],"collection":[{"href":"https:\/\/agora.xtec.cat\/insdertosa\/wp-json\/wp\/v2\/posts"}],"about":[{"href":"https:\/\/agora.xtec.cat\/insdertosa\/wp-json\/wp\/v2\/types\/post"}],"author":[{"embeddable":true,"href":"https:\/\/agora.xtec.cat\/insdertosa\/wp-json\/wp\/v2\/users\/1"}],"replies":[{"embeddable":true,"href":"https:\/\/agora.xtec.cat\/insdertosa\/wp-json\/wp\/v2\/comments?post=8881"}],"version-history":[{"count":2,"href":"https:\/\/agora.xtec.cat\/insdertosa\/wp-json\/wp\/v2\/posts\/8881\/revisions"}],"predecessor-version":[{"id":8890,"href":"https:\/\/agora.xtec.cat\/insdertosa\/wp-json\/wp\/v2\/posts\/8881\/revisions\/8890"}],"wp:featuredmedia":[{"embeddable":true,"href":"https:\/\/agora.xtec.cat\/insdertosa\/wp-json\/wp\/v2\/media\/8882"}],"wp:attachment":[{"href":"https:\/\/agora.xtec.cat\/insdertosa\/wp-json\/wp\/v2\/media?parent=8881"}],"wp:term":[{"taxonomy":"category","embeddable":true,"href":"https:\/\/agora.xtec.cat\/insdertosa\/wp-json\/wp\/v2\/categories?post=8881"},{"taxonomy":"post_tag","embeddable":true,"href":"https:\/\/agora.xtec.cat\/insdertosa\/wp-json\/wp\/v2\/tags?post=8881"}],"curies":[{"name":"wp","href":"https:\/\/api.w.org\/{rel}","templated":true}]}}