{"id":8735,"date":"2021-12-14T07:18:58","date_gmt":"2021-12-14T06:18:58","guid":{"rendered":"https:\/\/agora.xtec.cat\/insdertosa\/?p=8735"},"modified":"2021-12-14T07:18:58","modified_gmt":"2021-12-14T06:18:58","slug":"el-ptt-de-cuina-assisteix-a-la-xerrada-per-que-la-prl-es-important","status":"publish","type":"post","link":"https:\/\/agora.xtec.cat\/insdertosa\/general\/el-ptt-de-cuina-assisteix-a-la-xerrada-per-que-la-prl-es-important\/","title":{"rendered":"El PTT de Cuina assisteix a la xerrada: Per qu\u00e8 la PRL \u00e9s important?"},"content":{"rendered":"<p align=\"justify\"><span style=\"font-family: Times New Roman, serif;\"><span style=\"font-size: medium;\"><span style=\"color: #444444;\"><span style=\"font-family: Open Sans, serif;\"><span lang=\"ca-ES\">L\u2019alumnat del PFI-PTT de l\u2019Institut Dertosa ha participat en la xerrada impartida per Yolanda de las Heras, t\u00e8cnica de prevenci\u00f3 de la Mancomunitat Sanit\u00e0ria de Prevenci\u00f3, que durant 1 hora va tractar el tema de\u00a0<\/span><\/span><\/span><b><span style=\"color: #444444;\"><span style=\"font-family: Open Sans, serif;\"><span lang=\"ca-ES\">Per qu\u00e8 la Prevenci\u00f3 de riscos laborals \u00e9s important per les empreses?\u00a0\u00a0<\/span><\/span><\/span><\/b><\/span><\/span><\/p>\n<p align=\"justify\"><span style=\"font-family: Times New Roman, serif;\"><span style=\"font-size: medium;\"><span style=\"color: #444444;\"><span style=\"font-family: Open Sans, serif;\"><span lang=\"ca-ES\">Els alumnes del PFI han apr\u00e8s la difer\u00e8ncia entre malaltia i accident laboral, aix\u00ed com a identificar possibles accidents laborals. La sessi\u00f3 va ser molt participativa i amena! La xerrada s\u2019emmarca dins del programa Connecta\u2019t a l\u2019empresa, on el nostre Institut participa activament.<\/span><\/span><\/span><\/span><\/span><\/p>\n<p align=\"justify\"><span style=\"font-family: Times New Roman, serif;\"><span style=\"font-size: medium;\"><span style=\"color: #444444;\"><span style=\"font-family: Open Sans, serif;\"><span lang=\"ca-ES\">Les connexi\u00f3 en directe amb l\u2019empresa s\u00f3n d\u2019una hora de duraci\u00f3 i les trobareu enregistrades a site\u00a0<\/span><\/span><\/span><span style=\"color: #0000ff;\"><u><a href=\"https:\/\/sites.google.com\/xtec.cat\/connectatalempresa\/connectat-a-lempresa\/connexions-en-directe?authuser=0\"><span style=\"color: #087eb6;\"><span style=\"font-family: Open Sans, serif;\"><span lang=\"ca-ES\">Connecta\u2019t a l\u2019empresa.<\/span><\/span><\/span><\/a><\/u><\/span><\/span><\/span><a href=\"https:\/\/agora.xtec.cat\/insdertosa\/wp-content\/uploads\/usu144\/2021\/12\/Anotacio-2021-12-14-071629.jpg\"><img loading=\"lazy\" decoding=\"async\" class=\"aligncenter size-full wp-image-8736\" src=\"https:\/\/agora.xtec.cat\/insdertosa\/wp-content\/uploads\/usu144\/2021\/12\/Anotacio-2021-12-14-071629.jpg\" alt=\"\" width=\"1242\" height=\"924\" srcset=\"https:\/\/agora.xtec.cat\/insdertosa\/wp-content\/uploads\/usu144\/2021\/12\/Anotacio-2021-12-14-071629.jpg 1242w, https:\/\/agora.xtec.cat\/insdertosa\/wp-content\/uploads\/usu144\/2021\/12\/Anotacio-2021-12-14-071629-300x223.jpg 300w, https:\/\/agora.xtec.cat\/insdertosa\/wp-content\/uploads\/usu144\/2021\/12\/Anotacio-2021-12-14-071629-1024x762.jpg 1024w, https:\/\/agora.xtec.cat\/insdertosa\/wp-content\/uploads\/usu144\/2021\/12\/Anotacio-2021-12-14-071629-768x571.jpg 768w, https:\/\/agora.xtec.cat\/insdertosa\/wp-content\/uploads\/usu144\/2021\/12\/Anotacio-2021-12-14-071629-200x150.jpg 200w\" sizes=\"auto, (max-width: 1242px) 100vw, 1242px\" \/><\/a> <a href=\"https:\/\/agora.xtec.cat\/insdertosa\/wp-content\/uploads\/usu144\/2021\/12\/Anotacio-2021-12-14-0716292.jpg\"><img loading=\"lazy\" decoding=\"async\" class=\"aligncenter size-full wp-image-8737\" src=\"https:\/\/agora.xtec.cat\/insdertosa\/wp-content\/uploads\/usu144\/2021\/12\/Anotacio-2021-12-14-0716292.jpg\" alt=\"\" width=\"1349\" height=\"595\" srcset=\"https:\/\/agora.xtec.cat\/insdertosa\/wp-content\/uploads\/usu144\/2021\/12\/Anotacio-2021-12-14-0716292.jpg 1349w, https:\/\/agora.xtec.cat\/insdertosa\/wp-content\/uploads\/usu144\/2021\/12\/Anotacio-2021-12-14-0716292-300x132.jpg 300w, https:\/\/agora.xtec.cat\/insdertosa\/wp-content\/uploads\/usu144\/2021\/12\/Anotacio-2021-12-14-0716292-1024x452.jpg 1024w, https:\/\/agora.xtec.cat\/insdertosa\/wp-content\/uploads\/usu144\/2021\/12\/Anotacio-2021-12-14-0716292-768x339.jpg 768w\" sizes=\"auto, (max-width: 1349px) 100vw, 1349px\" \/><\/a><\/p>\n","protected":false},"excerpt":{"rendered":"<p>L\u2019alumnat del PFI-PTT de l\u2019Institut Dertosa ha participat en la xerrada impartida per Yolanda de las Heras, t\u00e8cnica de prevenci\u00f3 de la Mancomunitat Sanit\u00e0ria de Prevenci\u00f3, que durant 1 hora va tractar el tema de\u00a0Per qu\u00e8 la Prevenci\u00f3 de riscos laborals \u00e9s important per les empreses?\u00a0\u00a0 Els alumnes del PFI han apr\u00e8s la difer\u00e8ncia entre [&hellip;]<\/p>\n","protected":false},"author":143,"featured_media":8736,"comment_status":"open","ping_status":"closed","sticky":false,"template":"","format":"standard","meta":{"_bbp_topic_count":0,"_bbp_reply_count":0,"_bbp_total_topic_count":0,"_bbp_total_reply_count":0,"_bbp_voice_count":0,"_bbp_anonymous_reply_count":0,"_bbp_topic_count_hidden":0,"_bbp_reply_count_hidden":0,"_bbp_forum_subforum_count":0,"site-sidebar-layout":"default","site-content-layout":"","ast-site-content-layout":"","site-content-style":"default","site-sidebar-style":"default","ast-global-header-display":"","ast-banner-title-visibility":"","ast-main-header-display":"","ast-hfb-above-header-display":"","ast-hfb-below-header-display":"","ast-hfb-mobile-header-display":"","site-post-title":"","ast-breadcrumbs-content":"","ast-featured-img":"","footer-sml-layout":"","theme-transparent-header-meta":"","adv-header-id-meta":"","stick-header-meta":"","header-above-stick-meta":"","header-main-stick-meta":"","header-below-stick-meta":"","astra-migrate-meta-layouts":"default","ast-page-background-enabled":"default","ast-page-background-meta":{"desktop":{"background-color":"var(--ast-global-color-5)","background-image":"","background-repeat":"repeat","background-position":"center center","background-size":"auto","background-attachment":"scroll","background-type":"","background-media":"","overlay-type":"","overlay-color":"","overlay-opacity":"","overlay-gradient":""},"tablet":{"background-color":"","background-image":"","background-repeat":"repeat","background-position":"center center","background-size":"auto","background-attachment":"scroll","background-type":"","background-media":"","overlay-type":"","overlay-color":"","overlay-opacity":"","overlay-gradient":""},"mobile":{"background-color":"","background-image":"","background-repeat":"repeat","background-position":"center center","background-size":"auto","background-attachment":"scroll","background-type":"","background-media":"","overlay-type":"","overlay-color":"","overlay-opacity":"","overlay-gradient":""}},"ast-content-background-meta":{"desktop":{"background-color":"var(--ast-global-color-4)","background-image":"","background-repeat":"repeat","background-position":"center center","background-size":"auto","background-attachment":"scroll","background-type":"","background-media":"","overlay-type":"","overlay-color":"","overlay-opacity":"","overlay-gradient":""},"tablet":{"background-color":"var(--ast-global-color-4)","background-image":"","background-repeat":"repeat","background-position":"center center","background-size":"auto","background-attachment":"scroll","background-type":"","background-media":"","overlay-type":"","overlay-color":"","overlay-opacity":"","overlay-gradient":""},"mobile":{"background-color":"var(--ast-global-color-4)","background-image":"","background-repeat":"repeat","background-position":"center center","background-size":"auto","background-attachment":"scroll","background-type":"","background-media":"","overlay-type":"","overlay-color":"","overlay-opacity":"","overlay-gradient":""}},"footnotes":""},"categories":[85,82,30,74,81,1,29],"tags":[],"class_list":["post-8735","post","type-post","status-publish","format-standard","has-post-thumbnail","hentry","category-activitats","category-alumnat","category-cicles-formatius","category-cuina-departaments","category-centre","category-general","category-portada"],"post_mailing_queue_ids":[],"_links":{"self":[{"href":"https:\/\/agora.xtec.cat\/insdertosa\/wp-json\/wp\/v2\/posts\/8735","targetHints":{"allow":["GET"]}}],"collection":[{"href":"https:\/\/agora.xtec.cat\/insdertosa\/wp-json\/wp\/v2\/posts"}],"about":[{"href":"https:\/\/agora.xtec.cat\/insdertosa\/wp-json\/wp\/v2\/types\/post"}],"author":[{"embeddable":true,"href":"https:\/\/agora.xtec.cat\/insdertosa\/wp-json\/wp\/v2\/users\/143"}],"replies":[{"embeddable":true,"href":"https:\/\/agora.xtec.cat\/insdertosa\/wp-json\/wp\/v2\/comments?post=8735"}],"version-history":[{"count":1,"href":"https:\/\/agora.xtec.cat\/insdertosa\/wp-json\/wp\/v2\/posts\/8735\/revisions"}],"predecessor-version":[{"id":8738,"href":"https:\/\/agora.xtec.cat\/insdertosa\/wp-json\/wp\/v2\/posts\/8735\/revisions\/8738"}],"wp:featuredmedia":[{"embeddable":true,"href":"https:\/\/agora.xtec.cat\/insdertosa\/wp-json\/wp\/v2\/media\/8736"}],"wp:attachment":[{"href":"https:\/\/agora.xtec.cat\/insdertosa\/wp-json\/wp\/v2\/media?parent=8735"}],"wp:term":[{"taxonomy":"category","embeddable":true,"href":"https:\/\/agora.xtec.cat\/insdertosa\/wp-json\/wp\/v2\/categories?post=8735"},{"taxonomy":"post_tag","embeddable":true,"href":"https:\/\/agora.xtec.cat\/insdertosa\/wp-json\/wp\/v2\/tags?post=8735"}],"curies":[{"name":"wp","href":"https:\/\/api.w.org\/{rel}","templated":true}]}}