{"id":8141,"date":"2021-06-01T17:12:20","date_gmt":"2021-06-01T15:12:20","guid":{"rendered":"https:\/\/agora.xtec.cat\/insdertosa\/?p=8141"},"modified":"2021-06-11T08:47:42","modified_gmt":"2021-06-11T06:47:42","slug":"matricules-dhonor-per-a-vuit-alumnes-de-2n-de-batxillerat","status":"publish","type":"post","link":"https:\/\/agora.xtec.cat\/insdertosa\/batxillerat\/matricules-dhonor-per-a-vuit-alumnes-de-2n-de-batxillerat\/","title":{"rendered":"MATRICULES D&#8217;HONOR PER A VUIT ALUMNES DE 2N DE BATXILLERAT"},"content":{"rendered":"<p>L&#8217;alumnat que ha assolit aquesta distinci\u00f3 ha superat la qualificaci\u00f3 del 9,5. S\u00f3n: Laia Gabriel Comas, Sofia de Pedro Mu\u00f1oz, Blanca Gilabert Lopez, Mar Altadill Cordero, Jes\u00fas Monche Villar, Mariam Er Raklaouy El Youssoufi, Pau Bard\u00ed Puigfabregas i Mart\u00ed Esquinas Martinez.<\/p>\n<p>Aix\u00ed mateix, vuit alumnes m\u00e9s de segon de Batxillerat han obtingut matr\u00edcules de centre amb notes superiors al 9: S\u00f3n: Angel Alfonso \u00c1lvarez Moncl\u00fas, Paula Ruiz \u00c1lvarez, N\u00faria Gimenez Torres, Maria Domingo P\u00e9rez, S\u00f2nia Ferreres Borrull, Oriol P\u00e9rez Fern\u00e0ndez, J\u00falia Gamote Ca\u00f1ado i Eva Tuset Caballer.<\/p>\n<p>Volem donar l&#8217;enhorabona a totes aquestes noies i nois per l&#8217;esfor\u00e7 i dedicaci\u00f3 en l&#8217;\u00e0mbit acad\u00e8mic i els volem desitjar molts d&#8217;\u00e8xits i encerts en els estudis posteriors i en les futures traject\u00f2ries professionals.<\/p>\n<p><img loading=\"lazy\" decoding=\"async\" class=\"alignnone size-large wp-image-8142\" src=\"https:\/\/agora.xtec.cat\/insdertosa\/wp-content\/uploads\/usu144\/2021\/06\/IMG-20210528-WA0006-1024x768.jpg\" alt=\"\" width=\"1024\" height=\"768\" srcset=\"https:\/\/agora.xtec.cat\/insdertosa\/wp-content\/uploads\/usu144\/2021\/06\/IMG-20210528-WA0006.jpg 1024w, https:\/\/agora.xtec.cat\/insdertosa\/wp-content\/uploads\/usu144\/2021\/06\/IMG-20210528-WA0006-300x225.jpg 300w, https:\/\/agora.xtec.cat\/insdertosa\/wp-content\/uploads\/usu144\/2021\/06\/IMG-20210528-WA0006-768x576.jpg 768w, https:\/\/agora.xtec.cat\/insdertosa\/wp-content\/uploads\/usu144\/2021\/06\/IMG-20210528-WA0006-200x150.jpg 200w\" sizes=\"auto, (max-width: 1024px) 100vw, 1024px\" \/><\/p>\n","protected":false},"excerpt":{"rendered":"<p>L&#8217;alumnat que ha assolit aquesta distinci\u00f3 ha superat la qualificaci\u00f3 del 9,5. S\u00f3n: Laia Gabriel Comas, Sofia de Pedro Mu\u00f1oz, Blanca Gilabert Lopez, Mar Altadill Cordero, Jes\u00fas Monche Villar, Mariam Er Raklaouy El Youssoufi, Pau Bard\u00ed Puigfabregas i Mart\u00ed Esquinas Martinez. Aix\u00ed mateix, vuit alumnes m\u00e9s de segon de Batxillerat han obtingut matr\u00edcules de centre [&hellip;]<\/p>\n","protected":false},"author":1,"featured_media":8142,"comment_status":"open","ping_status":"closed","sticky":false,"template":"","format":"standard","meta":{"_bbp_topic_count":0,"_bbp_reply_count":0,"_bbp_total_topic_count":0,"_bbp_total_reply_count":0,"_bbp_voice_count":0,"_bbp_anonymous_reply_count":0,"_bbp_topic_count_hidden":0,"_bbp_reply_count_hidden":0,"_bbp_forum_subforum_count":0,"site-sidebar-layout":"default","site-content-layout":"","ast-site-content-layout":"","site-content-style":"default","site-sidebar-style":"default","ast-global-header-display":"","ast-banner-title-visibility":"","ast-main-header-display":"","ast-hfb-above-header-display":"","ast-hfb-below-header-display":"","ast-hfb-mobile-header-display":"","site-post-title":"","ast-breadcrumbs-content":"","ast-featured-img":"","footer-sml-layout":"","theme-transparent-header-meta":"","adv-header-id-meta":"","stick-header-meta":"","header-above-stick-meta":"","header-main-stick-meta":"","header-below-stick-meta":"","astra-migrate-meta-layouts":"default","ast-page-background-enabled":"default","ast-page-background-meta":{"desktop":{"background-color":"var(--ast-global-color-5)","background-image":"","background-repeat":"repeat","background-position":"center center","background-size":"auto","background-attachment":"scroll","background-type":"","background-media":"","overlay-type":"","overlay-color":"","overlay-opacity":"","overlay-gradient":""},"tablet":{"background-color":"","background-image":"","background-repeat":"repeat","background-position":"center center","background-size":"auto","background-attachment":"scroll","background-type":"","background-media":"","overlay-type":"","overlay-color":"","overlay-opacity":"","overlay-gradient":""},"mobile":{"background-color":"","background-image":"","background-repeat":"repeat","background-position":"center center","background-size":"auto","background-attachment":"scroll","background-type":"","background-media":"","overlay-type":"","overlay-color":"","overlay-opacity":"","overlay-gradient":""}},"ast-content-background-meta":{"desktop":{"background-color":"var(--ast-global-color-4)","background-image":"","background-repeat":"repeat","background-position":"center center","background-size":"auto","background-attachment":"scroll","background-type":"","background-media":"","overlay-type":"","overlay-color":"","overlay-opacity":"","overlay-gradient":""},"tablet":{"background-color":"var(--ast-global-color-4)","background-image":"","background-repeat":"repeat","background-position":"center center","background-size":"auto","background-attachment":"scroll","background-type":"","background-media":"","overlay-type":"","overlay-color":"","overlay-opacity":"","overlay-gradient":""},"mobile":{"background-color":"var(--ast-global-color-4)","background-image":"","background-repeat":"repeat","background-position":"center center","background-size":"auto","background-attachment":"scroll","background-type":"","background-media":"","overlay-type":"","overlay-color":"","overlay-opacity":"","overlay-gradient":""}},"footnotes":""},"categories":[85,8,29,84],"tags":[],"class_list":["post-8141","post","type-post","status-publish","format-standard","has-post-thumbnail","hentry","category-activitats","category-batxillerat","category-portada","category-premis"],"post_mailing_queue_ids":[],"_links":{"self":[{"href":"https:\/\/agora.xtec.cat\/insdertosa\/wp-json\/wp\/v2\/posts\/8141","targetHints":{"allow":["GET"]}}],"collection":[{"href":"https:\/\/agora.xtec.cat\/insdertosa\/wp-json\/wp\/v2\/posts"}],"about":[{"href":"https:\/\/agora.xtec.cat\/insdertosa\/wp-json\/wp\/v2\/types\/post"}],"author":[{"embeddable":true,"href":"https:\/\/agora.xtec.cat\/insdertosa\/wp-json\/wp\/v2\/users\/1"}],"replies":[{"embeddable":true,"href":"https:\/\/agora.xtec.cat\/insdertosa\/wp-json\/wp\/v2\/comments?post=8141"}],"version-history":[{"count":3,"href":"https:\/\/agora.xtec.cat\/insdertosa\/wp-json\/wp\/v2\/posts\/8141\/revisions"}],"predecessor-version":[{"id":8198,"href":"https:\/\/agora.xtec.cat\/insdertosa\/wp-json\/wp\/v2\/posts\/8141\/revisions\/8198"}],"wp:featuredmedia":[{"embeddable":true,"href":"https:\/\/agora.xtec.cat\/insdertosa\/wp-json\/wp\/v2\/media\/8142"}],"wp:attachment":[{"href":"https:\/\/agora.xtec.cat\/insdertosa\/wp-json\/wp\/v2\/media?parent=8141"}],"wp:term":[{"taxonomy":"category","embeddable":true,"href":"https:\/\/agora.xtec.cat\/insdertosa\/wp-json\/wp\/v2\/categories?post=8141"},{"taxonomy":"post_tag","embeddable":true,"href":"https:\/\/agora.xtec.cat\/insdertosa\/wp-json\/wp\/v2\/tags?post=8141"}],"curies":[{"name":"wp","href":"https:\/\/api.w.org\/{rel}","templated":true}]}}