{"id":8112,"date":"2021-05-28T09:17:12","date_gmt":"2021-05-28T07:17:12","guid":{"rendered":"https:\/\/agora.xtec.cat\/insdertosa\/?p=8112"},"modified":"2021-05-28T09:17:12","modified_gmt":"2021-05-28T07:17:12","slug":"premi-ramon-llull-per-a-mar-altadill-cordero","status":"publish","type":"post","link":"https:\/\/agora.xtec.cat\/insdertosa\/batxillerat\/premi-ramon-llull-per-a-mar-altadill-cordero\/","title":{"rendered":"PREMI RAMON LLULL PER A MAR ALTADILL CORDERO"},"content":{"rendered":"<p>Mar Altadill Cordero, alumna de 2n de Batxillerat de l\u2019Institut Dertosa, ha guanyat el premi Ramon Llull a Treballs de Recerca de Batxillerat, en la categoria de ci\u00e8ncies, amb el seu treball \u201cPertorbacions Ionosf\u00e8riques\u201d (<a href=\"https:\/\/www.url.edu\/ca\/premis-ramon-llull-treballs-de-recerca-de-batxillerat\" target=\"_blank\" rel=\"noopener noreferrer\">https:\/\/www.url.edu\/ca\/premis-ramon-llull-treballs-de-recerca-de-batxillerat<\/a>).<br \/>\nAl seu treball, Mar, estudia les bombolles que es formen a la ionosfera. La ionosfera \u00e9s una capa de l\u2019atmosfera terrestre caracteritzada per estar fortament ionitzada. Les pertorbacions ionosf\u00e8riques estan provocades pels canvis bruscos de densitat i s\u00f3n responsables d\u2019alteracions en la propagaci\u00f3 de les ones electromagn\u00e8tiques. Per exemple, poden causar falls en els sistemes GPS.<br \/>\nEn l\u2019estudi s\u2019han utilitzat dades d\u2019un sondejador ionosf\u00e8ric i dades de sat\u00e8l\u00b7lit. Un dels resultats m\u00e9s importants del treball \u00e9s que s\u2019ha pogut trobar una correlaci\u00f3 entre el instants de detecci\u00f3 de les pertorbacions amb els dos m\u00e8todes, \u00e9s a dir, que els dos m\u00e8todes detecten la pertorbaci\u00f3 al mateix temps, i per tant \u00e9s possible preveure les pertorbacions amb un o altre sistema. A m\u00e9s, s\u2019ha determinat la velocitat de propagaci\u00f3 de les pertorbacions. D\u2019aquesta manera, una vegada que es detecta una<br \/>\npertorbaci\u00f3, \u00e9s possible estimar quan afectar\u00e0 a altres regions i, per tant, alertar de que els senyals electromagn\u00e8tics es poden veure afectats.<br \/>\nEl premi consisteix en un ordinador port\u00e0til i un diploma honor\u00edfic. Tamb\u00e9 s\u2019otorguen mencions al tutor del treball premiat i al seu centre.<br \/>\nL&#8217;acte de lliurament dels Premis se celebrar\u00e0 el dimecres 26 de maig de 2021 a la Facultat de Filosofia-URL (Barcelona).<br \/>\nEnhorabona Mar per aquest excel\u00b7lent treball!<\/p>\n<p><img loading=\"lazy\" decoding=\"async\" class=\"alignnone size-large wp-image-8113\" src=\"https:\/\/agora.xtec.cat\/insdertosa\/wp-content\/uploads\/usu144\/2021\/05\/IMG_20210528_085729-607x1024.jpg\" alt=\"\" width=\"607\" height=\"1024\" srcset=\"https:\/\/agora.xtec.cat\/insdertosa\/wp-content\/uploads\/usu144\/2021\/05\/IMG_20210528_085729-607x1024.jpg 607w, https:\/\/agora.xtec.cat\/insdertosa\/wp-content\/uploads\/usu144\/2021\/05\/IMG_20210528_085729-178x300.jpg 178w, https:\/\/agora.xtec.cat\/insdertosa\/wp-content\/uploads\/usu144\/2021\/05\/IMG_20210528_085729-768x1296.jpg 768w, https:\/\/agora.xtec.cat\/insdertosa\/wp-content\/uploads\/usu144\/2021\/05\/IMG_20210528_085729.jpg 900w\" sizes=\"auto, (max-width: 607px) 100vw, 607px\" \/> <img loading=\"lazy\" decoding=\"async\" class=\"alignnone size-large wp-image-8114\" src=\"https:\/\/agora.xtec.cat\/insdertosa\/wp-content\/uploads\/usu144\/2021\/05\/image0-797x1024.jpeg\" alt=\"\" width=\"797\" height=\"1024\" srcset=\"https:\/\/agora.xtec.cat\/insdertosa\/wp-content\/uploads\/usu144\/2021\/05\/image0-797x1024.jpeg 797w, https:\/\/agora.xtec.cat\/insdertosa\/wp-content\/uploads\/usu144\/2021\/05\/image0-233x300.jpeg 233w, https:\/\/agora.xtec.cat\/insdertosa\/wp-content\/uploads\/usu144\/2021\/05\/image0-768x987.jpeg 768w\" sizes=\"auto, (max-width: 797px) 100vw, 797px\" \/><\/p>\n","protected":false},"excerpt":{"rendered":"<p>Mar Altadill Cordero, alumna de 2n de Batxillerat de l\u2019Institut Dertosa, ha guanyat el premi Ramon Llull a Treballs de Recerca de Batxillerat, en la categoria de ci\u00e8ncies, amb el seu treball \u201cPertorbacions Ionosf\u00e8riques\u201d (https:\/\/www.url.edu\/ca\/premis-ramon-llull-treballs-de-recerca-de-batxillerat). Al seu treball, Mar, estudia les bombolles que es formen a la ionosfera. La ionosfera \u00e9s una capa de l\u2019atmosfera [&hellip;]<\/p>\n","protected":false},"author":1,"featured_media":8114,"comment_status":"open","ping_status":"closed","sticky":false,"template":"","format":"standard","meta":{"_bbp_topic_count":0,"_bbp_reply_count":0,"_bbp_total_topic_count":0,"_bbp_total_reply_count":0,"_bbp_voice_count":0,"_bbp_anonymous_reply_count":0,"_bbp_topic_count_hidden":0,"_bbp_reply_count_hidden":0,"_bbp_forum_subforum_count":0,"site-sidebar-layout":"default","site-content-layout":"","ast-site-content-layout":"","site-content-style":"default","site-sidebar-style":"default","ast-global-header-display":"","ast-banner-title-visibility":"","ast-main-header-display":"","ast-hfb-above-header-display":"","ast-hfb-below-header-display":"","ast-hfb-mobile-header-display":"","site-post-title":"","ast-breadcrumbs-content":"","ast-featured-img":"","footer-sml-layout":"","theme-transparent-header-meta":"","adv-header-id-meta":"","stick-header-meta":"","header-above-stick-meta":"","header-main-stick-meta":"","header-below-stick-meta":"","astra-migrate-meta-layouts":"default","ast-page-background-enabled":"default","ast-page-background-meta":{"desktop":{"background-color":"var(--ast-global-color-5)","background-image":"","background-repeat":"repeat","background-position":"center center","background-size":"auto","background-attachment":"scroll","background-type":"","background-media":"","overlay-type":"","overlay-color":"","overlay-opacity":"","overlay-gradient":""},"tablet":{"background-color":"","background-image":"","background-repeat":"repeat","background-position":"center center","background-size":"auto","background-attachment":"scroll","background-type":"","background-media":"","overlay-type":"","overlay-color":"","overlay-opacity":"","overlay-gradient":""},"mobile":{"background-color":"","background-image":"","background-repeat":"repeat","background-position":"center center","background-size":"auto","background-attachment":"scroll","background-type":"","background-media":"","overlay-type":"","overlay-color":"","overlay-opacity":"","overlay-gradient":""}},"ast-content-background-meta":{"desktop":{"background-color":"var(--ast-global-color-4)","background-image":"","background-repeat":"repeat","background-position":"center center","background-size":"auto","background-attachment":"scroll","background-type":"","background-media":"","overlay-type":"","overlay-color":"","overlay-opacity":"","overlay-gradient":""},"tablet":{"background-color":"var(--ast-global-color-4)","background-image":"","background-repeat":"repeat","background-position":"center center","background-size":"auto","background-attachment":"scroll","background-type":"","background-media":"","overlay-type":"","overlay-color":"","overlay-opacity":"","overlay-gradient":""},"mobile":{"background-color":"var(--ast-global-color-4)","background-image":"","background-repeat":"repeat","background-position":"center center","background-size":"auto","background-attachment":"scroll","background-type":"","background-media":"","overlay-type":"","overlay-color":"","overlay-opacity":"","overlay-gradient":""}},"footnotes":""},"categories":[85,8,29,84],"tags":[],"class_list":["post-8112","post","type-post","status-publish","format-standard","has-post-thumbnail","hentry","category-activitats","category-batxillerat","category-portada","category-premis"],"post_mailing_queue_ids":[],"_links":{"self":[{"href":"https:\/\/agora.xtec.cat\/insdertosa\/wp-json\/wp\/v2\/posts\/8112","targetHints":{"allow":["GET"]}}],"collection":[{"href":"https:\/\/agora.xtec.cat\/insdertosa\/wp-json\/wp\/v2\/posts"}],"about":[{"href":"https:\/\/agora.xtec.cat\/insdertosa\/wp-json\/wp\/v2\/types\/post"}],"author":[{"embeddable":true,"href":"https:\/\/agora.xtec.cat\/insdertosa\/wp-json\/wp\/v2\/users\/1"}],"replies":[{"embeddable":true,"href":"https:\/\/agora.xtec.cat\/insdertosa\/wp-json\/wp\/v2\/comments?post=8112"}],"version-history":[{"count":1,"href":"https:\/\/agora.xtec.cat\/insdertosa\/wp-json\/wp\/v2\/posts\/8112\/revisions"}],"predecessor-version":[{"id":8115,"href":"https:\/\/agora.xtec.cat\/insdertosa\/wp-json\/wp\/v2\/posts\/8112\/revisions\/8115"}],"wp:featuredmedia":[{"embeddable":true,"href":"https:\/\/agora.xtec.cat\/insdertosa\/wp-json\/wp\/v2\/media\/8114"}],"wp:attachment":[{"href":"https:\/\/agora.xtec.cat\/insdertosa\/wp-json\/wp\/v2\/media?parent=8112"}],"wp:term":[{"taxonomy":"category","embeddable":true,"href":"https:\/\/agora.xtec.cat\/insdertosa\/wp-json\/wp\/v2\/categories?post=8112"},{"taxonomy":"post_tag","embeddable":true,"href":"https:\/\/agora.xtec.cat\/insdertosa\/wp-json\/wp\/v2\/tags?post=8112"}],"curies":[{"name":"wp","href":"https:\/\/api.w.org\/{rel}","templated":true}]}}