{"id":7979,"date":"2021-04-28T09:26:18","date_gmt":"2021-04-28T07:26:18","guid":{"rendered":"https:\/\/agora.xtec.cat\/insdertosa\/?p=7979"},"modified":"2021-04-28T09:28:34","modified_gmt":"2021-04-28T07:28:34","slug":"premi-borja-moll-per-al-professor-carles-castella","status":"publish","type":"post","link":"https:\/\/agora.xtec.cat\/insdertosa\/portada\/premi-borja-moll-per-al-professor-carles-castella\/","title":{"rendered":"Premi Borja Moll per al professor Carles Castell\u00e0"},"content":{"rendered":"<p>El professor i ling\u00fcista Carles Castell\u00e0, del Departament de llengua i literatura catalanes, ha estat guardonat amb el premi de la Secci\u00f3 Filol\u00f2gica de l&#8217;Institut d&#8217;Estudis Catalans Francesc de Borja Moll de Dialectologia corresponent al 2021 per la seua tesi doctoral &#8220;Els parlars del Baix Ebre. Estudi geoling\u00fc\u00edstic&#8221;. Es tracta d&#8217;un premi de prestigi que s&#8217;atorga a estudis d&#8217;investigaci\u00f3 sobre la llengua catalana arreu dels Pa\u00efsos Catalans. Felicitem el nostre company per un guard\u00f3 merescut que suposa la cirereta a una traject\u00f2ria investigadora molt destacable.<\/p>\n<p><img loading=\"lazy\" decoding=\"async\" class=\"alignnone size-full wp-image-7980\" src=\"https:\/\/agora.xtec.cat\/insdertosa\/wp-content\/uploads\/usu144\/2021\/04\/carles_castella.png\" alt=\"\" width=\"771\" height=\"517\" srcset=\"https:\/\/agora.xtec.cat\/insdertosa\/wp-content\/uploads\/usu144\/2021\/04\/carles_castella.png 771w, https:\/\/agora.xtec.cat\/insdertosa\/wp-content\/uploads\/usu144\/2021\/04\/carles_castella-300x201.png 300w, https:\/\/agora.xtec.cat\/insdertosa\/wp-content\/uploads\/usu144\/2021\/04\/carles_castella-768x515.png 768w\" sizes=\"auto, (max-width: 771px) 100vw, 771px\" \/><\/p>\n","protected":false},"excerpt":{"rendered":"<p>El professor i ling\u00fcista Carles Castell\u00e0, del Departament de llengua i literatura catalanes, ha estat guardonat amb el premi de la Secci\u00f3 Filol\u00f2gica de l&#8217;Institut d&#8217;Estudis Catalans Francesc de Borja Moll de Dialectologia corresponent al 2021 per la seua tesi doctoral &#8220;Els parlars del Baix Ebre. Estudi geoling\u00fc\u00edstic&#8221;. Es tracta d&#8217;un premi de prestigi que [&hellip;]<\/p>\n","protected":false},"author":1,"featured_media":7980,"comment_status":"open","ping_status":"closed","sticky":false,"template":"","format":"standard","meta":{"_bbp_topic_count":0,"_bbp_reply_count":0,"_bbp_total_topic_count":0,"_bbp_total_reply_count":0,"_bbp_voice_count":0,"_bbp_anonymous_reply_count":0,"_bbp_topic_count_hidden":0,"_bbp_reply_count_hidden":0,"_bbp_forum_subforum_count":0,"site-sidebar-layout":"default","site-content-layout":"","ast-site-content-layout":"","site-content-style":"default","site-sidebar-style":"default","ast-global-header-display":"","ast-banner-title-visibility":"","ast-main-header-display":"","ast-hfb-above-header-display":"","ast-hfb-below-header-display":"","ast-hfb-mobile-header-display":"","site-post-title":"","ast-breadcrumbs-content":"","ast-featured-img":"","footer-sml-layout":"","theme-transparent-header-meta":"","adv-header-id-meta":"","stick-header-meta":"","header-above-stick-meta":"","header-main-stick-meta":"","header-below-stick-meta":"","astra-migrate-meta-layouts":"default","ast-page-background-enabled":"default","ast-page-background-meta":{"desktop":{"background-color":"var(--ast-global-color-5)","background-image":"","background-repeat":"repeat","background-position":"center center","background-size":"auto","background-attachment":"scroll","background-type":"","background-media":"","overlay-type":"","overlay-color":"","overlay-opacity":"","overlay-gradient":""},"tablet":{"background-color":"","background-image":"","background-repeat":"repeat","background-position":"center center","background-size":"auto","background-attachment":"scroll","background-type":"","background-media":"","overlay-type":"","overlay-color":"","overlay-opacity":"","overlay-gradient":""},"mobile":{"background-color":"","background-image":"","background-repeat":"repeat","background-position":"center center","background-size":"auto","background-attachment":"scroll","background-type":"","background-media":"","overlay-type":"","overlay-color":"","overlay-opacity":"","overlay-gradient":""}},"ast-content-background-meta":{"desktop":{"background-color":"var(--ast-global-color-4)","background-image":"","background-repeat":"repeat","background-position":"center center","background-size":"auto","background-attachment":"scroll","background-type":"","background-media":"","overlay-type":"","overlay-color":"","overlay-opacity":"","overlay-gradient":""},"tablet":{"background-color":"var(--ast-global-color-4)","background-image":"","background-repeat":"repeat","background-position":"center center","background-size":"auto","background-attachment":"scroll","background-type":"","background-media":"","overlay-type":"","overlay-color":"","overlay-opacity":"","overlay-gradient":""},"mobile":{"background-color":"var(--ast-global-color-4)","background-image":"","background-repeat":"repeat","background-position":"center center","background-size":"auto","background-attachment":"scroll","background-type":"","background-media":"","overlay-type":"","overlay-color":"","overlay-opacity":"","overlay-gradient":""}},"footnotes":""},"categories":[29,191],"tags":[],"class_list":["post-7979","post","type-post","status-publish","format-standard","has-post-thumbnail","hentry","category-portada","category-professorat"],"post_mailing_queue_ids":[],"_links":{"self":[{"href":"https:\/\/agora.xtec.cat\/insdertosa\/wp-json\/wp\/v2\/posts\/7979","targetHints":{"allow":["GET"]}}],"collection":[{"href":"https:\/\/agora.xtec.cat\/insdertosa\/wp-json\/wp\/v2\/posts"}],"about":[{"href":"https:\/\/agora.xtec.cat\/insdertosa\/wp-json\/wp\/v2\/types\/post"}],"author":[{"embeddable":true,"href":"https:\/\/agora.xtec.cat\/insdertosa\/wp-json\/wp\/v2\/users\/1"}],"replies":[{"embeddable":true,"href":"https:\/\/agora.xtec.cat\/insdertosa\/wp-json\/wp\/v2\/comments?post=7979"}],"version-history":[{"count":1,"href":"https:\/\/agora.xtec.cat\/insdertosa\/wp-json\/wp\/v2\/posts\/7979\/revisions"}],"predecessor-version":[{"id":7981,"href":"https:\/\/agora.xtec.cat\/insdertosa\/wp-json\/wp\/v2\/posts\/7979\/revisions\/7981"}],"wp:featuredmedia":[{"embeddable":true,"href":"https:\/\/agora.xtec.cat\/insdertosa\/wp-json\/wp\/v2\/media\/7980"}],"wp:attachment":[{"href":"https:\/\/agora.xtec.cat\/insdertosa\/wp-json\/wp\/v2\/media?parent=7979"}],"wp:term":[{"taxonomy":"category","embeddable":true,"href":"https:\/\/agora.xtec.cat\/insdertosa\/wp-json\/wp\/v2\/categories?post=7979"},{"taxonomy":"post_tag","embeddable":true,"href":"https:\/\/agora.xtec.cat\/insdertosa\/wp-json\/wp\/v2\/tags?post=7979"}],"curies":[{"name":"wp","href":"https:\/\/api.w.org\/{rel}","templated":true}]}}