{"id":5849,"date":"2019-06-21T08:47:04","date_gmt":"2019-06-21T06:47:04","guid":{"rendered":"http:\/\/agora.xtec.cat\/insdertosa\/?p=5849"},"modified":"2019-06-21T08:47:04","modified_gmt":"2019-06-21T06:47:04","slug":"acte-en-reconeixement-a-manuel-perez-bonfill","status":"publish","type":"post","link":"https:\/\/agora.xtec.cat\/insdertosa\/portada\/acte-en-reconeixement-a-manuel-perez-bonfill\/","title":{"rendered":"Acte en reconeixement a Manuel P\u00e9rez Bonfill"},"content":{"rendered":"<p>Dimecres 19 de juny es complia l&#8217;aniversari del trasp\u00e0s de Manuel P\u00e9rez Bonfill, professor emblem\u00e0tic de llengua i literatura catalanes del nostre centre i intel\u00b7lectual de renom. Des del col\u00b7lectiu cultural Dillums al forn (conjuntament amb les institucions universit\u00e0ries, \u00d2mnium cultural i l&#8217;ajuntament de Tortosa) se li organitz\u00e0 un magn\u00edfic acte literari en reconeixement a la sua figura. Va estar coordinat per Emigdi Subirats, professor del departament de lleng\u00fces estrangeres de l&#8217;institut, i en el qual tamb\u00e9 hi van intervindre persones altament vinculades al centre com l&#8217;exprofessor de catal\u00e0 Manel Oll\u00e9. Amb tot, destacarem l&#8217;actuaci\u00f3 de Jordi Aud\u00ed, alumne de 1r de batxillerat esc\u00e8nic, que va acompanyar a la guitarra els diferents rapsodes en llurs interpretacions i recitacions.<\/p>\n<p><img loading=\"lazy\" decoding=\"async\" class=\"alignnone size-full wp-image-5850\" src=\"https:\/\/agora.xtec.cat\/insdertosa\/wp-content\/uploads\/usu144\/2019\/06\/foto1.jpeg\" alt=\"\" width=\"1328\" height=\"747\" srcset=\"https:\/\/agora.xtec.cat\/insdertosa\/wp-content\/uploads\/usu144\/2019\/06\/foto1.jpeg 1328w, https:\/\/agora.xtec.cat\/insdertosa\/wp-content\/uploads\/usu144\/2019\/06\/foto1-300x169.jpeg 300w, https:\/\/agora.xtec.cat\/insdertosa\/wp-content\/uploads\/usu144\/2019\/06\/foto1-768x432.jpeg 768w, https:\/\/agora.xtec.cat\/insdertosa\/wp-content\/uploads\/usu144\/2019\/06\/foto1-1024x576.jpeg 1024w\" sizes=\"auto, (max-width: 1328px) 100vw, 1328px\" \/> <img loading=\"lazy\" decoding=\"async\" class=\"alignnone size-full wp-image-5851\" src=\"https:\/\/agora.xtec.cat\/insdertosa\/wp-content\/uploads\/usu144\/2019\/06\/foto4.jpeg\" alt=\"\" width=\"1600\" height=\"1200\" srcset=\"https:\/\/agora.xtec.cat\/insdertosa\/wp-content\/uploads\/usu144\/2019\/06\/foto4.jpeg 1600w, https:\/\/agora.xtec.cat\/insdertosa\/wp-content\/uploads\/usu144\/2019\/06\/foto4-300x225.jpeg 300w, https:\/\/agora.xtec.cat\/insdertosa\/wp-content\/uploads\/usu144\/2019\/06\/foto4-768x576.jpeg 768w, https:\/\/agora.xtec.cat\/insdertosa\/wp-content\/uploads\/usu144\/2019\/06\/foto4-1024x768.jpeg 1024w, https:\/\/agora.xtec.cat\/insdertosa\/wp-content\/uploads\/usu144\/2019\/06\/foto4-200x150.jpeg 200w\" sizes=\"auto, (max-width: 1600px) 100vw, 1600px\" \/> <img loading=\"lazy\" decoding=\"async\" class=\"alignnone size-full wp-image-5852\" src=\"https:\/\/agora.xtec.cat\/insdertosa\/wp-content\/uploads\/usu144\/2019\/06\/foto3.jpg\" alt=\"\" width=\"960\" height=\"720\" srcset=\"https:\/\/agora.xtec.cat\/insdertosa\/wp-content\/uploads\/usu144\/2019\/06\/foto3.jpg 960w, https:\/\/agora.xtec.cat\/insdertosa\/wp-content\/uploads\/usu144\/2019\/06\/foto3-300x225.jpg 300w, https:\/\/agora.xtec.cat\/insdertosa\/wp-content\/uploads\/usu144\/2019\/06\/foto3-768x576.jpg 768w, https:\/\/agora.xtec.cat\/insdertosa\/wp-content\/uploads\/usu144\/2019\/06\/foto3-200x150.jpg 200w\" sizes=\"auto, (max-width: 960px) 100vw, 960px\" \/> <img loading=\"lazy\" decoding=\"async\" class=\"alignnone size-full wp-image-5853\" src=\"https:\/\/agora.xtec.cat\/insdertosa\/wp-content\/uploads\/usu144\/2019\/06\/foto2.jpeg\" alt=\"\" width=\"1599\" height=\"1200\" srcset=\"https:\/\/agora.xtec.cat\/insdertosa\/wp-content\/uploads\/usu144\/2019\/06\/foto2.jpeg 1599w, https:\/\/agora.xtec.cat\/insdertosa\/wp-content\/uploads\/usu144\/2019\/06\/foto2-300x225.jpeg 300w, https:\/\/agora.xtec.cat\/insdertosa\/wp-content\/uploads\/usu144\/2019\/06\/foto2-768x576.jpeg 768w, https:\/\/agora.xtec.cat\/insdertosa\/wp-content\/uploads\/usu144\/2019\/06\/foto2-1024x768.jpeg 1024w, https:\/\/agora.xtec.cat\/insdertosa\/wp-content\/uploads\/usu144\/2019\/06\/foto2-200x150.jpeg 200w\" sizes=\"auto, (max-width: 1599px) 100vw, 1599px\" \/><\/p>\n","protected":false},"excerpt":{"rendered":"<p>Dimecres 19 de juny es complia l&#8217;aniversari del trasp\u00e0s de Manuel P\u00e9rez Bonfill, professor emblem\u00e0tic de llengua i literatura catalanes del nostre centre i intel\u00b7lectual de renom. Des del col\u00b7lectiu cultural Dillums al forn (conjuntament amb les institucions universit\u00e0ries, \u00d2mnium cultural i l&#8217;ajuntament de Tortosa) se li organitz\u00e0 un magn\u00edfic acte literari en reconeixement a [&hellip;]<\/p>\n","protected":false},"author":1,"featured_media":5851,"comment_status":"open","ping_status":"closed","sticky":false,"template":"","format":"standard","meta":{"_bbp_topic_count":0,"_bbp_reply_count":0,"_bbp_total_topic_count":0,"_bbp_total_reply_count":0,"_bbp_voice_count":0,"_bbp_anonymous_reply_count":0,"_bbp_topic_count_hidden":0,"_bbp_reply_count_hidden":0,"_bbp_forum_subforum_count":0,"site-sidebar-layout":"default","site-content-layout":"","ast-site-content-layout":"","site-content-style":"default","site-sidebar-style":"default","ast-global-header-display":"","ast-banner-title-visibility":"","ast-main-header-display":"","ast-hfb-above-header-display":"","ast-hfb-below-header-display":"","ast-hfb-mobile-header-display":"","site-post-title":"","ast-breadcrumbs-content":"","ast-featured-img":"","footer-sml-layout":"","theme-transparent-header-meta":"","adv-header-id-meta":"","stick-header-meta":"","header-above-stick-meta":"","header-main-stick-meta":"","header-below-stick-meta":"","astra-migrate-meta-layouts":"default","ast-page-background-enabled":"default","ast-page-background-meta":{"desktop":{"background-color":"var(--ast-global-color-5)","background-image":"","background-repeat":"repeat","background-position":"center center","background-size":"auto","background-attachment":"scroll","background-type":"","background-media":"","overlay-type":"","overlay-color":"","overlay-opacity":"","overlay-gradient":""},"tablet":{"background-color":"","background-image":"","background-repeat":"repeat","background-position":"center center","background-size":"auto","background-attachment":"scroll","background-type":"","background-media":"","overlay-type":"","overlay-color":"","overlay-opacity":"","overlay-gradient":""},"mobile":{"background-color":"","background-image":"","background-repeat":"repeat","background-position":"center center","background-size":"auto","background-attachment":"scroll","background-type":"","background-media":"","overlay-type":"","overlay-color":"","overlay-opacity":"","overlay-gradient":""}},"ast-content-background-meta":{"desktop":{"background-color":"var(--ast-global-color-4)","background-image":"","background-repeat":"repeat","background-position":"center center","background-size":"auto","background-attachment":"scroll","background-type":"","background-media":"","overlay-type":"","overlay-color":"","overlay-opacity":"","overlay-gradient":""},"tablet":{"background-color":"var(--ast-global-color-4)","background-image":"","background-repeat":"repeat","background-position":"center center","background-size":"auto","background-attachment":"scroll","background-type":"","background-media":"","overlay-type":"","overlay-color":"","overlay-opacity":"","overlay-gradient":""},"mobile":{"background-color":"var(--ast-global-color-4)","background-image":"","background-repeat":"repeat","background-position":"center center","background-size":"auto","background-attachment":"scroll","background-type":"","background-media":"","overlay-type":"","overlay-color":"","overlay-opacity":"","overlay-gradient":""}},"footnotes":""},"categories":[85,29,191],"tags":[146],"class_list":["post-5849","post","type-post","status-publish","format-standard","has-post-thumbnail","hentry","category-activitats","category-portada","category-professorat","tag-manuel-perez-bonfill"],"post_mailing_queue_ids":[],"_links":{"self":[{"href":"https:\/\/agora.xtec.cat\/insdertosa\/wp-json\/wp\/v2\/posts\/5849","targetHints":{"allow":["GET"]}}],"collection":[{"href":"https:\/\/agora.xtec.cat\/insdertosa\/wp-json\/wp\/v2\/posts"}],"about":[{"href":"https:\/\/agora.xtec.cat\/insdertosa\/wp-json\/wp\/v2\/types\/post"}],"author":[{"embeddable":true,"href":"https:\/\/agora.xtec.cat\/insdertosa\/wp-json\/wp\/v2\/users\/1"}],"replies":[{"embeddable":true,"href":"https:\/\/agora.xtec.cat\/insdertosa\/wp-json\/wp\/v2\/comments?post=5849"}],"version-history":[{"count":1,"href":"https:\/\/agora.xtec.cat\/insdertosa\/wp-json\/wp\/v2\/posts\/5849\/revisions"}],"predecessor-version":[{"id":5854,"href":"https:\/\/agora.xtec.cat\/insdertosa\/wp-json\/wp\/v2\/posts\/5849\/revisions\/5854"}],"wp:featuredmedia":[{"embeddable":true,"href":"https:\/\/agora.xtec.cat\/insdertosa\/wp-json\/wp\/v2\/media\/5851"}],"wp:attachment":[{"href":"https:\/\/agora.xtec.cat\/insdertosa\/wp-json\/wp\/v2\/media?parent=5849"}],"wp:term":[{"taxonomy":"category","embeddable":true,"href":"https:\/\/agora.xtec.cat\/insdertosa\/wp-json\/wp\/v2\/categories?post=5849"},{"taxonomy":"post_tag","embeddable":true,"href":"https:\/\/agora.xtec.cat\/insdertosa\/wp-json\/wp\/v2\/tags?post=5849"}],"curies":[{"name":"wp","href":"https:\/\/api.w.org\/{rel}","templated":true}]}}