{"id":5384,"date":"2019-02-01T09:59:11","date_gmt":"2019-02-01T08:59:11","guid":{"rendered":"http:\/\/agora.xtec.cat\/insdertosa\/?p=5384"},"modified":"2019-02-01T13:47:01","modified_gmt":"2019-02-01T12:47:01","slug":"ruta-literaria-de-manuel-perez-bonfill","status":"publish","type":"post","link":"https:\/\/agora.xtec.cat\/insdertosa\/portada\/ruta-literaria-de-manuel-perez-bonfill\/","title":{"rendered":"Ruta liter\u00e0ria de Manuel P\u00e9rez Bonfill"},"content":{"rendered":"<p>Els alumnes de literatura catalana de 1r de batxillerat van prendre part a la Ruta liter\u00e0ria Manuel P\u00e9rez Bonfill durant la diada de Sant Tom\u00e0s. Acompanyats pels professors Pep Pinyol, del departament de llengua i literatura catalanes, i Emigdi Subirats (del departament de lleng\u00fces estrangeres) van apropar-se a la figura del gran intel\u00b7lectual i esriptor tortos\u00ed, emblema del nostre centre i traspassat al mes de juny de 2018. Van rec\u00f3rrer espais relacionats amb la seua vida, des del carrer de Cervantes al de Hemingway, passant per l&#8217;antiga escola de dansa de la seua esposa Anna Bel, per acabar la ruta a la biblioteca Marcel\u00b7l\u00ed Domingo, on van llegir alguns poemes acompanyats a la flauta.<\/p>\n<p><img loading=\"lazy\" decoding=\"async\" class=\"alignnone size-full wp-image-5385\" src=\"https:\/\/agora.xtec.cat\/insdertosa\/wp-content\/uploads\/usu144\/2019\/02\/IMG-20190125-WA0009.jpg\" alt=\"\" width=\"1600\" height=\"1200\" srcset=\"https:\/\/agora.xtec.cat\/insdertosa\/wp-content\/uploads\/usu144\/2019\/02\/IMG-20190125-WA0009.jpg 1600w, https:\/\/agora.xtec.cat\/insdertosa\/wp-content\/uploads\/usu144\/2019\/02\/IMG-20190125-WA0009-300x225.jpg 300w, https:\/\/agora.xtec.cat\/insdertosa\/wp-content\/uploads\/usu144\/2019\/02\/IMG-20190125-WA0009-768x576.jpg 768w, https:\/\/agora.xtec.cat\/insdertosa\/wp-content\/uploads\/usu144\/2019\/02\/IMG-20190125-WA0009-1024x768.jpg 1024w, https:\/\/agora.xtec.cat\/insdertosa\/wp-content\/uploads\/usu144\/2019\/02\/IMG-20190125-WA0009-200x150.jpg 200w\" sizes=\"auto, (max-width: 1600px) 100vw, 1600px\" \/> <img loading=\"lazy\" decoding=\"async\" class=\"alignnone size-full wp-image-5386\" src=\"https:\/\/agora.xtec.cat\/insdertosa\/wp-content\/uploads\/usu144\/2019\/02\/IMG-20190125-WA0010.jpg\" alt=\"\" width=\"1600\" height=\"1200\" srcset=\"https:\/\/agora.xtec.cat\/insdertosa\/wp-content\/uploads\/usu144\/2019\/02\/IMG-20190125-WA0010.jpg 1600w, https:\/\/agora.xtec.cat\/insdertosa\/wp-content\/uploads\/usu144\/2019\/02\/IMG-20190125-WA0010-300x225.jpg 300w, https:\/\/agora.xtec.cat\/insdertosa\/wp-content\/uploads\/usu144\/2019\/02\/IMG-20190125-WA0010-768x576.jpg 768w, https:\/\/agora.xtec.cat\/insdertosa\/wp-content\/uploads\/usu144\/2019\/02\/IMG-20190125-WA0010-1024x768.jpg 1024w, https:\/\/agora.xtec.cat\/insdertosa\/wp-content\/uploads\/usu144\/2019\/02\/IMG-20190125-WA0010-200x150.jpg 200w\" sizes=\"auto, (max-width: 1600px) 100vw, 1600px\" \/> <img loading=\"lazy\" decoding=\"async\" class=\"alignnone size-full wp-image-5387\" src=\"https:\/\/agora.xtec.cat\/insdertosa\/wp-content\/uploads\/usu144\/2019\/02\/IMG-20190125-WA0011.jpg\" alt=\"\" width=\"1600\" height=\"713\" srcset=\"https:\/\/agora.xtec.cat\/insdertosa\/wp-content\/uploads\/usu144\/2019\/02\/IMG-20190125-WA0011.jpg 1600w, https:\/\/agora.xtec.cat\/insdertosa\/wp-content\/uploads\/usu144\/2019\/02\/IMG-20190125-WA0011-300x134.jpg 300w, https:\/\/agora.xtec.cat\/insdertosa\/wp-content\/uploads\/usu144\/2019\/02\/IMG-20190125-WA0011-768x342.jpg 768w, https:\/\/agora.xtec.cat\/insdertosa\/wp-content\/uploads\/usu144\/2019\/02\/IMG-20190125-WA0011-1024x456.jpg 1024w\" sizes=\"auto, (max-width: 1600px) 100vw, 1600px\" \/><\/p>\n","protected":false},"excerpt":{"rendered":"<p>Els alumnes de literatura catalana de 1r de batxillerat van prendre part a la Ruta liter\u00e0ria Manuel P\u00e9rez Bonfill durant la diada de Sant Tom\u00e0s. Acompanyats pels professors Pep Pinyol, del departament de llengua i literatura catalanes, i Emigdi Subirats (del departament de lleng\u00fces estrangeres) van apropar-se a la figura del gran intel\u00b7lectual i esriptor [&hellip;]<\/p>\n","protected":false},"author":1,"featured_media":5386,"comment_status":"open","ping_status":"closed","sticky":false,"template":"","format":"standard","meta":{"_bbp_topic_count":0,"_bbp_reply_count":0,"_bbp_total_topic_count":0,"_bbp_total_reply_count":0,"_bbp_voice_count":0,"_bbp_anonymous_reply_count":0,"_bbp_topic_count_hidden":0,"_bbp_reply_count_hidden":0,"_bbp_forum_subforum_count":0,"site-sidebar-layout":"default","site-content-layout":"","ast-site-content-layout":"","site-content-style":"default","site-sidebar-style":"default","ast-global-header-display":"","ast-banner-title-visibility":"","ast-main-header-display":"","ast-hfb-above-header-display":"","ast-hfb-below-header-display":"","ast-hfb-mobile-header-display":"","site-post-title":"","ast-breadcrumbs-content":"","ast-featured-img":"","footer-sml-layout":"","theme-transparent-header-meta":"","adv-header-id-meta":"","stick-header-meta":"","header-above-stick-meta":"","header-main-stick-meta":"","header-below-stick-meta":"","astra-migrate-meta-layouts":"default","ast-page-background-enabled":"default","ast-page-background-meta":{"desktop":{"background-color":"var(--ast-global-color-5)","background-image":"","background-repeat":"repeat","background-position":"center center","background-size":"auto","background-attachment":"scroll","background-type":"","background-media":"","overlay-type":"","overlay-color":"","overlay-opacity":"","overlay-gradient":""},"tablet":{"background-color":"","background-image":"","background-repeat":"repeat","background-position":"center center","background-size":"auto","background-attachment":"scroll","background-type":"","background-media":"","overlay-type":"","overlay-color":"","overlay-opacity":"","overlay-gradient":""},"mobile":{"background-color":"","background-image":"","background-repeat":"repeat","background-position":"center center","background-size":"auto","background-attachment":"scroll","background-type":"","background-media":"","overlay-type":"","overlay-color":"","overlay-opacity":"","overlay-gradient":""}},"ast-content-background-meta":{"desktop":{"background-color":"var(--ast-global-color-4)","background-image":"","background-repeat":"repeat","background-position":"center center","background-size":"auto","background-attachment":"scroll","background-type":"","background-media":"","overlay-type":"","overlay-color":"","overlay-opacity":"","overlay-gradient":""},"tablet":{"background-color":"var(--ast-global-color-4)","background-image":"","background-repeat":"repeat","background-position":"center center","background-size":"auto","background-attachment":"scroll","background-type":"","background-media":"","overlay-type":"","overlay-color":"","overlay-opacity":"","overlay-gradient":""},"mobile":{"background-color":"var(--ast-global-color-4)","background-image":"","background-repeat":"repeat","background-position":"center center","background-size":"auto","background-attachment":"scroll","background-type":"","background-media":"","overlay-type":"","overlay-color":"","overlay-opacity":"","overlay-gradient":""}},"footnotes":""},"categories":[77,76,29,39],"tags":[87],"class_list":["post-5384","post","type-post","status-publish","format-standard","has-post-thumbnail","hentry","category-castellana","category-catala-departaments","category-portada","category-sortides","tag-sant-tomas"],"post_mailing_queue_ids":[],"_links":{"self":[{"href":"https:\/\/agora.xtec.cat\/insdertosa\/wp-json\/wp\/v2\/posts\/5384","targetHints":{"allow":["GET"]}}],"collection":[{"href":"https:\/\/agora.xtec.cat\/insdertosa\/wp-json\/wp\/v2\/posts"}],"about":[{"href":"https:\/\/agora.xtec.cat\/insdertosa\/wp-json\/wp\/v2\/types\/post"}],"author":[{"embeddable":true,"href":"https:\/\/agora.xtec.cat\/insdertosa\/wp-json\/wp\/v2\/users\/1"}],"replies":[{"embeddable":true,"href":"https:\/\/agora.xtec.cat\/insdertosa\/wp-json\/wp\/v2\/comments?post=5384"}],"version-history":[{"count":2,"href":"https:\/\/agora.xtec.cat\/insdertosa\/wp-json\/wp\/v2\/posts\/5384\/revisions"}],"predecessor-version":[{"id":5389,"href":"https:\/\/agora.xtec.cat\/insdertosa\/wp-json\/wp\/v2\/posts\/5384\/revisions\/5389"}],"wp:featuredmedia":[{"embeddable":true,"href":"https:\/\/agora.xtec.cat\/insdertosa\/wp-json\/wp\/v2\/media\/5386"}],"wp:attachment":[{"href":"https:\/\/agora.xtec.cat\/insdertosa\/wp-json\/wp\/v2\/media?parent=5384"}],"wp:term":[{"taxonomy":"category","embeddable":true,"href":"https:\/\/agora.xtec.cat\/insdertosa\/wp-json\/wp\/v2\/categories?post=5384"},{"taxonomy":"post_tag","embeddable":true,"href":"https:\/\/agora.xtec.cat\/insdertosa\/wp-json\/wp\/v2\/tags?post=5384"}],"curies":[{"name":"wp","href":"https:\/\/api.w.org\/{rel}","templated":true}]}}