{"id":4857,"date":"2018-05-14T20:51:26","date_gmt":"2018-05-14T18:51:26","guid":{"rendered":"http:\/\/agora.xtec.cat\/insdertosa\/?p=4857"},"modified":"2020-02-12T13:14:34","modified_gmt":"2020-02-12T12:14:34","slug":"participacio-de-lalumne-oriol-ologaray-al-programa-placa-major","status":"publish","type":"post","link":"https:\/\/agora.xtec.cat\/insdertosa\/centre\/eso\/eso-4\/participacio-de-lalumne-oriol-ologaray-al-programa-placa-major\/","title":{"rendered":"Participaci\u00f3 de l&#8217;alumne Oriol Ologaray al programa Pla\u00e7a Major"},"content":{"rendered":"<p>L&#8217;alumne Oriol Ologaray, de 4t ESO B, ha participat al programa Pla\u00e7a Major de Canal Terres de l&#8217;Ebre per tal de parlar de la seua experi\u00e8ncia a la 6a Edici\u00f3 del Tortosa English Festival. Va ser un dels guanyadors del S\u00e8nior Debate, conjuntament amb les alumnes Nat\u00e0lia Pinyol i Laura Or\u00e1a. Hi va participar conjuntament amb els guanyadors de les proves J\u00fanior Debate i English quiz, per a alumnes de primer cicle de secund\u00e0ria i per als de prim\u00e0ria.<\/p>\n<p><a href=\"https:\/\/canalte.xiptv.cat\/placa-major\/capitol\/placa-major-dimarts-8-de-maig#.WvncYydkOlt.blogger\">Pla\u00e7a Major. Dimarts 8 de maig<\/a>: Avui farem una valoraci\u00f3 del Tortosa Englis Festival amb alguns dels alumnes participants als debats i concursos organitzats a fi de practicar l&#8217;angl\u00e8s. Al plat\u00f3 del Pla\u00e7a Major tenim a Manu Zarza, estudiants de la URV i coordinador, Mireia Ruiz de l&#8217;escola Sagrada Fam\u00edlia de Tortosa, Pau Monfort de la Consolaci\u00f3, Oriol Ologaray de l&#8217;Institut Dertosa i Maria Lleix\u00e0 del campus URV TTE. A m\u00e9s us oferirem una c\u00e0psula de Mel M\u00faria i un avan\u00e7ament del Connecticat de la setmana amb Jaume Borja.<\/p>\n","protected":false},"excerpt":{"rendered":"<p>L&#8217;alumne Oriol Ologaray, de 4t ESO B, ha participat al programa Pla\u00e7a Major de Canal Terres de l&#8217;Ebre per tal de parlar de la seua experi\u00e8ncia a la 6a Edici\u00f3 del Tortosa English Festival. Va ser un dels guanyadors del S\u00e8nior Debate, conjuntament amb les alumnes Nat\u00e0lia Pinyol i Laura Or\u00e1a. Hi va participar conjuntament [&hellip;]<\/p>\n","protected":false},"author":1,"featured_media":0,"comment_status":"open","ping_status":"closed","sticky":false,"template":"","format":"standard","meta":{"_bbp_topic_count":0,"_bbp_reply_count":0,"_bbp_total_topic_count":0,"_bbp_total_reply_count":0,"_bbp_voice_count":0,"_bbp_anonymous_reply_count":0,"_bbp_topic_count_hidden":0,"_bbp_reply_count_hidden":0,"_bbp_forum_subforum_count":0,"site-sidebar-layout":"default","site-content-layout":"","ast-site-content-layout":"","site-content-style":"default","site-sidebar-style":"default","ast-global-header-display":"","ast-banner-title-visibility":"","ast-main-header-display":"","ast-hfb-above-header-display":"","ast-hfb-below-header-display":"","ast-hfb-mobile-header-display":"","site-post-title":"","ast-breadcrumbs-content":"","ast-featured-img":"","footer-sml-layout":"","theme-transparent-header-meta":"","adv-header-id-meta":"","stick-header-meta":"","header-above-stick-meta":"","header-main-stick-meta":"","header-below-stick-meta":"","astra-migrate-meta-layouts":"default","ast-page-background-enabled":"default","ast-page-background-meta":{"desktop":{"background-color":"var(--ast-global-color-5)","background-image":"","background-repeat":"repeat","background-position":"center center","background-size":"auto","background-attachment":"scroll","background-type":"","background-media":"","overlay-type":"","overlay-color":"","overlay-opacity":"","overlay-gradient":""},"tablet":{"background-color":"","background-image":"","background-repeat":"repeat","background-position":"center center","background-size":"auto","background-attachment":"scroll","background-type":"","background-media":"","overlay-type":"","overlay-color":"","overlay-opacity":"","overlay-gradient":""},"mobile":{"background-color":"","background-image":"","background-repeat":"repeat","background-position":"center center","background-size":"auto","background-attachment":"scroll","background-type":"","background-media":"","overlay-type":"","overlay-color":"","overlay-opacity":"","overlay-gradient":""}},"ast-content-background-meta":{"desktop":{"background-color":"var(--ast-global-color-4)","background-image":"","background-repeat":"repeat","background-position":"center center","background-size":"auto","background-attachment":"scroll","background-type":"","background-media":"","overlay-type":"","overlay-color":"","overlay-opacity":"","overlay-gradient":""},"tablet":{"background-color":"var(--ast-global-color-4)","background-image":"","background-repeat":"repeat","background-position":"center center","background-size":"auto","background-attachment":"scroll","background-type":"","background-media":"","overlay-type":"","overlay-color":"","overlay-opacity":"","overlay-gradient":""},"mobile":{"background-color":"var(--ast-global-color-4)","background-image":"","background-repeat":"repeat","background-position":"center center","background-size":"auto","background-attachment":"scroll","background-type":"","background-media":"","overlay-type":"","overlay-color":"","overlay-opacity":"","overlay-gradient":""}},"footnotes":""},"categories":[7,123,78,29],"tags":[120,172],"class_list":["post-4857","post","type-post","status-publish","format-standard","hentry","category-eso-4","category-linstitut-als-medis","category-estrangeres","category-portada","tag-emigdi-subirats","tag-english-festival"],"post_mailing_queue_ids":[],"_links":{"self":[{"href":"https:\/\/agora.xtec.cat\/insdertosa\/wp-json\/wp\/v2\/posts\/4857","targetHints":{"allow":["GET"]}}],"collection":[{"href":"https:\/\/agora.xtec.cat\/insdertosa\/wp-json\/wp\/v2\/posts"}],"about":[{"href":"https:\/\/agora.xtec.cat\/insdertosa\/wp-json\/wp\/v2\/types\/post"}],"author":[{"embeddable":true,"href":"https:\/\/agora.xtec.cat\/insdertosa\/wp-json\/wp\/v2\/users\/1"}],"replies":[{"embeddable":true,"href":"https:\/\/agora.xtec.cat\/insdertosa\/wp-json\/wp\/v2\/comments?post=4857"}],"version-history":[{"count":2,"href":"https:\/\/agora.xtec.cat\/insdertosa\/wp-json\/wp\/v2\/posts\/4857\/revisions"}],"predecessor-version":[{"id":4859,"href":"https:\/\/agora.xtec.cat\/insdertosa\/wp-json\/wp\/v2\/posts\/4857\/revisions\/4859"}],"wp:attachment":[{"href":"https:\/\/agora.xtec.cat\/insdertosa\/wp-json\/wp\/v2\/media?parent=4857"}],"wp:term":[{"taxonomy":"category","embeddable":true,"href":"https:\/\/agora.xtec.cat\/insdertosa\/wp-json\/wp\/v2\/categories?post=4857"},{"taxonomy":"post_tag","embeddable":true,"href":"https:\/\/agora.xtec.cat\/insdertosa\/wp-json\/wp\/v2\/tags?post=4857"}],"curies":[{"name":"wp","href":"https:\/\/api.w.org\/{rel}","templated":true}]}}