{"id":4756,"date":"2018-04-19T10:29:59","date_gmt":"2018-04-19T08:29:59","guid":{"rendered":"http:\/\/agora.xtec.cat\/insdertosa\/?p=4756"},"modified":"2018-04-20T13:05:59","modified_gmt":"2018-04-20T11:05:59","slug":"charla-con-la-escritora-cristina-fernandez-cubad","status":"publish","type":"post","link":"https:\/\/agora.xtec.cat\/insdertosa\/portada\/charla-con-la-escritora-cristina-fernandez-cubad\/","title":{"rendered":"Charla  con la escritora Cristina Fern\u00e1ndez Cubas"},"content":{"rendered":"<p>El pasado martes 27 de marzo los alumnos de 2\u00b0 de bachilerato human\u00edstico, acompa\u00f1ados por las profesoras Beatriz Mart\u00ednez y Silvia Garc\u00eda, asistieron a la conferencia y charla\u00a0 con la escritora Cristina Fern\u00e1ndez Cubas en la Facultad de Filolog\u00eda Hisp\u00e1nica. Los alumnos han valorado muy positivamente el encuentro con una autora cuya obra est\u00e1 en su programa. Tanto es as\u00ed que les hubiera gustado que la charla se alargara m\u00e1s. Consideran que este tipo de evento es enriquecedor para ellos.<\/p>\n<p><img loading=\"lazy\" decoding=\"async\" class=\"alignnone wp-image-4757\" src=\"http:\/\/agora.xtec.cat\/insdertosa\/wp-content\/uploads\/usu144\/2018\/04\/IMG_4796.jpg\" alt=\"\" width=\"405\" height=\"720\" srcset=\"https:\/\/agora.xtec.cat\/insdertosa\/wp-content\/uploads\/usu144\/2018\/04\/IMG_4796.jpg 750w, https:\/\/agora.xtec.cat\/insdertosa\/wp-content\/uploads\/usu144\/2018\/04\/IMG_4796-169x300.jpg 169w, https:\/\/agora.xtec.cat\/insdertosa\/wp-content\/uploads\/usu144\/2018\/04\/IMG_4796-576x1024.jpg 576w\" sizes=\"auto, (max-width: 405px) 100vw, 405px\" \/> <img loading=\"lazy\" decoding=\"async\" class=\"alignnone wp-image-4758\" src=\"http:\/\/agora.xtec.cat\/insdertosa\/wp-content\/uploads\/usu144\/2018\/04\/IMG_4792-e1524126478260.jpg\" alt=\"\" width=\"407\" height=\"543\" srcset=\"https:\/\/agora.xtec.cat\/insdertosa\/wp-content\/uploads\/usu144\/2018\/04\/IMG_4792-e1524126478260.jpg 2448w, https:\/\/agora.xtec.cat\/insdertosa\/wp-content\/uploads\/usu144\/2018\/04\/IMG_4792-e1524126478260-225x300.jpg 225w, https:\/\/agora.xtec.cat\/insdertosa\/wp-content\/uploads\/usu144\/2018\/04\/IMG_4792-e1524126478260-768x1024.jpg 768w\" sizes=\"auto, (max-width: 407px) 100vw, 407px\" \/> <img loading=\"lazy\" decoding=\"async\" class=\"alignnone wp-image-4759\" src=\"http:\/\/agora.xtec.cat\/insdertosa\/wp-content\/uploads\/usu144\/2018\/04\/IMG_4793-e1524126494516.jpg\" alt=\"\" width=\"407\" height=\"543\" srcset=\"https:\/\/agora.xtec.cat\/insdertosa\/wp-content\/uploads\/usu144\/2018\/04\/IMG_4793-e1524126494516.jpg 2448w, https:\/\/agora.xtec.cat\/insdertosa\/wp-content\/uploads\/usu144\/2018\/04\/IMG_4793-e1524126494516-225x300.jpg 225w, https:\/\/agora.xtec.cat\/insdertosa\/wp-content\/uploads\/usu144\/2018\/04\/IMG_4793-e1524126494516-768x1024.jpg 768w\" sizes=\"auto, (max-width: 407px) 100vw, 407px\" \/><\/p>\n","protected":false},"excerpt":{"rendered":"<p>El pasado martes 27 de marzo los alumnos de 2\u00b0 de bachilerato human\u00edstico, acompa\u00f1ados por las profesoras Beatriz Mart\u00ednez y Silvia Garc\u00eda, asistieron a la conferencia y charla\u00a0 con la escritora Cristina Fern\u00e1ndez Cubas en la Facultad de Filolog\u00eda Hisp\u00e1nica. Los alumnos han valorado muy positivamente el encuentro con una autora cuya obra est\u00e1 en [&hellip;]<\/p>\n","protected":false},"author":1,"featured_media":4762,"comment_status":"open","ping_status":"closed","sticky":false,"template":"","format":"standard","meta":{"_bbp_topic_count":0,"_bbp_reply_count":0,"_bbp_total_topic_count":0,"_bbp_total_reply_count":0,"_bbp_voice_count":0,"_bbp_anonymous_reply_count":0,"_bbp_topic_count_hidden":0,"_bbp_reply_count_hidden":0,"_bbp_forum_subforum_count":0,"site-sidebar-layout":"default","site-content-layout":"","ast-site-content-layout":"","site-content-style":"default","site-sidebar-style":"default","ast-global-header-display":"","ast-banner-title-visibility":"","ast-main-header-display":"","ast-hfb-above-header-display":"","ast-hfb-below-header-display":"","ast-hfb-mobile-header-display":"","site-post-title":"","ast-breadcrumbs-content":"","ast-featured-img":"","footer-sml-layout":"","theme-transparent-header-meta":"","adv-header-id-meta":"","stick-header-meta":"","header-above-stick-meta":"","header-main-stick-meta":"","header-below-stick-meta":"","astra-migrate-meta-layouts":"default","ast-page-background-enabled":"default","ast-page-background-meta":{"desktop":{"background-color":"var(--ast-global-color-5)","background-image":"","background-repeat":"repeat","background-position":"center center","background-size":"auto","background-attachment":"scroll","background-type":"","background-media":"","overlay-type":"","overlay-color":"","overlay-opacity":"","overlay-gradient":""},"tablet":{"background-color":"","background-image":"","background-repeat":"repeat","background-position":"center center","background-size":"auto","background-attachment":"scroll","background-type":"","background-media":"","overlay-type":"","overlay-color":"","overlay-opacity":"","overlay-gradient":""},"mobile":{"background-color":"","background-image":"","background-repeat":"repeat","background-position":"center center","background-size":"auto","background-attachment":"scroll","background-type":"","background-media":"","overlay-type":"","overlay-color":"","overlay-opacity":"","overlay-gradient":""}},"ast-content-background-meta":{"desktop":{"background-color":"var(--ast-global-color-4)","background-image":"","background-repeat":"repeat","background-position":"center center","background-size":"auto","background-attachment":"scroll","background-type":"","background-media":"","overlay-type":"","overlay-color":"","overlay-opacity":"","overlay-gradient":""},"tablet":{"background-color":"var(--ast-global-color-4)","background-image":"","background-repeat":"repeat","background-position":"center center","background-size":"auto","background-attachment":"scroll","background-type":"","background-media":"","overlay-type":"","overlay-color":"","overlay-opacity":"","overlay-gradient":""},"mobile":{"background-color":"var(--ast-global-color-4)","background-image":"","background-repeat":"repeat","background-position":"center center","background-size":"auto","background-attachment":"scroll","background-type":"","background-media":"","overlay-type":"","overlay-color":"","overlay-opacity":"","overlay-gradient":""}},"footnotes":""},"categories":[85,77,29,39],"tags":[],"class_list":["post-4756","post","type-post","status-publish","format-standard","has-post-thumbnail","hentry","category-activitats","category-castellana","category-portada","category-sortides"],"post_mailing_queue_ids":[],"_links":{"self":[{"href":"https:\/\/agora.xtec.cat\/insdertosa\/wp-json\/wp\/v2\/posts\/4756","targetHints":{"allow":["GET"]}}],"collection":[{"href":"https:\/\/agora.xtec.cat\/insdertosa\/wp-json\/wp\/v2\/posts"}],"about":[{"href":"https:\/\/agora.xtec.cat\/insdertosa\/wp-json\/wp\/v2\/types\/post"}],"author":[{"embeddable":true,"href":"https:\/\/agora.xtec.cat\/insdertosa\/wp-json\/wp\/v2\/users\/1"}],"replies":[{"embeddable":true,"href":"https:\/\/agora.xtec.cat\/insdertosa\/wp-json\/wp\/v2\/comments?post=4756"}],"version-history":[{"count":2,"href":"https:\/\/agora.xtec.cat\/insdertosa\/wp-json\/wp\/v2\/posts\/4756\/revisions"}],"predecessor-version":[{"id":4778,"href":"https:\/\/agora.xtec.cat\/insdertosa\/wp-json\/wp\/v2\/posts\/4756\/revisions\/4778"}],"wp:featuredmedia":[{"embeddable":true,"href":"https:\/\/agora.xtec.cat\/insdertosa\/wp-json\/wp\/v2\/media\/4762"}],"wp:attachment":[{"href":"https:\/\/agora.xtec.cat\/insdertosa\/wp-json\/wp\/v2\/media?parent=4756"}],"wp:term":[{"taxonomy":"category","embeddable":true,"href":"https:\/\/agora.xtec.cat\/insdertosa\/wp-json\/wp\/v2\/categories?post=4756"},{"taxonomy":"post_tag","embeddable":true,"href":"https:\/\/agora.xtec.cat\/insdertosa\/wp-json\/wp\/v2\/tags?post=4756"}],"curies":[{"name":"wp","href":"https:\/\/api.w.org\/{rel}","templated":true}]}}